{"id":82541,"date":"2026-03-13T11:24:43","date_gmt":"2026-03-13T10:24:43","guid":{"rendered":"https:\/\/miradordeatarfe.es\/?p=82541"},"modified":"2026-03-09T17:12:32","modified_gmt":"2026-03-09T16:12:32","slug":"atarfe-marea-morada-por-sierra-elvira","status":"publish","type":"post","link":"https:\/\/miradordeatarfe.es\/?p=82541","title":{"rendered":"ATARFE: Marea Morada por Sierra Elvira"},"content":{"rendered":"<p>El pr\u00f3ximo 15 de marzo te invitamos a caminar juntas\/os en una ruta muy especial por nuestra sierra. Una jornada abierta a todas las personas que quieran sumarse a esta marea morada en la naturaleza, dentro de la programaci\u00f3n del 8M.<\/p>\n<p><strong>Salida desde El Lago<\/strong><br \/>\n<strong>Ruta local de aprox. 6 km, con poco desnivel y nivel moderado<\/strong><br \/>\n<strong>Duraci\u00f3n estimada: 2 horas<\/strong><\/p>\n<p>Recorreremos algunos de los rincones m\u00e1s bonitos de Sierra Elvira, recordando que la igualdad tambi\u00e9n se construye paso a paso. Porque sembrar igualdad hoy es recoger una sociedad mejor ma\u00f1ana.<\/p>\n<p>Actividad en colaboraci\u00f3n con el Club de Senderismo El Castillejo, con las gu\u00edas Tatiana Fern\u00e1ndez y M\u00aa Francisca Cobos.<\/p>\n<p>Inscripciones:<br \/>\nCentro Cultural Medina Elvira<br \/>\n958 439 697<\/p>\n<p>Ven a formar parte de esta marea morada por nuestra sierra.<\/p>\n<p><img data-recalc-dims=\"1\" loading=\"lazy\" decoding=\"async\" class=\"alignnone wp-image-82542 size-full\" src=\"https:\/\/i0.wp.com\/miradordeatarfe.es\/wp-content\/uploads\/2026\/03\/ruta-morada-sierra-elvira.jpg?resize=640%2C1138&#038;ssl=1\" alt=\"\" width=\"640\" height=\"1138\" srcset=\"https:\/\/i0.wp.com\/miradordeatarfe.es\/wp-content\/uploads\/2026\/03\/ruta-morada-sierra-elvira.jpg?w=1080&amp;ssl=1 1080w, https:\/\/i0.wp.com\/miradordeatarfe.es\/wp-content\/uploads\/2026\/03\/ruta-morada-sierra-elvira.jpg?resize=169%2C300&amp;ssl=1 169w, https:\/\/i0.wp.com\/miradordeatarfe.es\/wp-content\/uploads\/2026\/03\/ruta-morada-sierra-elvira.jpg?resize=576%2C1024&amp;ssl=1 576w, https:\/\/i0.wp.com\/miradordeatarfe.es\/wp-content\/uploads\/2026\/03\/ruta-morada-sierra-elvira.jpg?resize=768%2C1365&amp;ssl=1 768w, https:\/\/i0.wp.com\/miradordeatarfe.es\/wp-content\/uploads\/2026\/03\/ruta-morada-sierra-elvira.jpg?resize=864%2C1536&amp;ssl=1 864w, https:\/\/i0.wp.com\/miradordeatarfe.es\/wp-content\/uploads\/2026\/03\/ruta-morada-sierra-elvira.jpg?resize=1024%2C1820&amp;ssl=1 1024w\" sizes=\"auto, (max-width: 640px) 100vw, 640px\" \/><\/p>\n","protected":false},"excerpt":{"rendered":"<p>El pr\u00f3ximo 15 de marzo te invitamos a caminar juntas\/os en una ruta muy especial&#8230;<\/p>\n","protected":false},"author":1,"featured_media":82543,"comment_status":"closed","ping_status":"closed","sticky":false,"template":"","format":"standard","meta":{"_coblocks_attr":"","_coblocks_dimensions":"","_coblocks_responsive_height":"","_coblocks_accordion_ie_support":"","jetpack_post_was_ever_published":false,"_jetpack_newsletter_access":"","_jetpack_dont_email_post_to_subs":false,"_jetpack_newsletter_tier_id":0,"_jetpack_memberships_contains_paywalled_content":false,"_jetpack_memberships_contains_paid_content":false,"footnotes":"","jetpack_publicize_message":"","jetpack_publicize_feature_enabled":true,"jetpack_social_post_already_shared":true,"jetpack_social_options":{"image_generator_settings":{"template":"highway","default_image_id":0,"enabled":false},"version":2}},"categories":[12,1161,186,44],"tags":[],"class_list":["post-82541","post","type-post","status-publish","format-standard","has-post-thumbnail","hentry","category-cultura","category-ciudadania","category-instituciones","category-noticias-de-hoy"],"jetpack_publicize_connections":[],"jetpack_featured_media_url":"https:\/\/i0.wp.com\/miradordeatarfe.es\/wp-content\/uploads\/2026\/03\/bajada-sierra-elvira.jpg?fit=1024%2C625&ssl=1","jetpack_likes_enabled":true,"jetpack_sharing_enabled":true,"_links":{"self":[{"href":"https:\/\/miradordeatarfe.es\/index.php?rest_route=\/wp\/v2\/posts\/82541","targetHints":{"allow":["GET"]}}],"collection":[{"href":"https:\/\/miradordeatarfe.es\/index.php?rest_route=\/wp\/v2\/posts"}],"about":[{"href":"https:\/\/miradordeatarfe.es\/index.php?rest_route=\/wp\/v2\/types\/post"}],"author":[{"embeddable":true,"href":"https:\/\/miradordeatarfe.es\/index.php?rest_route=\/wp\/v2\/users\/1"}],"replies":[{"embeddable":true,"href":"https:\/\/miradordeatarfe.es\/index.php?rest_route=%2Fwp%2Fv2%2Fcomments&post=82541"}],"version-history":[{"count":1,"href":"https:\/\/miradordeatarfe.es\/index.php?rest_route=\/wp\/v2\/posts\/82541\/revisions"}],"predecessor-version":[{"id":82544,"href":"https:\/\/miradordeatarfe.es\/index.php?rest_route=\/wp\/v2\/posts\/82541\/revisions\/82544"}],"wp:featuredmedia":[{"embeddable":true,"href":"https:\/\/miradordeatarfe.es\/index.php?rest_route=\/wp\/v2\/media\/82543"}],"wp:attachment":[{"href":"https:\/\/miradordeatarfe.es\/index.php?rest_route=%2Fwp%2Fv2%2Fmedia&parent=82541"}],"wp:term":[{"taxonomy":"category","embeddable":true,"href":"https:\/\/miradordeatarfe.es\/index.php?rest_route=%2Fwp%2Fv2%2Fcategories&post=82541"},{"taxonomy":"post_tag","embeddable":true,"href":"https:\/\/miradordeatarfe.es\/index.php?rest_route=%2Fwp%2Fv2%2Ftags&post=82541"}],"curies":[{"name":"wp","href":"https:\/\/api.w.org\/{rel}","templated":true}]}}