{"id":82545,"date":"2026-03-13T08:30:35","date_gmt":"2026-03-13T07:30:35","guid":{"rendered":"https:\/\/miradordeatarfe.es\/?p=82545"},"modified":"2026-03-13T12:46:01","modified_gmt":"2026-03-13T11:46:01","slug":"el-falso-desastre-ambiental-de-las-placas-solares-3","status":"publish","type":"post","link":"https:\/\/miradordeatarfe.es\/?p=82545","title":{"rendered":"El falso desastre ambiental de las placas solares"},"content":{"rendered":"<h3 style=\"text-align: justify;\">En los \u00faltimos d\u00edas, han aparecido diversos art\u00edculos en medios que se\u00f1alan a las placas solares como una supuesta bomba de efecto retardado\u00a0<\/h3>\n<p style=\"text-align: justify;\">Un \u201cecodesastre en espera\u201d, \u201cuna cat\u00e1strofe ecol\u00f3gica desconocida y gigantesca\u201d, \u201cun desastre ambiental\u201d del que \u201cnadie habla\u201d. En los \u00faltimos d\u00edas, han aparecido diversos art\u00edculos en medios que se\u00f1alan a las placas solares como una supuesta bomba de efecto retardado que estallar\u00e1 cuando dentro de unos a\u00f1os se conviertan en residuos todos los paneles que se est\u00e1n colocando ahora. Esta hip\u00f3tesis es falsa por exagerada. \u00bfDe d\u00f3nde sale esta repentina alarma por las placas solares como residuo? El t\u00e9rmino \u201ceco-disaster\u201d aparece primero <a href=\"https:\/\/www.bbc.com\/news\/science-environment-65602519\" data-link-track-dtm=\"\" data-mrf-link=\"https:\/\/www.bbc.com\/news\/science-environment-65602519\">en un art\u00edculo en ingl\u00e9s de la BBC<\/a> del que luego derivan diversas <a href=\"https:\/\/www.tiempo.com\/noticias\/actualidad\/los-paneles-solares-pueden-causar-una-catastrofe-ecologica-desconocida-y-gigantesca.html\" data-link-track-dtm=\"\" data-mrf-link=\"https:\/\/www.tiempo.com\/noticias\/actualidad\/los-paneles-solares-pueden-causar-una-catastrofe-ecologica-desconocida-y-gigantesca.html\">versiones en espa\u00f1ol <\/a>y en todas estas publicaciones citan como principal fuente a Rong Deng, de la Universidad de Nueva Gales del Sur, en S\u00eddney (Australia), que ha calculado que actualmente hay alrededor de 2.500 millones de paneles solares en todo el mundo. En alguno de los art\u00edculos en espa\u00f1ol se asegura tambi\u00e9n que se trata de <a href=\"https:\/\/www.eleconomista.es\/energia\/noticias\/12327031\/06\/23\/los-placas-solares-podrian-causar-un-desastre-ambiental-el-inconveniente-del-que-nadie-habla-.html\" data-link-track-dtm=\"\" data-mrf-link=\"https:\/\/www.eleconomista.es\/energia\/noticias\/12327031\/06\/23\/los-placas-solares-podrian-causar-un-desastre-ambiental-el-inconveniente-del-que-nadie-habla-.html\">un doctor experto en reciclaje de paneles solares<\/a>. Sin embargo, en realidad ella es una investigadora y no est\u00e1 de acuerdo con esta visi\u00f3n catastr\u00f3fica.<\/p>\n<div class=\"a_de_txt\">\n<p style=\"text-align: justify;\">\u201cYo nunca he usado estas palabras tan fuertes, la energ\u00eda solar no es ning\u00fan ecodesastre\u201d, se queja Deng por tel\u00e9fono desde Australia. \u201cNecesitamos nuevas soluciones para gestionar los paneles solares una vez que termine su vida \u00fatil o sean reemplazados, pero esto ni siquiera se aproxima a un desastre, es simplemente un problema que necesitamos resolver\u201d. Seg\u00fan <a href=\"https:\/\/newsroom.unsw.edu.au\/news\/science-tech\/repair-reuse-and-recycle-dealing-solar-panels-end-their-useful-life\" data-link-track-dtm=\"\" data-mrf-link=\"https:\/\/newsroom.unsw.edu.au\/news\/science-tech\/repair-reuse-and-recycle-dealing-solar-panels-end-their-useful-life\">el trabajo de esta investigadora<\/a>, m\u00e1s del 95% de los materiales utilizados para fabricar un panel solar pueden ser reciclados, siendo las partes m\u00e1s valiosas el silicio, el aluminio o la plata. Sin embargo, como recalca Deng, los sistemas utilizados en la actualidad deben ser mejorados para aumentar el aprovechamiento de estos materiales y evitar que metales valiosos acaben en el vertedero.<\/p>\n<p style=\"text-align: justify;\">Clemente \u00c1lvarez<\/p>\n<figure class=\"a_m a_de_m a_m-h \"><figcaption class=\"a_m_p a_de_m_p\" aria-hidden=\"true\">FOTO: Un operario monta unas placas en un tejado.<span class=\"a_m_m a_de_m_m\">Reuters<\/span><\/figcaption><\/figure>\n<div class=\"a_de_txt\">\n<div class=\"a_de_a\">https:\/\/elpais.com\/clima-y-medio-ambiente\/2025-09-27\/detector-de-bulos-ambientales-no-los-biocombustibles-no-son-verdes-ni-100-renovables.html<\/div>\n<\/div>\n<\/div>\n","protected":false},"excerpt":{"rendered":"<p>En los \u00faltimos d\u00edas, han aparecido diversos art\u00edculos en medios que se\u00f1alan a las placas&#8230;<\/p>\n","protected":false},"author":1,"featured_media":82546,"comment_status":"closed","ping_status":"closed","sticky":false,"template":"","format":"standard","meta":{"_coblocks_attr":"","_coblocks_dimensions":"","_coblocks_responsive_height":"","_coblocks_accordion_ie_support":"","jetpack_post_was_ever_published":false,"_jetpack_newsletter_access":"","_jetpack_dont_email_post_to_subs":false,"_jetpack_newsletter_tier_id":0,"_jetpack_memberships_contains_paywalled_content":false,"_jetpack_memberships_contains_paid_content":false,"footnotes":"","jetpack_publicize_message":"","jetpack_publicize_feature_enabled":true,"jetpack_social_post_already_shared":true,"jetpack_social_options":{"image_generator_settings":{"template":"highway","default_image_id":0,"enabled":false},"version":2}},"categories":[7725,1161,186,9,44,1],"tags":[],"class_list":["post-82545","post","type-post","status-publish","format-standard","has-post-thumbnail","hentry","category-atarfe-sostenible","category-ciudadania","category-instituciones","category-medio-ambiente","category-noticias-de-hoy","category-uncategorized"],"jetpack_publicize_connections":[],"jetpack_featured_media_url":"https:\/\/i0.wp.com\/miradordeatarfe.es\/wp-content\/uploads\/2026\/03\/3UDPZPY7KJKNNH4YIOFEYNP654.jpg?fit=664%2C320&ssl=1","jetpack_likes_enabled":true,"jetpack_sharing_enabled":true,"_links":{"self":[{"href":"https:\/\/miradordeatarfe.es\/index.php?rest_route=\/wp\/v2\/posts\/82545","targetHints":{"allow":["GET"]}}],"collection":[{"href":"https:\/\/miradordeatarfe.es\/index.php?rest_route=\/wp\/v2\/posts"}],"about":[{"href":"https:\/\/miradordeatarfe.es\/index.php?rest_route=\/wp\/v2\/types\/post"}],"author":[{"embeddable":true,"href":"https:\/\/miradordeatarfe.es\/index.php?rest_route=\/wp\/v2\/users\/1"}],"replies":[{"embeddable":true,"href":"https:\/\/miradordeatarfe.es\/index.php?rest_route=%2Fwp%2Fv2%2Fcomments&post=82545"}],"version-history":[{"count":1,"href":"https:\/\/miradordeatarfe.es\/index.php?rest_route=\/wp\/v2\/posts\/82545\/revisions"}],"predecessor-version":[{"id":82547,"href":"https:\/\/miradordeatarfe.es\/index.php?rest_route=\/wp\/v2\/posts\/82545\/revisions\/82547"}],"wp:featuredmedia":[{"embeddable":true,"href":"https:\/\/miradordeatarfe.es\/index.php?rest_route=\/wp\/v2\/media\/82546"}],"wp:attachment":[{"href":"https:\/\/miradordeatarfe.es\/index.php?rest_route=%2Fwp%2Fv2%2Fmedia&parent=82545"}],"wp:term":[{"taxonomy":"category","embeddable":true,"href":"https:\/\/miradordeatarfe.es\/index.php?rest_route=%2Fwp%2Fv2%2Fcategories&post=82545"},{"taxonomy":"post_tag","embeddable":true,"href":"https:\/\/miradordeatarfe.es\/index.php?rest_route=%2Fwp%2Fv2%2Ftags&post=82545"}],"curies":[{"name":"wp","href":"https:\/\/api.w.org\/{rel}","templated":true}]}}