{"id":82561,"date":"2026-03-12T08:36:10","date_gmt":"2026-03-12T07:36:10","guid":{"rendered":"https:\/\/miradordeatarfe.es\/?p=82561"},"modified":"2026-03-11T14:31:57","modified_gmt":"2026-03-11T13:31:57","slug":"como-fomentar-que-las-ninas-sigan-su-pasion-por-la-ciencia-tres-expertas-responden","status":"publish","type":"post","link":"https:\/\/miradordeatarfe.es\/?p=82561","title":{"rendered":"C\u00f3mo fomentar que las ni\u00f1as sigan su pasi\u00f3n por la ciencia: tres expertas responden"},"content":{"rendered":"<h3 style=\"text-align: justify;\">El problema no est\u00e1 en ellas, sino en el ecosistema educativo, cultural y simb\u00f3lico en el que crecen. Una metodolog\u00eda participativa, evaluaciones que no castiguen el error y una formaci\u00f3n docente sensible a la perspectiva de g\u00e9nero pueden amortiguar desigualdades<\/h3>\n<p class=\"\" style=\"text-align: justify;\">En el <a title=\"https:\/\/www.unesco.org\/es\/days\/women-girls-science\" href=\"https:\/\/www.unesco.org\/es\/days\/women-girls-science\" target=\"_blank\" rel=\"noopener noreferrer\" data-link-track-dtm=\"\" data-mrf-link=\"https:\/\/www.unesco.org\/es\/days\/women-girls-science\">D\u00eda Internacional de la Mujer y la Ni\u00f1a en la Ciencia<\/a>, celebrado cada 11 de febrero desde su proclamaci\u00f3n por la Asamblea General de las Naciones Unidas en 2015 con el objetivo de lograr su acceso pleno y equitativo en la ciencia, reaparece la misma pregunta, formulada casi siempre con buena intenci\u00f3n: \u00bf<a title=\"https:\/\/elpais.com\/mamas-papas\/2021-02-11\/no-se-trata-de-forzar-a-las-ninas-a-estudiar-una-carrera-cientifica-sino-de-que-sepan-que-pueden-cursarla.html\" href=\"https:\/\/elpais.com\/mamas-papas\/2021-02-11\/no-se-trata-de-forzar-a-las-ninas-a-estudiar-una-carrera-cientifica-sino-de-que-sepan-que-pueden-cursarla.html\" target=\"_self\" rel=\"\" data-link-track-dtm=\"\" data-mrf-link=\"https:\/\/elpais.com\/mamas-papas\/2021-02-11\/no-se-trata-de-forzar-a-las-ninas-a-estudiar-una-carrera-cientifica-sino-de-que-sepan-que-pueden-cursarla.html\">c\u00f3mo conseguimos que a las ni\u00f1as<\/a> les gusten m\u00e1s las ciencias? El planteamiento parece inocente, pero encierra una trampa: parte de la idea de que existe un desinter\u00e9s femenino de origen y que, por tanto, hay algo que activar en ellas. Pero cada vez m\u00e1s expertas coinciden en que el problema no est\u00e1 en ellas, en las peque\u00f1as, <a title=\"https:\/\/elpais.com\/elpais\/2019\/02\/10\/ciencia\/1549790650_356604.html\" href=\"https:\/\/elpais.com\/elpais\/2019\/02\/10\/ciencia\/1549790650_356604.html\" target=\"_self\" rel=\"\" data-link-track-dtm=\"\" data-mrf-link=\"https:\/\/elpais.com\/elpais\/2019\/02\/10\/ciencia\/1549790650_356604.html\">sino en el ecosistema educativo<\/a>, cultural y simb\u00f3lico en el que crecen.<\/p>\n<p class=\"\" style=\"text-align: justify;\">\u201cA las ni\u00f1as les interesan<a title=\"https:\/\/elpais.com\/elpais\/2019\/02\/11\/mamas_papas\/1549873328_249440.html\" href=\"https:\/\/elpais.com\/elpais\/2019\/02\/11\/mamas_papas\/1549873328_249440.html\" target=\"_self\" rel=\"\" data-link-track-dtm=\"\" data-mrf-link=\"https:\/\/elpais.com\/elpais\/2019\/02\/11\/mamas_papas\/1549873328_249440.html\"> las ciencias de forma natural<\/a>. El problema no es la falta de inter\u00e9s, sino el contexto educativo y cultural que, poco a poco, les va enviando el mensaje de que quiz\u00e1 no son las m\u00e1s indicadas para ese camino\u201d, sostiene la farmac\u00e9utica Marta Mas\u00ed. \u201cNo hay que convencerlas; hay que revisar el sistema y el entorno que filtra vocaciones\u201d, agrega la tambi\u00e9n divulgadora con m\u00e1s de 250.000 seguidores en <a title=\"https:\/\/www.instagram.com\/martamasi5\/\" href=\"https:\/\/www.instagram.com\/martamasi5\/\" target=\"_blank\" rel=\"noopener noreferrer\" data-link-track-dtm=\"\" data-mrf-link=\"https:\/\/www.instagram.com\/martamasi5\/\">su Instagram<\/a>. Una idea similar defiende<a title=\"https:\/\/www.instagram.com\/madriderma.mfg\/?hl=es\" href=\"https:\/\/www.instagram.com\/madriderma.mfg\/?hl=es\" target=\"_self\" rel=\"\" data-link-track-dtm=\"\" data-mrf-link=\"https:\/\/www.instagram.com\/madriderma.mfg\/?hl=es\"> Montserrat Fern\u00e1ndez Guarino,<\/a> dermat\u00f3loga especialista en dermatolog\u00eda general, dermatolog\u00eda avanzada, tratamiento del c\u00e1ncer de piel no melanoma y fotobiolog\u00eda: \u201cLa pregunta ya est\u00e1 mal formulada. No se trata de hacer que les gusten las ciencias, como si fuera una cuesti\u00f3n de capricho. El problema es estructural, no emocional. Las ni\u00f1as no tienen que cambiar; lo que tiene que cambiar es el entorno\u201d.<\/p>\n<aside class=\"a_ei\">\n<ul class=\"a_ei_l _ls\">\n<li class=\"a_ei_r _g _g-xs a_ei_r-i\">\n<div class=\"a_ei_m a_m-h c_m--nf\"><span class=\"_pr _db\"><img data-recalc-dims=\"1\" loading=\"lazy\" decoding=\"async\" class=\"_re lazyload a_m-h alignleft\" src=\"https:\/\/i0.wp.com\/imagenes.elpais.com\/resizer\/v2\/WMF4VVNLU5EO5OMR3Q7XY2YAF4.jpg?resize=414%2C311&#038;ssl=1\" alt=\"Ciencias y letras\" width=\"414\" height=\"311\" \/><\/span><\/div>\n<p><a class=\"a_ei_t\" href=\"https:\/\/elpais.com\/mamas-papas\/familia\/2026-02-04\/eres-de-ciencias-o-de-letras-la-pregunta-a-los-adolescentes-que-deberia-reformularse.html#?rel=mas_sumario\" rel=\"\" data-link-track-dtm=\"\" data-mrf-link=\"https:\/\/elpais.com\/mamas-papas\/familia\/2026-02-04\/eres-de-ciencias-o-de-letras-la-pregunta-a-los-adolescentes-que-deberia-reformularse.html\">\u00bfEres de ciencias o de letras? La pregunta a los adolescentes que deber\u00eda reformularse<\/a><\/li>\n<\/ul>\n<\/aside>\n<p class=\"\" style=\"text-align: justify;\">En los primeros a\u00f1os de escolarizaci\u00f3n, las diferencias de inter\u00e9s entre ni\u00f1os y ni\u00f1as <a title=\"https:\/\/elpais.com\/mamas-papas\/actualidad\/2022-02-24\/como-lograr-que-los-ninos-y-ninas-se-sientan-atraidos-por-la-ciencia.html\" href=\"https:\/\/elpais.com\/mamas-papas\/actualidad\/2022-02-24\/como-lograr-que-los-ninos-y-ninas-se-sientan-atraidos-por-la-ciencia.html\" target=\"_self\" rel=\"\" data-link-track-dtm=\"\" data-mrf-link=\"https:\/\/elpais.com\/mamas-papas\/actualidad\/2022-02-24\/como-lograr-que-los-ninos-y-ninas-se-sientan-atraidos-por-la-ciencia.html\">en materias cient\u00edficas <\/a>son pr\u00e1cticamente inexistentes. La brecha aparece m\u00e1s tarde. \u201cEmpieza a abrirse hacia el final de Primaria, cuando surgen la comparaci\u00f3n, la presi\u00f3n por hacerlo perfecto y los estereotipos de g\u00e9nero\u201d, se\u00f1ala Mas\u00ed. \u201cMuchas ni\u00f1as siguen teniendo buen rendimiento, pero empiezan a dudar m\u00e1s de su capacidad, incluso cuando objetivamente destacan\u201d, a\u00f1ade. Fern\u00e1ndez Guarino sit\u00faa antes el origen del problema: \u201cLa semilla se planta en Infantil y en Primaria, cuando a los ni\u00f1os se les siguen regalando telescopios o kits de rob\u00f3tica y<a title=\"https:\/\/elpais.com\/mamas-papas\/actualidad\/2023-02-11\/inmaculada-ibanez-biologa-cuando-una-cientifica-esta-empezando-su-carrera-sus-jefes-siempre-son-hombres-y-se-pregunta-que-pinto-aqui.html\" href=\"https:\/\/elpais.com\/mamas-papas\/actualidad\/2023-02-11\/inmaculada-ibanez-biologa-cuando-una-cientifica-esta-empezando-su-carrera-sus-jefes-siempre-son-hombres-y-se-pregunta-que-pinto-aqui.html\" target=\"_self\" rel=\"\" data-link-track-dtm=\"\" data-mrf-link=\"https:\/\/elpais.com\/mamas-papas\/actualidad\/2023-02-11\/inmaculada-ibanez-biologa-cuando-una-cientifica-esta-empezando-su-carrera-sus-jefes-siempre-son-hombres-y-se-pregunta-que-pinto-aqui.html\"> a las ni\u00f1as mu\u00f1ecas o manualidades<\/a>\u201d. \u201cEl lenguaje, los referentes y el tipo de atenci\u00f3n que reciben van marcando desde muy temprano qu\u00e9 caminos perciben como <i>para ellas<\/i>\u201d, prosigue la experta que trabaja tambi\u00e9n en el hospital Ram\u00f3n y Cajal.<\/p>\n<p class=\"\" style=\"text-align: justify;\">\u201cHoy no existen profesiones asociadas oficialmente a los g\u00e9neros y son los propios ni\u00f1os y ni\u00f1as quienes deciden seg\u00fan su inter\u00e9s, pero el \u00e1mbito en el que somos criados influye mucho\u201d, aporta la farmac\u00e9utica Teresa Bueno. \u201cA menudo optamos por ramas o profesiones ligadas a lo que vemos en casa\u201d, a\u00f1ade.<\/p>\n<figure class=\"a_m a_m-h \" style=\"text-align: justify;\"><span class=\"_db a_m_w _pr lb_btn\"><img data-recalc-dims=\"1\" loading=\"lazy\" decoding=\"async\" class=\"_re lazyload a_m-h alignright\" src=\"https:\/\/i0.wp.com\/imagenes.elpais.com\/resizer\/v2\/53X6Q7AN4NESLM2USDAIHB5SPI.jpg?resize=414%2C234&#038;ssl=1\" sizes=\"auto, (min-width:1199px) 760px,(min-width:1001px) calc((100vw - 44px-11*31px)\/12*8+217), (min-width:767px) 767px, 100vw\" srcset=\"https:\/\/imagenes.elpais.com\/resizer\/v2\/53X6Q7AN4NESLM2USDAIHB5SPI.jpg?auth=988a96e9cc0cdab9090fa821ed6da0f1a598e8e9a528dc1c4f906c05554e19b9&amp;width=414 414w,https:\/\/imagenes.elpais.com\/resizer\/v2\/53X6Q7AN4NESLM2USDAIHB5SPI.jpg?auth=988a96e9cc0cdab9090fa821ed6da0f1a598e8e9a528dc1c4f906c05554e19b9&amp;width=828 640w,https:\/\/imagenes.elpais.com\/resizer\/v2\/53X6Q7AN4NESLM2USDAIHB5SPI.jpg?auth=988a96e9cc0cdab9090fa821ed6da0f1a598e8e9a528dc1c4f906c05554e19b9&amp;width=980 1000w,https:\/\/imagenes.elpais.com\/resizer\/v2\/53X6Q7AN4NESLM2USDAIHB5SPI.jpg?auth=988a96e9cc0cdab9090fa821ed6da0f1a598e8e9a528dc1c4f906c05554e19b9&amp;width=1960 1960w\" alt=\"\" width=\"414\" height=\"234\" \/><\/span><figcaption class=\"a_m_p\" aria-hidden=\"true\">De izquierda a derecha: la farmac\u00e9utica Teresa Bueno, la dermat\u00f3loga Montserrat Fern\u00e1ndez y la farmac\u00e9utica Marta Mas\u00ed, en unas im\u00e1genes cedidas.<\/figcaption><\/figure>\n<p class=\"\" style=\"text-align: justify;\">Una de las claves del fen\u00f3meno es que la brecha no es tanto de capacidad como de legitimidad. \u201cM\u00e1s que menos capaces, se sienten menos legitimadas\u201d, afirma Mas\u00ed. \u201c<a title=\"https:\/\/elpais.com\/elpais\/2020\/06\/21\/mamas_papas\/1592723011_732438.html\" href=\"https:\/\/elpais.com\/elpais\/2020\/06\/21\/mamas_papas\/1592723011_732438.html\" target=\"_self\" rel=\"\" data-link-track-dtm=\"\" data-mrf-link=\"https:\/\/elpais.com\/elpais\/2020\/06\/21\/mamas_papas\/1592723011_732438.html\">Les gusta la ciencia<\/a>, se les da bien, pero no llegan a verse a s\u00ed mismas como cient\u00edficas. Falta ese permiso simb\u00f3lico para imaginarse ocupando ese lugar\u201d, a\u00f1ade. \u201cLas ni\u00f1as no dudan tanto de su capacidad como de su lugar. Saben que son capaces, pero no se imaginan con una bata de laboratorio, programando o dirigiendo un equipo de investigaci\u00f3n, porque apenas se les muestra como una posibilidad real\u201d, agrega. Para Fern\u00e1ndez Guarino, ese matiz es decisivo: \u201cLa pregunta deja de ser por qu\u00e9 abandonan y pasa a ser qui\u00e9n las va empujando, poco a poco, hacia la salida\u201d.<\/p>\n<p class=\"\" style=\"text-align: justify;\">Los estereotipos culturales no flotan en el aire: se encarnan en pr\u00e1cticas concretas. \u201c<a title=\"https:\/\/elpais.com\/mamas-papas\/familia\/2026-02-04\/eres-de-ciencias-o-de-letras-la-pregunta-a-los-adolescentes-que-deberia-reformularse.html\" href=\"https:\/\/elpais.com\/mamas-papas\/familia\/2026-02-04\/eres-de-ciencias-o-de-letras-la-pregunta-a-los-adolescentes-que-deberia-reformularse.html\" target=\"_self\" rel=\"\" data-link-track-dtm=\"\" data-mrf-link=\"https:\/\/elpais.com\/mamas-papas\/familia\/2026-02-04\/eres-de-ciencias-o-de-letras-la-pregunta-a-los-adolescentes-que-deberia-reformularse.html\">Los sesgos se forjan en c\u00f3mo ense\u00f1amos<\/a>, c\u00f3mo evaluamos y qu\u00e9 esperamos del alumnado\u201d, explica Mas\u00ed. \u201cUna ense\u00f1anza muy r\u00edgida, centrada en la competici\u00f3n y en penalizar el error, suele afectar m\u00e1s a quienes ya han aprendido a cuestionar su val\u00eda, que en nuestra cultura son m\u00e1s a menudo las ni\u00f1as\u201d, sostiene esta experta. \u201cDurante mucho tiempo, los estereotipos han sostenido un enfoque basado \u00fanicamente en el resultado; hoy sabemos que no todos aprendemos a la misma velocidad\u201d, a\u00f1ade Bueno, que incide en que ya no solo importa la nota de un examen, sino el camino de aprendizaje hasta llegar a ella.<\/p>\n<p class=\"\" style=\"text-align: justify;\">Para Fern\u00e1ndez Guarino, <a title=\"https:\/\/elpais.com\/mamas-papas\/actualidad\/2025-04-15\/se-puede-hablar-de-una-ciencia-de-la-crianza.html\" href=\"https:\/\/elpais.com\/mamas-papas\/actualidad\/2025-04-15\/se-puede-hablar-de-una-ciencia-de-la-crianza.html\" target=\"_self\" rel=\"\" data-link-track-dtm=\"\" data-mrf-link=\"https:\/\/elpais.com\/mamas-papas\/actualidad\/2025-04-15\/se-puede-hablar-de-una-ciencia-de-la-crianza.html\">una metodolog\u00eda participativa<\/a>, evaluaciones que no castiguen el error y una formaci\u00f3n docente sensible a la perspectiva de g\u00e9nero pueden amortiguar desigualdades: \u201cEn mi experiencia con estudiantes de Medicina y residente de Dermatolog\u00eda, no es una cuesti\u00f3n de sexo, sino de intereses y habilidades. Pero el entorno puede facilitar o bloquear que esos intereses se desarrollen\u201d. \u201cLas ciencias se ense\u00f1an como un bloque cerrado de contenidos, no como una aventura de descubrimiento\u201d, lamenta. \u201cSe valora m\u00e1s el resultado que el proceso, cuando equivocarse es parte del m\u00e9todo cient\u00edfico\u201d. \u201cCuando la ciencia se presenta como un terreno reservado a mentes infalibles, quienes han <a title=\"https:\/\/elpais.com\/elpais\/2018\/10\/15\/mamas_papas\/1539610580_799688.html\" href=\"https:\/\/elpais.com\/elpais\/2018\/10\/15\/mamas_papas\/1539610580_799688.html\" target=\"_self\" rel=\"\" data-link-track-dtm=\"\" data-mrf-link=\"https:\/\/elpais.com\/elpais\/2018\/10\/15\/mamas_papas\/1539610580_799688.html\">aprendido a exigirse perfecci\u00f3n<\/a> \u2014muchas ni\u00f1as\u2014 optan por bajarse antes de fallar\u00bb, sostiene.<\/p>\n<figure class=\"a_m a_m-h \" style=\"text-align: justify;\"><span class=\"_db a_m_w _pr lb_btn\"><img data-recalc-dims=\"1\" loading=\"lazy\" decoding=\"async\" class=\"_re lazyload a_m-h alignleft\" src=\"https:\/\/i0.wp.com\/imagenes.elpais.com\/resizer\/v2\/ZQLQDF3PZRDLVKZZLXO6662B5Q.jpg?resize=414%2C276&#038;ssl=1\" sizes=\"auto, (min-width:1199px) 760px,(min-width:1001px) calc((100vw - 44px-11*31px)\/12*8+217), (min-width:767px) 767px, 100vw\" srcset=\"https:\/\/imagenes.elpais.com\/resizer\/v2\/ZQLQDF3PZRDLVKZZLXO6662B5Q.jpg?auth=c25ac8340a27e7f3e6d1d4bbf2f06645990be43ab4f15baa725cf8b2399314d0&amp;width=414 414w,https:\/\/imagenes.elpais.com\/resizer\/v2\/ZQLQDF3PZRDLVKZZLXO6662B5Q.jpg?auth=c25ac8340a27e7f3e6d1d4bbf2f06645990be43ab4f15baa725cf8b2399314d0&amp;width=828 640w,https:\/\/imagenes.elpais.com\/resizer\/v2\/ZQLQDF3PZRDLVKZZLXO6662B5Q.jpg?auth=c25ac8340a27e7f3e6d1d4bbf2f06645990be43ab4f15baa725cf8b2399314d0&amp;width=980 1000w,https:\/\/imagenes.elpais.com\/resizer\/v2\/ZQLQDF3PZRDLVKZZLXO6662B5Q.jpg?auth=c25ac8340a27e7f3e6d1d4bbf2f06645990be43ab4f15baa725cf8b2399314d0&amp;width=1960 1960w\" alt=\"\" width=\"414\" height=\"276\" \/><\/span><figcaption class=\"a_m_p\" aria-hidden=\"true\">La ciencia no es cuesti\u00f3n de valer, sino de preguntar, observar e insistir.<span class=\"a_m_m\">Jamie Grill (Getty Images\/Tetra images RF)<\/span><\/figcaption><\/figure>\n<p class=\"\" style=\"text-align: justify;\">\u201cA un ni\u00f1o que desmonta aparatos se le llama ingenioso. A una ni\u00f1a, destructiva. A un ni\u00f1o con sobresalientes en ciencias se le proyecta como ingeniero. A una ni\u00f1a, como muy aplicada\u201d, se\u00f1ala Fern\u00e1ndez Guarino. \u201cEs importante observar a los menores sin sesgos para poder identificar sus fortalezas y acompa\u00f1ar ese talento\u201d, retoma Mas\u00ed. \u201cPor ejemplo, si destaca en Matem\u00e1ticas, animarla a explorar desde ah\u00ed. No se trata de empujar, sino de acompa\u00f1ar\u201d, a\u00f1ade. Bueno recuerda su propio caso: \u201c<a title=\"https:\/\/elpais.com\/mamas-papas\/2020-12-04\/el-amor-de-los-padres-clave-para-el-desarrollo-cerebral-de-un-nino.html\" href=\"https:\/\/elpais.com\/mamas-papas\/2020-12-04\/el-amor-de-los-padres-clave-para-el-desarrollo-cerebral-de-un-nino.html\" target=\"_self\" rel=\"\" data-link-track-dtm=\"\" data-mrf-link=\"https:\/\/elpais.com\/mamas-papas\/2020-12-04\/el-amor-de-los-padres-clave-para-el-desarrollo-cerebral-de-un-nino.html\">Mi padre, m\u00e9dico, me inculc\u00f3 el amor <\/a>por el sector sanitario ligado a la ciencia y la disciplina. Ese ejemplo cotidiano pesa mucho\u201d.<\/p>\n<h3 class=\"\" style=\"text-align: justify;\">Referentes: necesarios, pero reales<\/h3>\n<p class=\"\" style=\"text-align: justify;\">Durante d\u00e9cadas, la ausencia de mujeres cient\u00edficas visibles ha sido un obst\u00e1culo. \u201cLa situaci\u00f3n empieza a cambiar. Cada vez vemos m\u00e1s m\u00e9dicas, farmac\u00e9uticas, qu\u00edmicas o dermat\u00f3logas mostrando su trabajo de forma cercana en redes sociales. Eso hace la ciencia m\u00e1s imaginable\u201d, apunta Mas\u00ed. Fern\u00e1ndez Guarino insiste en que deben ser referentes diversos y actuales, no solo figuras hist\u00f3ricas excepcionales: \u201cNo solo cient\u00edficas de laboratorio, tambi\u00e9n ingenieras, matem\u00e1ticas, tecn\u00f3logas\u201d. \u201cEl mundo est\u00e1 lleno de mujeres exitosas. M\u00e1s que referentes visibles, hacen falta personas que amen lo que hacen\u201d, sostiene Bueno, para quien la vocaci\u00f3n se contagia: \u201cLas l\u00edneas de acci\u00f3n para fomentar de una <a title=\"https:\/\/elpais.com\/elpais\/2020\/02\/03\/mamas_papas\/1580724775_704766.html\" href=\"https:\/\/elpais.com\/elpais\/2020\/02\/03\/mamas_papas\/1580724775_704766.html\" target=\"_self\" rel=\"\" data-link-track-dtm=\"\" data-mrf-link=\"https:\/\/elpais.com\/elpais\/2020\/02\/03\/mamas_papas\/1580724775_704766.html\">forma sana las ciencias en las ni\u00f1as <\/a>ser\u00edan: formaci\u00f3n docente con perspectiva de g\u00e9nero, metodolog\u00edas menos competitivas, evaluaciones variadas, orientaci\u00f3n vocacional temprana e integraci\u00f3n transversal de referentes femeninos\u201d.<\/p>\n<p class=\"\" style=\"text-align: justify;\">Si una ni\u00f1a duda de si vale para las ciencias, Mas\u00ed lo tiene claro: \u201cNo hace falta <a title=\"https:\/\/elpais.com\/elpais\/2018\/02\/13\/mamas_papas\/1518533893_460334.html?rel=mas#&amp;rel=listaapoyo\" href=\"https:\/\/elpais.com\/elpais\/2018\/02\/13\/mamas_papas\/1518533893_460334.html?rel=mas#&amp;rel=listaapoyo\" target=\"_self\" rel=\"\" data-link-track-dtm=\"\" data-mrf-link=\"https:\/\/elpais.com\/elpais\/2018\/02\/13\/mamas_papas\/1518533893_460334.html\">sentirse segura todo el tiempo<\/a>. Si la ciencia le despierta curiosidad, ese ya es el punto de partida\u201d. \u201cLa ciencia no es cuesti\u00f3n de valer, sino de preguntar, observar e insistir\u201d, matiza Fern\u00e1ndez Guarino. \u201dTal vez el verdadero reto no sea lograr que las ni\u00f1as amen la ciencia\u00bb, explica Bueno, \u201csino dejar de ponerles obst\u00e1culos para que puedan amarla en paz\u201d.<\/p>\n<h3><a class=\"a_md_a_n\" title=\"Ver todas las noticias de Gema Lendoiro\" href=\"https:\/\/elpais.com\/autor\/gema-lendoiro-perez\/#?rel=author_top\" data-mrf-link=\"https:\/\/elpais.com\/autor\/gema-lendoiro-perez\/\">Gema Lendoiro<\/a><\/h3>\n<p>FOTO:\u00a0 ciencias se ense\u00f1an como un bloque cerrado de contenidos, no como una aventura de descubrimiento.<span class=\"a_m_m\">skynesher (Getty Images)<\/span><\/p>\n<p>https:\/\/elpais.com\/mamas-papas\/actualidad\/2026-02-11\/como-fomentar-que-las-ninas-sigan-su-pasion-por-la-ciencia-tres-expertas-responden.html<\/p>\n<p>&nbsp;<\/p>\n","protected":false},"excerpt":{"rendered":"<p>El problema no est\u00e1 en ellas, sino en el ecosistema educativo, cultural y simb\u00f3lico en&#8230;<\/p>\n","protected":false},"author":1,"featured_media":82562,"comment_status":"closed","ping_status":"closed","sticky":false,"template":"","format":"standard","meta":{"_coblocks_attr":"","_coblocks_dimensions":"","_coblocks_responsive_height":"","_coblocks_accordion_ie_support":"","jetpack_post_was_ever_published":false,"_jetpack_newsletter_access":"","_jetpack_dont_email_post_to_subs":false,"_jetpack_newsletter_tier_id":0,"_jetpack_memberships_contains_paywalled_content":false,"_jetpack_memberships_contains_paid_content":false,"footnotes":"","jetpack_publicize_message":"","jetpack_publicize_feature_enabled":true,"jetpack_social_post_already_shared":true,"jetpack_social_options":{"image_generator_settings":{"template":"highway","default_image_id":0,"enabled":false},"version":2}},"categories":[10797,1161],"tags":[],"class_list":["post-82561","post","type-post","status-publish","format-standard","has-post-thumbnail","hentry","category-ciencia","category-ciudadania"],"jetpack_publicize_connections":[],"jetpack_featured_media_url":"https:\/\/i0.wp.com\/miradordeatarfe.es\/wp-content\/uploads\/2026\/03\/Screenshot-2026-03-09-at-18-37-23-Como-fomentar-que-las-ninas-sigan-su-pasion-por-la-ciencia-tres-expertas-responden-Actualidad-Mamas-Papas-EL-PAIS.png?fit=624%2C484&ssl=1","jetpack_likes_enabled":true,"jetpack_sharing_enabled":true,"_links":{"self":[{"href":"https:\/\/miradordeatarfe.es\/index.php?rest_route=\/wp\/v2\/posts\/82561","targetHints":{"allow":["GET"]}}],"collection":[{"href":"https:\/\/miradordeatarfe.es\/index.php?rest_route=\/wp\/v2\/posts"}],"about":[{"href":"https:\/\/miradordeatarfe.es\/index.php?rest_route=\/wp\/v2\/types\/post"}],"author":[{"embeddable":true,"href":"https:\/\/miradordeatarfe.es\/index.php?rest_route=\/wp\/v2\/users\/1"}],"replies":[{"embeddable":true,"href":"https:\/\/miradordeatarfe.es\/index.php?rest_route=%2Fwp%2Fv2%2Fcomments&post=82561"}],"version-history":[{"count":2,"href":"https:\/\/miradordeatarfe.es\/index.php?rest_route=\/wp\/v2\/posts\/82561\/revisions"}],"predecessor-version":[{"id":82589,"href":"https:\/\/miradordeatarfe.es\/index.php?rest_route=\/wp\/v2\/posts\/82561\/revisions\/82589"}],"wp:featuredmedia":[{"embeddable":true,"href":"https:\/\/miradordeatarfe.es\/index.php?rest_route=\/wp\/v2\/media\/82562"}],"wp:attachment":[{"href":"https:\/\/miradordeatarfe.es\/index.php?rest_route=%2Fwp%2Fv2%2Fmedia&parent=82561"}],"wp:term":[{"taxonomy":"category","embeddable":true,"href":"https:\/\/miradordeatarfe.es\/index.php?rest_route=%2Fwp%2Fv2%2Fcategories&post=82561"},{"taxonomy":"post_tag","embeddable":true,"href":"https:\/\/miradordeatarfe.es\/index.php?rest_route=%2Fwp%2Fv2%2Ftags&post=82561"}],"curies":[{"name":"wp","href":"https:\/\/api.w.org\/{rel}","templated":true}]}}