{"id":82564,"date":"2026-03-13T10:20:29","date_gmt":"2026-03-13T09:20:29","guid":{"rendered":"https:\/\/miradordeatarfe.es\/?p=82564"},"modified":"2026-03-09T20:23:50","modified_gmt":"2026-03-09T19:23:50","slug":"si-la-mayoria-de-los-adolescentes-rechazan-el-acoso-por-que-les-cuesta-defender-a-la-victima","status":"publish","type":"post","link":"https:\/\/miradordeatarfe.es\/?p=82564","title":{"rendered":"Si la mayor\u00eda de los adolescentes rechazan el acoso, \u00bfpor qu\u00e9 les cuesta defender a la v\u00edctima?"},"content":{"rendered":"<h3 class=\"entradilla\" style=\"text-align: justify;\">Defender a una v\u00edctima de acoso escolar supone un acto moralmente valiente que requiere de un proceso de toma de decisiones complejo.<\/h3>\n<p style=\"text-align: justify;\">Cuando un grupo de escolares llaman a una estudiante \u00abla empollona rarita\u00bb en el pasillo, decenas de compa\u00f1eros y compa\u00f1eras observan la escena. Algunos bajan la mirada para no meterse en problemas. Otros r\u00eden para disimular y no perder su estatus en el grupo. Aunque la mayor\u00eda sabe que lo que sucede no est\u00e1 bien, pocos dar\u00e1n el paso de salir en defensa de la ofendida.<\/p>\n<p style=\"text-align: justify;\">La investigaci\u00f3n muestra que la mayor\u00eda de los <a href=\"https:\/\/ethic.es\/entrevista-p-duchement\" target=\"_blank\" rel=\"noopener\" data-wpel-link=\"internal\">adolescentes<\/a> rechazan actos de acoso escolar como el descrito, y afirman que intentar\u00edan detenerlo. Sin embargo, una cosa es lo que uno piensa y sabe que es correcto, y otra muy distinta es actuar contra la <a href=\"https:\/\/ethic.es\/2023\/10\/estan-reaccionando-los-colegios-ante-el-bullying\/\" target=\"_blank\" rel=\"noopener\" data-wpel-link=\"internal\">violencia<\/a> llegado el momento.<\/p>\n<p style=\"text-align: justify;\">Defender a una v\u00edctima de acoso escolar supone un acto moralmente valiente que requiere de un proceso de toma de decisiones complejo. Y hay ciertos perfiles que tienden a defender a la v\u00edctima m\u00e1s que otros.<\/p>\n<h2 style=\"text-align: justify;\">Dispuestos a intervenir<\/h2>\n<p style=\"text-align: justify;\">Lo hemos comprobado tras analizar durante dos a\u00f1os a m\u00e1s de 3.000 estudiantes espa\u00f1oles de entre 9 y 17 a\u00f1os. A diferencia de la mayor\u00eda de estudios, que ofrecen una fotograf\u00eda fija sobre la implicaci\u00f3n en el comportamiento, investigamos c\u00f3mo evoluciona la implicaci\u00f3n en defensa de la v\u00edctima a lo largo del tiempo.<\/p>\n<p style=\"text-align: justify;\">La principal conclusi\u00f3n es que esta implicaci\u00f3n es, de hecho, bastante estable: ocho de cada diez adolescentes se percibieron como defensores de forma continuada. Es decir, para la mayor\u00eda ayudar a quien sufre no es una reacci\u00f3n puntual, sino una disposici\u00f3n relativamente consolidada.<\/p>\n<blockquote>\n<p><strong>Ocho de cada diez adolescentes se percibieron como defensores de forma continuada<\/strong><\/p>\n<\/blockquote>\n<p style=\"text-align: justify;\">En el extremo opuesto, un 7% de los escolares mantuvieron de forma sostenida una <strong>actitud pasiva<\/strong> ante la situaci\u00f3n, mostr\u00e1ndose indiferentes ante el <a href=\"https:\/\/ethic.es\/2021\/12\/y-usted-sufre-bullying\/\" target=\"_blank\" rel=\"noopener\" data-wpel-link=\"internal\">sufrimiento de la v\u00edctima<\/a>.<\/p>\n<p style=\"text-align: justify;\">Identificamos adem\u00e1s dos grupos m\u00e1s peque\u00f1os, pero especialmente reveladores, cuya actitud cambi\u00f3 con el tiempo. En torno a un 5% redujeron su conducta de defensa, mientras que el 4% aument\u00f3 su implicaci\u00f3n.<\/p>\n<p style=\"text-align: justify;\">Si la defensa de la v\u00edctima es una conducta que puede fortalecerse o debilitarse durante la adolescencia, \u00bfen funci\u00f3n de qu\u00e9 factores lo hace? \u00bfSe trata de caracter\u00edsticas personales o tienen que ver con el contexto?<\/p>\n<h2 style=\"text-align: justify;\">La pasividad frente al acoso indica aislamiento<\/h2>\n<p style=\"text-align: justify;\">Quienes defienden de forma estable suelen sentirse m\u00e1s integrados en el grupo de iguales. Tambi\u00e9n se perciben como m\u00e1s populares y muestran un mayor respeto por las normas de convivencia. En otras palabras, ayudar a quien sufre no parece aislar socialmente, sino todo lo contrario. Y eso podr\u00eda generar una din\u00e1mica de retroalimentaci\u00f3n que permite mantener el comportamiento.<\/p>\n<p style=\"text-align: justify;\">Quienes no suelen salir a defender a sus compa\u00f1eros, por el contrario, tienden a sentirse peor integrados en el grupo, menos populares y m\u00e1s desconectados de lo normativo. Esto sugiere que la pasividad frente al acoso no es simplemente \u00abno meterse en problemas\u00bb, sino que puede ser, adem\u00e1s, una se\u00f1al de aislamiento y <strong>desconexi\u00f3n social<\/strong> y moral.<\/p>\n<p style=\"text-align: justify;\">Quienes aumentan su implicaci\u00f3n en la defensa tienden a sentirse cada vez m\u00e1s aceptados y populares dentro del grupo de iguales. Estos resultados cuestionan una idea muy extendida: la de que intervenir en situaciones de acoso supone arriesgar el propio estatus social. Nuestros datos sugieren que, lejos de eso, defendiendo defender a un compa\u00f1ero puede ir de la mano de la cohesi\u00f3n grupal y la popularidad.<\/p>\n<p style=\"text-align: justify;\">Por \u00faltimo, quienes dejan de defender muestran un progresivo distanciamiento de lo normativo. Por lo tanto, los adolescentes saben que defender a la v\u00edctima es lo esperable y que no hacerlo genera una falta de implicaci\u00f3n con las normas que rigen la convivencia y la din\u00e1mica social del grupo de iguales.<\/p>\n<p style=\"text-align: justify;\">En conjunto, los resultados dibujan una idea clara: el clima del aula importa. Cuando los estudiantes se sienten parte del grupo y se identifican con las normas que gu\u00edan una convivencia sana y segura, aumenta la probabilidad de que ayuden a quien lo necesita. Cuando esa conexi\u00f3n falla, el silencio se vuelve m\u00e1s probable.<\/p>\n<h2 style=\"text-align: justify;\">Complejidad en el pasillo del instituto<\/h2>\n<p style=\"text-align: justify;\">El pasillo del instituto no es un lugar neutro: se desarrolla en \u00e9l una din\u00e1mica compleja de roles, interacci\u00f3n social, criterio moral y manejo de la popularidad. Por eso, no se trata de convencer a los adolescentes de que defender a la v\u00edctima es lo correcto. Esto ya lo saben. El reto est\u00e1 en crear un entorno que facilite actuar: que en ese pasillo, en esa aula, haya unas normas no escritas pero con las que todos se identifiquen.<\/p>\n<p style=\"text-align: justify;\">Esto implica crear un contexto participativo, donde las reglas se acuerden de forma consensuadas y sean claras. Tambi\u00e9n supone generar espacios de di\u00e1logo y reflexi\u00f3n compartidos a todos los niveles (docentes, estudiantes, familias) desde los que analizar cu\u00e1les son las implicaciones de su comportamiento.<\/p>\n<p style=\"text-align: justify;\">Cuando las normas son compartidas y el grupo transmite apoyo y seguridad, la defensa se percibe como una responsabilidad, que les motivar\u00e1 y les dar\u00e1 el coraje de pasar de la intenci\u00f3n a la acci\u00f3n real.<\/p>\n<hr \/>\n<p><em><a href=\"https:\/\/theconversation.com\/profiles\/ana-bravo-1506546\" target=\"_blank\" rel=\"external nofollow noopener\" data-wpel-link=\"external\">Ana Bravo<\/a> es profesor Ayudante Doctor de la <a href=\"https:\/\/theconversation.com\/institutions\/universidad-de-cordoba-3848\" target=\"_blank\" rel=\"external nofollow noopener\" data-wpel-link=\"external\">Universidad de C\u00f3rdoba<\/a>; <a href=\"https:\/\/theconversation.com\/profiles\/christian-berger-1056241\" target=\"_blank\" rel=\"external nofollow noopener\" data-wpel-link=\"external\">Christian Berger<\/a> es profesor asociado de Psicolog\u00eda de la <a href=\"https:\/\/theconversation.com\/institutions\/universidad-catolica-de-chile-2968\" target=\"_blank\" rel=\"external nofollow noopener\" data-wpel-link=\"external\">Universidad Cat\u00f3lica de Chile<\/a>; <a href=\"https:\/\/theconversation.com\/profiles\/eva-m-romera-felix-741560\" target=\"_blank\" rel=\"external nofollow noopener\" data-wpel-link=\"external\">Eva M. Romera F\u00e9lix<\/a> es profesora de Psicolog\u00eda Evolutiva y de la Educaci\u00f3n de la <a href=\"https:\/\/theconversation.com\/institutions\/universidad-de-cordoba-3848\" target=\"_blank\" rel=\"external nofollow noopener\" data-wpel-link=\"external\">Universidad de C\u00f3rdoba<\/a> y <a href=\"https:\/\/theconversation.com\/profiles\/rosario-ortega-ruiz-741113\" target=\"_blank\" rel=\"external nofollow noopener\" data-wpel-link=\"external\">Rosario Ortega Ruiz<\/a> es catedr\u00e1tica de Universidad (Psicolog\u00eda) de la <a href=\"https:\/\/theconversation.com\/institutions\/universidad-de-cordoba-3848\" target=\"_blank\" rel=\"external nofollow noopener\" data-wpel-link=\"external\">Universidad de C\u00f3rdoba.<\/a> Este art\u00edculo fue publicado originalmente en <a href=\"https:\/\/theconversation.com\" target=\"_blank\" rel=\"external nofollow noopener\" data-wpel-link=\"external\">The Conversation<\/a>. Lea el <a href=\"https:\/\/theconversation.com\/si-la-mayoria-de-los-adolescentes-rechazan-el-acoso-por-que-les-cuesta-defender-a-la-victima-270098\" target=\"_blank\" rel=\"external nofollow noopener\" data-wpel-link=\"external\">original<\/a>.<\/em><\/p>\n<p>ethic<\/p>\n<blockquote class=\"wp-embedded-content\" data-secret=\"O4jDgSnoF4\"><p><a href=\"https:\/\/ethic.es\/acoso-adolescentes-por-que-cuesta-defender-victima\">Si la mayor\u00eda de los adolescentes rechazan el acoso, \u00bfpor qu\u00e9 les cuesta defender a la v\u00edctima?<\/a><\/p><\/blockquote>\n<p><iframe loading=\"lazy\" class=\"wp-embedded-content\" sandbox=\"allow-scripts\" security=\"restricted\" style=\"position: absolute; visibility: hidden;\" title=\"\u00abSi la mayor\u00eda de los adolescentes rechazan el acoso, \u00bfpor qu\u00e9 les cuesta defender a la v\u00edctima?\u00bb \u2014 Ethic\" src=\"https:\/\/ethic.es\/acoso-adolescentes-por-que-cuesta-defender-victima\/embed\/#?secret=UWy7EKDYdB#?secret=O4jDgSnoF4\" data-secret=\"O4jDgSnoF4\" width=\"600\" height=\"338\" frameborder=\"0\" marginwidth=\"0\" marginheight=\"0\" scrolling=\"no\"><\/iframe><\/p>\n","protected":false},"excerpt":{"rendered":"<p>Defender a una v\u00edctima de acoso escolar supone un acto moralmente valiente que requiere de&#8230;<\/p>\n","protected":false},"author":1,"featured_media":82565,"comment_status":"closed","ping_status":"closed","sticky":false,"template":"","format":"standard","meta":{"_coblocks_attr":"","_coblocks_dimensions":"","_coblocks_responsive_height":"","_coblocks_accordion_ie_support":"","jetpack_post_was_ever_published":false,"_jetpack_newsletter_access":"","_jetpack_dont_email_post_to_subs":false,"_jetpack_newsletter_tier_id":0,"_jetpack_memberships_contains_paywalled_content":false,"_jetpack_memberships_contains_paid_content":false,"footnotes":"","jetpack_publicize_message":"","jetpack_publicize_feature_enabled":true,"jetpack_social_post_already_shared":true,"jetpack_social_options":{"image_generator_settings":{"template":"highway","default_image_id":0,"enabled":false},"version":2}},"categories":[10812,186,44],"tags":[],"class_list":["post-82564","post","type-post","status-publish","format-standard","has-post-thumbnail","hentry","category-centro-cultural-medina-elvira","category-instituciones","category-noticias-de-hoy"],"jetpack_publicize_connections":[],"jetpack_featured_media_url":"https:\/\/i0.wp.com\/miradordeatarfe.es\/wp-content\/uploads\/2026\/03\/acoso-1280x768-1.jpg?fit=1280%2C768&ssl=1","jetpack_likes_enabled":true,"jetpack_sharing_enabled":true,"_links":{"self":[{"href":"https:\/\/miradordeatarfe.es\/index.php?rest_route=\/wp\/v2\/posts\/82564","targetHints":{"allow":["GET"]}}],"collection":[{"href":"https:\/\/miradordeatarfe.es\/index.php?rest_route=\/wp\/v2\/posts"}],"about":[{"href":"https:\/\/miradordeatarfe.es\/index.php?rest_route=\/wp\/v2\/types\/post"}],"author":[{"embeddable":true,"href":"https:\/\/miradordeatarfe.es\/index.php?rest_route=\/wp\/v2\/users\/1"}],"replies":[{"embeddable":true,"href":"https:\/\/miradordeatarfe.es\/index.php?rest_route=%2Fwp%2Fv2%2Fcomments&post=82564"}],"version-history":[{"count":2,"href":"https:\/\/miradordeatarfe.es\/index.php?rest_route=\/wp\/v2\/posts\/82564\/revisions"}],"predecessor-version":[{"id":82567,"href":"https:\/\/miradordeatarfe.es\/index.php?rest_route=\/wp\/v2\/posts\/82564\/revisions\/82567"}],"wp:featuredmedia":[{"embeddable":true,"href":"https:\/\/miradordeatarfe.es\/index.php?rest_route=\/wp\/v2\/media\/82565"}],"wp:attachment":[{"href":"https:\/\/miradordeatarfe.es\/index.php?rest_route=%2Fwp%2Fv2%2Fmedia&parent=82564"}],"wp:term":[{"taxonomy":"category","embeddable":true,"href":"https:\/\/miradordeatarfe.es\/index.php?rest_route=%2Fwp%2Fv2%2Fcategories&post=82564"},{"taxonomy":"post_tag","embeddable":true,"href":"https:\/\/miradordeatarfe.es\/index.php?rest_route=%2Fwp%2Fv2%2Ftags&post=82564"}],"curies":[{"name":"wp","href":"https:\/\/api.w.org\/{rel}","templated":true}]}}