{"id":82568,"date":"2026-03-13T10:25:44","date_gmt":"2026-03-13T09:25:44","guid":{"rendered":"https:\/\/miradordeatarfe.es\/?p=82568"},"modified":"2026-03-09T20:36:41","modified_gmt":"2026-03-09T19:36:41","slug":"el-racismo-institucional-que-viene-por-agustin-martinez","status":"publish","type":"post","link":"https:\/\/miradordeatarfe.es\/?p=82568","title":{"rendered":"\u00abEl racismo institucional que viene\u00bb por Agust\u00edn Mart\u00ednez"},"content":{"rendered":"<h3 class=\"paragraph-atom B-510-400-550-N B-525-400-700-N--md\" style=\"text-align: justify;\">Bienvenidos al fascinante renacimiento del siglo XX, ese parque tem\u00e1tico del horror que cre\u00edamos haber clausurado y que hoy parece reabrir sus puertas<\/h3>\n<p class=\"paragraph-atom B-510-400-550-N B-525-400-700-N--md\" style=\"text-align: justify;\">. El racismo 2.0 ya no solo se mide en la pureza de la sangre, sino en el saldo de la cuenta corriente. La xenofobia institucional ha dejado de esconderse tras eufemismos de \u201cseguridad nacional\u201d para mostrarse como lo que siempre fue: un desprecio absoluto por la dignidad humana.<\/p>\n<p class=\"paragraph-atom B-510-400-550-N B-525-400-700-N--md\" style=\"text-align: justify;\">\u200bLa punta de lanza, c\u00f3mo no, sigue siendo ese \u201cfaro de libertad\u201d llamado Estados Unidos, donde el odio se ha convertido en el combustible m\u00e1s barato para ganar elecciones. Pero el virus ha mutado y est\u00e1 encontrando en Europa un laboratorio de una sofisticaci\u00f3n aterradora.<\/p>\n<p class=\"paragraph-atom B-510-400-550-N B-525-400-700-N--md\" style=\"text-align: justify;\">El caso de Suecia es, simplemente, una obra maestra de la crueldad burocr\u00e1tica y puede dar lamentables ideas a algunos pol\u00edticos hisp\u00e1nicos. El pa\u00eds que una vez fue el estandarte de la socialdemocracia, ha decidido que la decencia tiene un precio exacto: 3.500 euros mensuales. \u200bLa iniciativa sueca \u2013ese peaje vergonzoso que el Gobierno ha pagado a la ultraderecha para mantener el sill\u00f3n\u2013 es de un cinismo que roza lo sublime. Si no ganas lo suficiente, te vas.<\/p>\n<p class=\"paragraph-atom B-510-400-550-N B-525-400-700-N--md\" style=\"text-align: justify;\">No importa si limpias los hospitales que los rubios arios prefieren no pisar, ni si cuidas a sus ancianos con una paciencia de santo por un salario de miseria. Si no alcanzas la cifra m\u00e1gica, pasas de ser un \u201cvalioso residente\u201d a ser un \u201cresiduo demogr\u00e1fico\u201d. Es la meritocracia aplicada a la expulsi\u00f3n: solo eres humano si eres rentable. Si eres pobre, tu existencia es un error administrativo.<\/p>\n<p class=\"paragraph-atom B-510-400-550-N B-525-400-700-N--md\" style=\"text-align: justify;\">\u200bEsta ola de derechas y ultraderechas que asola el globo \u2013desde los que ya gobiernan hasta los que afilan los cuchillos en la oposici\u00f3n\u2013 ha descubierto que el miedo al \u201cotro\u201d es el pegamento m\u00e1s eficaz para una sociedad rota. El racismo institucional ya no necesita capuchas blancas; ahora viste traje de Armani y redacta decretos. Se trata de una purga selectiva donde el color de la piel importa, claro, pero donde la cartera es el pasaporte definitivo.<\/p>\n<p class=\"paragraph-atom B-510-400-550-N B-525-400-700-N--md\" style=\"text-align: justify;\">Lo ir\u00f3nico es que estos mismos arquitectos del odio, que ahora exigen n\u00f3minas de ejecutivo a quienes vienen a hacer el trabajo sucio, son quienes desmantelan lo p\u00fablico y precarizan la vida. Es el c\u00edrculo perfecto de la infamia: te obligo a trabajar por migajas y luego te expulso por no tener el pan entero. Suecia solo es el espejo donde pronto nos miraremos en el sur, porque para algunos la libertad es un art\u00edculo de lujo que solo se permite quien tiene el visto bueno del banco.<\/p>\n<p>https:\/\/www.granadahoy.com\/opinion\/articulos\/racismo-institucional-viene_0_2006019903.html<\/p>\n<p>foto1: https:\/\/www.lisanews.org\/criminologia\/suecia-inmigracion-criminalidad\/<\/p>\n","protected":false},"excerpt":{"rendered":"<p>Bienvenidos al fascinante renacimiento del siglo XX, ese parque tem\u00e1tico del horror que cre\u00edamos haber&#8230;<\/p>\n","protected":false},"author":1,"featured_media":82569,"comment_status":"closed","ping_status":"closed","sticky":false,"template":"","format":"standard","meta":{"_coblocks_attr":"","_coblocks_dimensions":"","_coblocks_responsive_height":"","_coblocks_accordion_ie_support":"","jetpack_post_was_ever_published":false,"_jetpack_newsletter_access":"","_jetpack_dont_email_post_to_subs":false,"_jetpack_newsletter_tier_id":0,"_jetpack_memberships_contains_paywalled_content":false,"_jetpack_memberships_contains_paid_content":false,"footnotes":"","jetpack_publicize_message":"","jetpack_publicize_feature_enabled":true,"jetpack_social_post_already_shared":true,"jetpack_social_options":{"image_generator_settings":{"template":"highway","default_image_id":0,"enabled":false},"version":2}},"categories":[1161,10803,44],"tags":[],"class_list":["post-82568","post","type-post","status-publish","format-standard","has-post-thumbnail","hentry","category-ciudadania","category-europa","category-noticias-de-hoy"],"jetpack_publicize_connections":[],"jetpack_featured_media_url":"https:\/\/i0.wp.com\/miradordeatarfe.es\/wp-content\/uploads\/2026\/03\/suecia.jpg?fit=318%2C159&ssl=1","jetpack_likes_enabled":true,"jetpack_sharing_enabled":true,"_links":{"self":[{"href":"https:\/\/miradordeatarfe.es\/index.php?rest_route=\/wp\/v2\/posts\/82568","targetHints":{"allow":["GET"]}}],"collection":[{"href":"https:\/\/miradordeatarfe.es\/index.php?rest_route=\/wp\/v2\/posts"}],"about":[{"href":"https:\/\/miradordeatarfe.es\/index.php?rest_route=\/wp\/v2\/types\/post"}],"author":[{"embeddable":true,"href":"https:\/\/miradordeatarfe.es\/index.php?rest_route=\/wp\/v2\/users\/1"}],"replies":[{"embeddable":true,"href":"https:\/\/miradordeatarfe.es\/index.php?rest_route=%2Fwp%2Fv2%2Fcomments&post=82568"}],"version-history":[{"count":1,"href":"https:\/\/miradordeatarfe.es\/index.php?rest_route=\/wp\/v2\/posts\/82568\/revisions"}],"predecessor-version":[{"id":82570,"href":"https:\/\/miradordeatarfe.es\/index.php?rest_route=\/wp\/v2\/posts\/82568\/revisions\/82570"}],"wp:featuredmedia":[{"embeddable":true,"href":"https:\/\/miradordeatarfe.es\/index.php?rest_route=\/wp\/v2\/media\/82569"}],"wp:attachment":[{"href":"https:\/\/miradordeatarfe.es\/index.php?rest_route=%2Fwp%2Fv2%2Fmedia&parent=82568"}],"wp:term":[{"taxonomy":"category","embeddable":true,"href":"https:\/\/miradordeatarfe.es\/index.php?rest_route=%2Fwp%2Fv2%2Fcategories&post=82568"},{"taxonomy":"post_tag","embeddable":true,"href":"https:\/\/miradordeatarfe.es\/index.php?rest_route=%2Fwp%2Fv2%2Ftags&post=82568"}],"curies":[{"name":"wp","href":"https:\/\/api.w.org\/{rel}","templated":true}]}}