{"id":82574,"date":"2026-03-14T08:06:17","date_gmt":"2026-03-14T07:06:17","guid":{"rendered":"https:\/\/miradordeatarfe.es\/?p=82574"},"modified":"2026-03-13T21:28:03","modified_gmt":"2026-03-13T20:28:03","slug":"pedro-sanchez-lanza-hodio","status":"publish","type":"post","link":"https:\/\/miradordeatarfe.es\/?p=82574","title":{"rendered":"Pedro S\u00e1nchez lanza HODIO"},"content":{"rendered":"<header class=\"a_e _g _g-xs\">\n<div class=\"a_e_txt _df\">\n<h3 class=\"a_t\" style=\"text-align: justify;\">Pedro S\u00e1nchez lanza HODIO, una herramienta contra la polarizaci\u00f3n en las redes sociales: \u201cTendr\u00e1n que rendir cuentas\u201d.\u00a0\u201cYa no nos rendimos ante las plataformas\u201d, asegura el presidente al presentar este sistema de medici\u00f3n en el primer Foro contra el Odio<\/h3>\n<\/div>\n<\/header>\n<div class=\"a_c clearfix\" data-dtm-region=\"articulo_cuerpo\">\n<p class=\"\" style=\"text-align: justify;\">Pedro S\u00e1nchez refuerza las medidas contra el odio y la desinformaci\u00f3n en las redes sociales, uno de los asuntos centrales de esta legislatura en la que el presidente trata de poner en marcha la <a title=\"https:\/\/elpais.com\/sociedad\/2026-02-03\/sanchez-asegura-que-espana-prohibira-el-acceso-a-plataformas-digitales-a-menores-de-16-anos.html\" href=\"https:\/\/elpais.com\/sociedad\/2026-02-03\/sanchez-asegura-que-espana-prohibira-el-acceso-a-plataformas-digitales-a-menores-de-16-anos.html\" target=\"_self\" rel=\"\" data-link-track-dtm=\"\" data-mrf-link=\"https:\/\/elpais.com\/sociedad\/2026-02-03\/sanchez-asegura-que-espana-prohibira-el-acceso-a-plataformas-digitales-a-menores-de-16-anos.html\">prohibici\u00f3n de acceso a los menores de 16 a\u00f1os<\/a>, en l\u00ednea con lo que ha hecho Australia. El presidente ha anunciado hoy un nuevo sistema de lucha contra este odio, con un nuevo mecanismo que se llamar\u00e1 HODIO (la Huella del Odio y la Polarizaci\u00f3n, seg\u00fan explica el Gobierno), y que ser\u00e1 un instrumento con el que, a trav\u00e9s del Observatorio Espa\u00f1ol del Racismo y la Xenofobia, se podr\u00e1 \u201cmedir de forma sistem\u00e1tica la presencia, evoluci\u00f3n y alcance de los discursos de odio en las plataformas digitales utilizadas en Espa\u00f1a\u201d.<\/p>\n<p class=\"\" style=\"text-align: justify;\">La idea es que con estos datos se meta <a title=\"https:\/\/elpais.com\/tecnologia\/2026-02-08\/sanchez-busca-una-gran-alianza-europea-frente-al-estado-fallido-de-las-redes.html\" href=\"https:\/\/elpais.com\/tecnologia\/2026-02-08\/sanchez-busca-una-gran-alianza-europea-frente-al-estado-fallido-de-las-redes.html\" target=\"_self\" rel=\"\" data-link-track-dtm=\"\" data-mrf-link=\"https:\/\/elpais.com\/tecnologia\/2026-02-08\/sanchez-busca-una-gran-alianza-europea-frente-al-estado-fallido-de-las-redes.html\">presi\u00f3n a estas plataformas<\/a> para que recuperen mecanismos de control que han relajado en los \u00faltimos meses, sobre todo desde la llegada de Donald Trump a la Casa Blanca. Seg\u00fan ha explicado S\u00e1nchez, desde que Elon Musk compr\u00f3 Twitter, a la que ahora se llama X, los discursos de odio en esta plataforma aumentaron un 50%. El presidente espa\u00f1ol no disimula su enfrentamiento radical con las plataformas, a las que considera responsables de haber hecho de <a title=\"https:\/\/elpais.com\/espana\/2026-02-19\/sanchez-el-riesgo-de-que-la-inteligencia-artificial-se-escape-del-control-humano-es-real.html\" href=\"https:\/\/elpais.com\/espana\/2026-02-19\/sanchez-el-riesgo-de-que-la-inteligencia-artificial-se-escape-del-control-humano-es-real.html\" target=\"_self\" rel=\"\" data-link-track-dtm=\"\" data-mrf-link=\"https:\/\/elpais.com\/espana\/2026-02-19\/sanchez-el-riesgo-de-que-la-inteligencia-artificial-se-escape-del-control-humano-es-real.html\">internet \u201cla ley de la selva\u201d<\/a>. \u201cYa no nos rendimos ante las plataformas, ahora son ellas las que tendr\u00e1n que rendir cuentas ante las sociedades. Vamos a parar al odio. Nuestra misi\u00f3n es que hablemos m\u00e1s de amor y menos de odio\u201c, ha asegurado S\u00e1nchez en un discurso en el primer Foro contra el Odio.<\/p>\n<p class=\"\" style=\"text-align: justify;\">La nueva herramienta, seg\u00fan ha explicado, estar\u00e1 \u201cbasada en criterios acad\u00e9micos reconocidos y combinar\u00e1 an\u00e1lisis cuantitativo y revisi\u00f3n experta para garantizar precisi\u00f3n y representatividad\u201d.<\/p>\n<p class=\"\" style=\"text-align: justify;\">S\u00e1nchez quiere convertir esta huella del odio en algo similar a la huella de carbono, que hace que las empresas tengan que pagar m\u00e1s impuestos medioambientales en funci\u00f3n de lo que contaminan, por ejemplo. Este asunto es una prioridad para el Ejecutivo y est\u00e1 desarrollando varias medidas para combatir el odio en redes sociales, que seg\u00fan los an\u00e1lisis de La Moncloa explica buena parte del \u00e9xito de la ultraderecha entre los j\u00f3venes porque intoxica todo el debate pol\u00edtico en las redes, que es el lugar natural de informaci\u00f3n para millones de personas, especialmente los nativos digitales.<\/p>\n<p class=\"\" style=\"text-align: justify;\">\u201cEl objetivo es sacar el odio de la sombra, hacerlo visible y exigir responsabilidades a quienes no act\u00faan. Hagamos que aqu\u00ed tambi\u00e9n la verg\u00fcenza cambie de bando, como dice Giselle Pelicot. A partir de ahora, las redes sociales tendr\u00e1n que rendir cuentas p\u00fablicamente por cada contenido de odio que permitan, y la sociedad podr\u00e1 ser consciente\u201d, ha afirmado el presidente en su discurso.<\/p>\n<p class=\"\" style=\"text-align: justify;\">\u201cEl odio se fabrica. Se ha convertido en un arma pol\u00edtica. Para algunos es su principal baza electoral. Han reducido el coste de odiar. Basta un tuit. Las redes permiten canalizar el odio. Hay gente que hace negocio del odio. 3 de cada 4 j\u00f3venes espa\u00f1oles se cruzan con discursos de odio. Oberaxe localiza 1.300 mensajes de odio cada d\u00eda. Los delitos de odio han crecido un 41% en 10 a\u00f1os. Se ha pasado de la libertad de expresi\u00f3n a la libertad de agresi\u00f3n verbal. Se presenta el insulto como una opini\u00f3n\u201d, ha clamado S\u00e1nchez, que sostiene que gracias a la presi\u00f3n del Gobierno, las plataformas que antes retiraban el 21% de los mensajes de odio de los que les alertaba Oberaxe, ahora lo hacen con el 50%, aunque a\u00fan queda mucho por avanzar, seg\u00fan ha detallado.<\/p>\n<p class=\"\" style=\"text-align: justify;\">S\u00e1nchez sostiene adem\u00e1s que en el fondo de todo esto hay negocio, pero tambi\u00e9n pol\u00edtica. \u201cLa tecnolog\u00eda es poder, es pol\u00edtica, se est\u00e1 haciendo ah\u00ed pol\u00edtica de la mala, la que quiere que impere la ley del m\u00e1s fuerte. Las plataformas tendr\u00e1n que rendir cuentas. Y adem\u00e1s vamos a implementar el delito de amplificaci\u00f3n algor\u00edtmica, que quienes dise\u00f1an los algoritmos que amplifican el odio asuman su responsabilidad. La tecnolog\u00eda no es neutra, es pol\u00edtica\u201d, ha rematado.<\/p>\n<header class=\"a_e _g _g-xs\">\n<div class=\"a_e_m\">\n<figure class=\"a_m a_m-h \" style=\"text-align: justify;\"><figcaption class=\"a_m_p\"><a class=\"a_md_a_n\" title=\"Ver todas las noticias de Carlos E. Cu\u00e9\" href=\"https:\/\/elpais.com\/autor\/carlos-elordi-cue\/#?rel=author_top\" data-mrf-link=\"https:\/\/elpais.com\/autor\/carlos-elordi-cue\/\"><strong>Carlos E. Cu\u00e9<\/strong><\/a><\/p>\n<p>El presidente del Gobierno, Pedro S\u00e1nchez, interviene en la inauguraci\u00f3n de la primera Cumbre Internacional contra el Odio, este mi\u00e9rcoles en Madrid. <span class=\"a_m_m\">Chema Moya (EFE)<\/span><\/p>\n<\/figcaption><\/figure>\n<\/div>\n<\/header>\n<div class=\"a_md _g _g-xs \">\n<figure class=\"a_md_i a_m-h c_m--nf\">https:\/\/elpais.com\/sociedad\/2026-03-11\/sanchez-pone-en-marcha-hodio-una-herramienta-para-medir-y-combatir-la-polarizacion-en-las-redes-sociales-tendran-que-rendir-cuentas.html<\/figure>\n<div class=\"a_md_txt\">\n<div class=\"a_md_a\" data-dtm-region=\"articulo_firma\">\u00a0<\/div>\n<\/div>\n<\/div>\n<\/div>\n","protected":false},"excerpt":{"rendered":"<p>Pedro S\u00e1nchez lanza HODIO, una herramienta contra la polarizaci\u00f3n en las redes sociales: \u201cTendr\u00e1n que&#8230;<\/p>\n","protected":false},"author":1,"featured_media":82575,"comment_status":"closed","ping_status":"closed","sticky":false,"template":"","format":"standard","meta":{"_coblocks_attr":"","_coblocks_dimensions":"","_coblocks_responsive_height":"","_coblocks_accordion_ie_support":"","jetpack_post_was_ever_published":false,"_jetpack_newsletter_access":"","_jetpack_dont_email_post_to_subs":false,"_jetpack_newsletter_tier_id":0,"_jetpack_memberships_contains_paywalled_content":false,"_jetpack_memberships_contains_paid_content":false,"footnotes":"","jetpack_publicize_message":"","jetpack_publicize_feature_enabled":true,"jetpack_social_post_already_shared":true,"jetpack_social_options":{"image_generator_settings":{"template":"highway","default_image_id":0,"enabled":false},"version":2}},"categories":[10797,1161,10815,44,6937],"tags":[],"class_list":["post-82574","post","type-post","status-publish","format-standard","has-post-thumbnail","hentry","category-ciencia","category-ciudadania","category-inteligencia-artificial","category-noticias-de-hoy","category-sociedad"],"jetpack_publicize_connections":[],"jetpack_featured_media_url":"https:\/\/miradordeatarfe.es\/wp-content\/uploads\/2026\/03\/5OY5SWEKLBIEXKNWPP32C3VVN4.avif","jetpack_likes_enabled":true,"jetpack_sharing_enabled":true,"_links":{"self":[{"href":"https:\/\/miradordeatarfe.es\/index.php?rest_route=\/wp\/v2\/posts\/82574","targetHints":{"allow":["GET"]}}],"collection":[{"href":"https:\/\/miradordeatarfe.es\/index.php?rest_route=\/wp\/v2\/posts"}],"about":[{"href":"https:\/\/miradordeatarfe.es\/index.php?rest_route=\/wp\/v2\/types\/post"}],"author":[{"embeddable":true,"href":"https:\/\/miradordeatarfe.es\/index.php?rest_route=\/wp\/v2\/users\/1"}],"replies":[{"embeddable":true,"href":"https:\/\/miradordeatarfe.es\/index.php?rest_route=%2Fwp%2Fv2%2Fcomments&post=82574"}],"version-history":[{"count":4,"href":"https:\/\/miradordeatarfe.es\/index.php?rest_route=\/wp\/v2\/posts\/82574\/revisions"}],"predecessor-version":[{"id":82622,"href":"https:\/\/miradordeatarfe.es\/index.php?rest_route=\/wp\/v2\/posts\/82574\/revisions\/82622"}],"wp:featuredmedia":[{"embeddable":true,"href":"https:\/\/miradordeatarfe.es\/index.php?rest_route=\/wp\/v2\/media\/82575"}],"wp:attachment":[{"href":"https:\/\/miradordeatarfe.es\/index.php?rest_route=%2Fwp%2Fv2%2Fmedia&parent=82574"}],"wp:term":[{"taxonomy":"category","embeddable":true,"href":"https:\/\/miradordeatarfe.es\/index.php?rest_route=%2Fwp%2Fv2%2Fcategories&post=82574"},{"taxonomy":"post_tag","embeddable":true,"href":"https:\/\/miradordeatarfe.es\/index.php?rest_route=%2Fwp%2Fv2%2Ftags&post=82574"}],"curies":[{"name":"wp","href":"https:\/\/api.w.org\/{rel}","templated":true}]}}