{"id":82579,"date":"2026-03-12T12:22:33","date_gmt":"2026-03-12T11:22:33","guid":{"rendered":"https:\/\/miradordeatarfe.es\/?p=82579"},"modified":"2026-03-11T12:28:20","modified_gmt":"2026-03-11T11:28:20","slug":"la-senora-escolastica-vuelve-a-atarfe","status":"publish","type":"post","link":"https:\/\/miradordeatarfe.es\/?p=82579","title":{"rendered":"La Se\u00f1ora Escol\u00e1stica \u00a1VUELVE A ATARFE!"},"content":{"rendered":"<h3>Gran estreno de su nuevo espect\u00e1culo: \u00a0\u201cCON FAJA Y A LO LOCO\u201d\u00a0<\/h3>\n<p>La ATARFE\u00d1A\u00a0 <strong>Mary Paz Torres<\/strong> y su alter ego, l<strong>a se\u00f1ora Escol\u00e1stica<\/strong>, todav\u00eda est\u00e1 flotando, tras su paso por el XXVI Certamen Nacional de Teatro <span class=\"paywall pw-open\">Aficionado de Chinch\u00f3n (Madrid). No es para menos. En el pueblo natal de una leyenda viva del cine y el teatro como es Jos\u00e9 Sacrist\u00e1n, que da nombre a esta convocatoria teatral, tuvo una excelente acogida y guarda como oro en pa\u00f1o el mensaje que \u00e9ste le envi\u00f3 a su conclusi\u00f3n.<\/span><\/p>\n<p>Mary Paz, con su capacidad de transformarse en esa entra\u00f1able octogenaria, solo con la voz, sin necesidad de atrezzo alguno subir\u00e1 de nuevo al escenario y pondr\u00e1 su humor blanco e inteligente, dando un repaso a sus n\u00fameros m\u00e1s divertidos.\u00a0<\/p>\n<p><strong>\u00a0S\u00e1bado 14 de marzo<\/strong><br \/>\n<strong>\u00a020:00 horas<\/strong><br \/>\n<strong>\u00a0Centro Cultural\u00a0Medina Elvira<\/strong><\/p>\n<p>Si sabes lo que es una buena noche de carcajadas\u2026 no necesitas m\u00e1s explicaci\u00f3n. Y si a\u00fan no la has visto\u2026 esta es tu oportunidad.<\/p>\n<p>\u00a0Venta de entradas:<\/p>\n<p>\u00a0Centro Cultural Medina Elvira Y<\/p>\n<p>\u00a0<a href=\"https:\/\/www.redentradas.com\/?entradas=la-senora-escolastica-%22con-faja-y-a-lo-loco%22&amp;recinto=centro-cultural-medina-elvira&amp;rid=47&amp;eid=3578\">https:\/\/www.redentradas.com\/?entradas=la-senora-escolastica-%22con-faja-y-a-lo-loco%22&amp;recinto=centro-cultural-medina-elvira&amp;rid=47&amp;eid=3578<\/a><\/p>\n<p><img data-recalc-dims=\"1\" loading=\"lazy\" decoding=\"async\" class=\"alignnone wp-image-82580 size-full\" src=\"https:\/\/i0.wp.com\/miradordeatarfe.es\/wp-content\/uploads\/2026\/03\/senora-escolastica.jpg?resize=600%2C750&#038;ssl=1\" alt=\"\" width=\"600\" height=\"750\" srcset=\"https:\/\/i0.wp.com\/miradordeatarfe.es\/wp-content\/uploads\/2026\/03\/senora-escolastica.jpg?w=600&amp;ssl=1 600w, https:\/\/i0.wp.com\/miradordeatarfe.es\/wp-content\/uploads\/2026\/03\/senora-escolastica.jpg?resize=240%2C300&amp;ssl=1 240w\" sizes=\"auto, (max-width: 600px) 100vw, 600px\" \/><\/p>\n","protected":false},"excerpt":{"rendered":"<p>Gran estreno de su nuevo espect\u00e1culo: \u00a0\u201cCON FAJA Y A LO LOCO\u201d\u00a0 La ATARFE\u00d1A\u00a0 Mary&#8230;<\/p>\n","protected":false},"author":1,"featured_media":82581,"comment_status":"closed","ping_status":"closed","sticky":false,"template":"","format":"standard","meta":{"_coblocks_attr":"","_coblocks_dimensions":"","_coblocks_responsive_height":"","_coblocks_accordion_ie_support":"","jetpack_post_was_ever_published":false,"_jetpack_newsletter_access":"","_jetpack_dont_email_post_to_subs":false,"_jetpack_newsletter_tier_id":0,"_jetpack_memberships_contains_paywalled_content":false,"_jetpack_memberships_contains_paid_content":false,"footnotes":"","jetpack_publicize_message":"","jetpack_publicize_feature_enabled":true,"jetpack_social_post_already_shared":true,"jetpack_social_options":{"image_generator_settings":{"template":"highway","default_image_id":0,"enabled":false},"version":2}},"categories":[12,1161,186,44],"tags":[],"class_list":["post-82579","post","type-post","status-publish","format-standard","has-post-thumbnail","hentry","category-cultura","category-ciudadania","category-instituciones","category-noticias-de-hoy"],"jetpack_publicize_connections":[],"jetpack_featured_media_url":"https:\/\/i0.wp.com\/miradordeatarfe.es\/wp-content\/uploads\/2026\/03\/arenas-U190631622095lAH-U2201204928370yxH-1200x840%40Ideal.webp?fit=1198%2C840&ssl=1","jetpack_likes_enabled":true,"jetpack_sharing_enabled":true,"_links":{"self":[{"href":"https:\/\/miradordeatarfe.es\/index.php?rest_route=\/wp\/v2\/posts\/82579","targetHints":{"allow":["GET"]}}],"collection":[{"href":"https:\/\/miradordeatarfe.es\/index.php?rest_route=\/wp\/v2\/posts"}],"about":[{"href":"https:\/\/miradordeatarfe.es\/index.php?rest_route=\/wp\/v2\/types\/post"}],"author":[{"embeddable":true,"href":"https:\/\/miradordeatarfe.es\/index.php?rest_route=\/wp\/v2\/users\/1"}],"replies":[{"embeddable":true,"href":"https:\/\/miradordeatarfe.es\/index.php?rest_route=%2Fwp%2Fv2%2Fcomments&post=82579"}],"version-history":[{"count":1,"href":"https:\/\/miradordeatarfe.es\/index.php?rest_route=\/wp\/v2\/posts\/82579\/revisions"}],"predecessor-version":[{"id":82582,"href":"https:\/\/miradordeatarfe.es\/index.php?rest_route=\/wp\/v2\/posts\/82579\/revisions\/82582"}],"wp:featuredmedia":[{"embeddable":true,"href":"https:\/\/miradordeatarfe.es\/index.php?rest_route=\/wp\/v2\/media\/82581"}],"wp:attachment":[{"href":"https:\/\/miradordeatarfe.es\/index.php?rest_route=%2Fwp%2Fv2%2Fmedia&parent=82579"}],"wp:term":[{"taxonomy":"category","embeddable":true,"href":"https:\/\/miradordeatarfe.es\/index.php?rest_route=%2Fwp%2Fv2%2Fcategories&post=82579"},{"taxonomy":"post_tag","embeddable":true,"href":"https:\/\/miradordeatarfe.es\/index.php?rest_route=%2Fwp%2Fv2%2Ftags&post=82579"}],"curies":[{"name":"wp","href":"https:\/\/api.w.org\/{rel}","templated":true}]}}