{"id":82583,"date":"2026-03-11T14:23:28","date_gmt":"2026-03-11T13:23:28","guid":{"rendered":"https:\/\/miradordeatarfe.es\/?p=82583"},"modified":"2026-03-11T14:23:28","modified_gmt":"2026-03-11T13:23:28","slug":"atarfe-visitas-guiadas-a-la-exposicion-sostener-el-mundo","status":"publish","type":"post","link":"https:\/\/miradordeatarfe.es\/?p=82583","title":{"rendered":"ATARFE: \u00a1Visitas guiadas a la exposici\u00f3n \u201cSostener el mundo\u201d"},"content":{"rendered":"<h3>La exposici\u00f3n \u201cSostener el mundo\u201d, que puede visitarse actualmente en el Centro Cultural Medina Elvira, ofrecer\u00e1 visitas guiadas especiales acompa\u00f1adas por el propio autor de las fotograf\u00edas.<\/h3>\n<p>El atarfe\u00f1o Juan de Dios Fern\u00e1ndez Carmona\u00a0 os ofrece una oportunidad \u00fanica para descubrir, detr\u00e1s de cada imagen, las historias, contextos y an\u00e9cdotas que rodean a las mujeres retratadas en distintos lugares del mundo. Una invitaci\u00f3n a mirar sin prisa y a reconocer la fuerza de lo cotidiano, aquello que sostiene la vida y las comunidades.<\/p>\n<p>Visitas guiadas:<br \/>\n<strong>&#8211;\u00a0Mi\u00e9rcoles \u00b7 19:00 h<\/strong><br \/>\n<strong>&#8211;\u00a0Viernes \u00b7 17:00 h<\/strong><br \/>\n<strong>&#8211;\u00a0Duraci\u00f3n aproximada: 40 minutos<\/strong><br \/>\n<strong>&#8211;\u00a0Reserva previa obligatoria: 958 439 697<\/strong><\/p>\n<p>Una experiencia diferente para profundizar en una exposici\u00f3n que invita a sentir, reflexionar y mirar el mundo desde otra perspectiva.<\/p>\n<p><img data-recalc-dims=\"1\" loading=\"lazy\" decoding=\"async\" src=\"https:\/\/i0.wp.com\/www.atarfe.es\/data\/CoreImages\/exposicion-sostener-el-mundo-2.jpeg?resize=350%2C504&#038;ssl=1\" alt=\"\" width=\"350\" height=\"504\" \/><\/p>\n","protected":false},"excerpt":{"rendered":"<p>La exposici\u00f3n \u201cSostener el mundo\u201d, que puede visitarse actualmente en el Centro Cultural Medina Elvira,&#8230;<\/p>\n","protected":false},"author":1,"featured_media":82584,"comment_status":"closed","ping_status":"closed","sticky":false,"template":"","format":"standard","meta":{"_coblocks_attr":"","_coblocks_dimensions":"","_coblocks_responsive_height":"","_coblocks_accordion_ie_support":"","jetpack_post_was_ever_published":false,"_jetpack_newsletter_access":"","_jetpack_dont_email_post_to_subs":false,"_jetpack_newsletter_tier_id":0,"_jetpack_memberships_contains_paywalled_content":false,"_jetpack_memberships_contains_paid_content":false,"footnotes":"","jetpack_publicize_message":"","jetpack_publicize_feature_enabled":true,"jetpack_social_post_already_shared":true,"jetpack_social_options":{"image_generator_settings":{"template":"highway","default_image_id":0,"enabled":false},"version":2}},"categories":[10812,14,44],"tags":[],"class_list":["post-82583","post","type-post","status-publish","format-standard","has-post-thumbnail","hentry","category-centro-cultural-medina-elvira","category-feminismo","category-noticias-de-hoy"],"jetpack_publicize_connections":[],"jetpack_featured_media_url":"https:\/\/i0.wp.com\/miradordeatarfe.es\/wp-content\/uploads\/2026\/03\/504.jpg?fit=1440%2C1080&ssl=1","jetpack_likes_enabled":true,"jetpack_sharing_enabled":true,"_links":{"self":[{"href":"https:\/\/miradordeatarfe.es\/index.php?rest_route=\/wp\/v2\/posts\/82583","targetHints":{"allow":["GET"]}}],"collection":[{"href":"https:\/\/miradordeatarfe.es\/index.php?rest_route=\/wp\/v2\/posts"}],"about":[{"href":"https:\/\/miradordeatarfe.es\/index.php?rest_route=\/wp\/v2\/types\/post"}],"author":[{"embeddable":true,"href":"https:\/\/miradordeatarfe.es\/index.php?rest_route=\/wp\/v2\/users\/1"}],"replies":[{"embeddable":true,"href":"https:\/\/miradordeatarfe.es\/index.php?rest_route=%2Fwp%2Fv2%2Fcomments&post=82583"}],"version-history":[{"count":1,"href":"https:\/\/miradordeatarfe.es\/index.php?rest_route=\/wp\/v2\/posts\/82583\/revisions"}],"predecessor-version":[{"id":82585,"href":"https:\/\/miradordeatarfe.es\/index.php?rest_route=\/wp\/v2\/posts\/82583\/revisions\/82585"}],"wp:featuredmedia":[{"embeddable":true,"href":"https:\/\/miradordeatarfe.es\/index.php?rest_route=\/wp\/v2\/media\/82584"}],"wp:attachment":[{"href":"https:\/\/miradordeatarfe.es\/index.php?rest_route=%2Fwp%2Fv2%2Fmedia&parent=82583"}],"wp:term":[{"taxonomy":"category","embeddable":true,"href":"https:\/\/miradordeatarfe.es\/index.php?rest_route=%2Fwp%2Fv2%2Fcategories&post=82583"},{"taxonomy":"post_tag","embeddable":true,"href":"https:\/\/miradordeatarfe.es\/index.php?rest_route=%2Fwp%2Fv2%2Ftags&post=82583"}],"curies":[{"name":"wp","href":"https:\/\/api.w.org\/{rel}","templated":true}]}}