{"id":82586,"date":"2026-03-12T10:26:35","date_gmt":"2026-03-12T09:26:35","guid":{"rendered":"https:\/\/miradordeatarfe.es\/?p=82586"},"modified":"2026-03-13T12:38:19","modified_gmt":"2026-03-13T11:38:19","slug":"ugr-doctores-tenga-la-escuela-por-juan-de-dios-villanueva-roa","status":"publish","type":"post","link":"https:\/\/miradordeatarfe.es\/?p=82586","title":{"rendered":"\u00abUGR, Doctores tenga la escuela\u00bb por Juan de Dios Villanueva Roa"},"content":{"rendered":"<h3 style=\"text-align: justify;\">Que s\u00ed, estamos arriba, en lo m\u00e1s alto en producci\u00f3n cient\u00edfica doctoral en Ciencias de la Educaci\u00f3n en la \u00faltima d\u00e9cada.<\/h3>\n<p style=\"text-align: justify;\">Esta noticia salt\u00f3 la <span class=\"paywall pw-open\">semana pasada, aunque su repercusi\u00f3n a\u00fan est\u00e1 por llegar. Y es que el Programa de Doctorado en Ciencias de la Educaci\u00f3n, con presencia en los campus de Granada, Ceuta y Melilla, alcanza y supera las 400 tesis defendidas desde 2013 y se consolida como el m\u00e1s productivo de la Universidad de Granada y del sistema universitario espa\u00f1ol en su \u00e1mbito. <\/span><span class=\"paywall pw-open\">Estamos por delante de todas las universidades espa\u00f1olas. <\/span><\/p>\n<p style=\"text-align: justify;\"><span class=\"paywall pw-open\">Esto, que es motivo de orgullo para quienes nos dedicamos al mundo de la educaci\u00f3n, es fruto del trabajo de cientos de profesionales, desde profesorado hasta personal de administraci\u00f3n y servicios, que invertimos tiempo y esfuerzo en trabajar para mejorar la educaci\u00f3n en nuestro entorno, el entorno educativo. <\/span><\/p>\n<p style=\"text-align: justify;\"><span class=\"paywall pw-open\">El equipo dirigido por la doctora Eva Olmedo, catedr\u00e1tica del departamento de MIDE, formado por decenas de investigadores, ha logrado que la internacionalizaci\u00f3n sea de las m\u00e1s importantes de Europa, en Granada, en la UGR; la cooperaci\u00f3n internacional hace que acudan doctorandos desde todo el mundo para cursar estudios en nuestra universidad. Orgullo y satisfacci\u00f3n son dos palabras que acompa\u00f1an a esta noticia. <\/span><\/p>\n<p style=\"text-align: justify;\"><span class=\"paywall pw-open\">Futuro es la tercera. Nuestros alumnos llegan desde los cinco continentes, convergen en nuestra ciudad, en nuestras aulas, en nuestros sistemas de formaci\u00f3n (tengamos en cuenta que el doctorando precisa de una formaci\u00f3n espec\u00edfica muy exigente impartida por especialistas de rango mundial). No se trata solo de realizar una investigaci\u00f3n, es mucho m\u00e1s, y ese punto de calidad que tienen todos los programas de doctorado de la UGR, hace destacar al de Ciencias de la Educaci\u00f3n, tanto en n\u00famero como en calidad, a nivel nacional. Granada tiene un motivo m\u00e1s para estar orgullosa de su Universidad y de sus profesionales.<\/span><\/p>\n<p>&nbsp;<\/p>\n","protected":false},"excerpt":{"rendered":"<p>Que s\u00ed, estamos arriba, en lo m\u00e1s alto en producci\u00f3n cient\u00edfica doctoral en Ciencias de&#8230;<\/p>\n","protected":false},"author":1,"featured_media":82587,"comment_status":"closed","ping_status":"closed","sticky":false,"template":"","format":"standard","meta":{"_coblocks_attr":"","_coblocks_dimensions":"","_coblocks_responsive_height":"","_coblocks_accordion_ie_support":"","jetpack_post_was_ever_published":false,"_jetpack_newsletter_access":"","_jetpack_dont_email_post_to_subs":false,"_jetpack_newsletter_tier_id":0,"_jetpack_memberships_contains_paywalled_content":false,"_jetpack_memberships_contains_paid_content":false,"footnotes":"","jetpack_publicize_message":"","jetpack_publicize_feature_enabled":true,"jetpack_social_post_already_shared":false,"jetpack_social_options":{"image_generator_settings":{"template":"highway","default_image_id":0,"enabled":false},"version":2}},"categories":[10797,1161,10781,9772,44],"tags":[],"class_list":["post-82586","post","type-post","status-publish","format-standard","has-post-thumbnail","hentry","category-ciencia","category-ciudadania","category-granada","category-opinion-de-juan-de-dios-villanueva","category-noticias-de-hoy"],"jetpack_publicize_connections":[],"jetpack_featured_media_url":"https:\/\/i0.wp.com\/miradordeatarfe.es\/wp-content\/uploads\/2026\/03\/facultadcienciasdelaeducacion_1.jpg?fit=351%2C234&ssl=1","jetpack_likes_enabled":true,"jetpack_sharing_enabled":true,"_links":{"self":[{"href":"https:\/\/miradordeatarfe.es\/index.php?rest_route=\/wp\/v2\/posts\/82586","targetHints":{"allow":["GET"]}}],"collection":[{"href":"https:\/\/miradordeatarfe.es\/index.php?rest_route=\/wp\/v2\/posts"}],"about":[{"href":"https:\/\/miradordeatarfe.es\/index.php?rest_route=\/wp\/v2\/types\/post"}],"author":[{"embeddable":true,"href":"https:\/\/miradordeatarfe.es\/index.php?rest_route=\/wp\/v2\/users\/1"}],"replies":[{"embeddable":true,"href":"https:\/\/miradordeatarfe.es\/index.php?rest_route=%2Fwp%2Fv2%2Fcomments&post=82586"}],"version-history":[{"count":1,"href":"https:\/\/miradordeatarfe.es\/index.php?rest_route=\/wp\/v2\/posts\/82586\/revisions"}],"predecessor-version":[{"id":82588,"href":"https:\/\/miradordeatarfe.es\/index.php?rest_route=\/wp\/v2\/posts\/82586\/revisions\/82588"}],"wp:featuredmedia":[{"embeddable":true,"href":"https:\/\/miradordeatarfe.es\/index.php?rest_route=\/wp\/v2\/media\/82587"}],"wp:attachment":[{"href":"https:\/\/miradordeatarfe.es\/index.php?rest_route=%2Fwp%2Fv2%2Fmedia&parent=82586"}],"wp:term":[{"taxonomy":"category","embeddable":true,"href":"https:\/\/miradordeatarfe.es\/index.php?rest_route=%2Fwp%2Fv2%2Fcategories&post=82586"},{"taxonomy":"post_tag","embeddable":true,"href":"https:\/\/miradordeatarfe.es\/index.php?rest_route=%2Fwp%2Fv2%2Ftags&post=82586"}],"curies":[{"name":"wp","href":"https:\/\/api.w.org\/{rel}","templated":true}]}}