{"id":82590,"date":"2026-03-14T11:03:20","date_gmt":"2026-03-14T10:03:20","guid":{"rendered":"https:\/\/miradordeatarfe.es\/?p=82590"},"modified":"2026-03-13T14:14:46","modified_gmt":"2026-03-13T13:14:46","slug":"atarfe-la-empresa-atarfil-y-su-produccion-en-tiempo-de-guerra","status":"publish","type":"post","link":"https:\/\/miradordeatarfe.es\/?p=82590","title":{"rendered":"ATARFE : La empresa ATARFIL y su producci\u00f3n en tiempo de guerra"},"content":{"rendered":"<h3 class=\"v-a-t\" style=\"text-align: justify;\">La empresa ATARFE\u00d1A \u00abAtarfil\u00bb mantiene su producci\u00f3n en plena crisis en el Estrecho de Ormuz.\u00a0Pusieron a salvo a los equipos que ten\u00edan en Asia y Australia y la factor\u00eda de geomembranas sigue trabajando: \u00abEl sistema de intercepci\u00f3n de misiles de Emiratos funciona pero los restos que caen crean alarma\u00bb<\/h3>\n<p class=\"v-p\" style=\"text-align: justify;\">La empresa de ingenier\u00eda granadina Atarfil, referente mundial en el sector de las geomembranas, marcaba un hito en el a\u00f1o 2011 al convertirse en la <span class=\"paywall pw-open\">primera industria espa\u00f1ola en abrir una f\u00e1brica en la zona franca m\u00e1s importante de Oriente Medio, el pol\u00edgono del puerto Jebel Ali (la Jebel Ali Free Zone) en Dub\u00e1i. Situado en la entrada del estrat\u00e9gico Estrecho de Ormuz, por el que pasa el 20% del petr\u00f3leo mundial, Jebel Ali es el puerto de contenedores m\u00e1s activo del mundo fuera de Asia y un cruce clave para las mercanc\u00edas enviadas desde Asia a \u00c1frica, Europa y la Costa Este de Estados Unidos.<\/span><\/p>\n<div class=\"paywall\" data-mrf-recirculation=\"Link art\u00edculos\">\n<p class=\"v-p\" style=\"text-align: justify;\">La multinacional granadina se implant\u00f3 en este pol\u00edgono estrat\u00e9gico, el coraz\u00f3n comercial de Oriente Medio, para suministrar materiales y tecnolog\u00eda a todos los proyectos y obras que realizan no solo en estos pa\u00edses, sino en Australia, Ocean\u00eda, Asia o \u00c1frica, ya que el 85% de su negocio es internacional.<\/p>\n<p class=\"v-p\" style=\"text-align: justify;\">Atarfil se ha labrado un prestigio internacional como una de las m\u00e1ximas especialistas mundiales en soluciones de contenci\u00f3n segura y eficiente en los entornos m\u00e1s exigentes. Sus plantas de Atarfe y Dub\u00e1i, entre las trabajan 190 profesionales, fabrican l\u00e1minas termopl\u00e1sticas que se utilizan como barreras de contenci\u00f3n de l\u00edquidos o gases y tienen aplicaciones en el sector del agua, como balsas de riego o canales, la miner\u00eda o la gesti\u00f3n de residuos. Gracias a su conocimiento y tecnolog\u00eda propia &#8216;made in Granada&#8217; en Atarfil controlan todo el proceso de fabricaci\u00f3n y pueden desarrollar un producto excepcional en seguridad y durabilidad que ha hecho que en todo el mundo demanden sus servicios hasta el punto que la empresa granadina es l\u00edder en su sector en mercados como Australia, Francia, Portugal o los propios Emiratos \u00c1rabes.<\/p>\n<div class=\"v-c-cmp v-n-mrg\" style=\"text-align: justify;\">\n<h3 class=\"v-cmp-suh\">Ocupados<\/h3>\n<\/div>\n<p class=\"v-p\" style=\"text-align: justify;\">Ahora que los ataques lanzados por Ir\u00e1n en respuesta a la ofensiva iniciada por Estados Unidos e Israel mantienen a la regi\u00f3n en una escalada de tensi\u00f3n, el mundo entero contiene el aliento. El puerto de Jebel Ali est\u00e1 en el ojo del hurac\u00e1n por lo que, l\u00f3gicamente, en la sede de Atarfil en Granada est\u00e1n monitorizando desde el primer momento la situaci\u00f3n de su planta de Dub\u00e1i, una f\u00e1brica de unos 15.000 metros cuadrados que est\u00e1 a la vanguardia mundial en el sector de las geomembranas.<\/p>\n<div class=\"v-c-cmp v-c-cmp--s\" style=\"text-align: justify;\">\n<div class=\"v-cmp-m \">\n<div class=\"v-a v-a--cmp-m v-c-cmp--m-z\">\n<div class=\"v-a-img-c \">\n<figure class=\"v-a-fig\">\n<div class=\"v-a-link\"><img data-recalc-dims=\"1\" loading=\"lazy\" decoding=\"async\" class=\"v-a-img alignleft\" src=\"https:\/\/i0.wp.com\/s2.ppllstatics.com\/ideal\/www\/multimedia\/2026\/03\/06\/Atarfil-U80177660621BHg-650x455%40Ideal.jpg?resize=640%2C448&#038;ssl=1\" alt=\"Un profesional de Atarfil en la planta de Granada.\" width=\"640\" height=\"448\" data-voc-vtm-id=\"in-text-traffic\" \/><\/p>\n<div class=\"v-pill-m v-pill-m--z \">\n<p class=\"v-pill-m__c\"><span class=\"v-pill-m__p\">Ampliar<\/span><\/p>\n<\/div>\n<\/div><figcaption class=\"v-fc \"><span class=\"v-fc__t\"> Un profesional de Atarfil en la planta de Granada. <\/span> <span class=\"v-fc__p\"> Pepe Mar\u00edn <\/span><\/figcaption><\/figure>\n<\/div>\n<\/div>\n<\/div>\n<\/div>\n<div class=\"v-c-cmp v-c-cmp--s\" style=\"text-align: justify;\">\n<div class=\"v-cmp-m \">\n<div class=\"v-a v-a--cmp-m v-c-cmp--m-z\">\n<div class=\"v-a-img-c \">\n<figure class=\"v-a-fig\">\n<div class=\"v-a-link\"><img data-recalc-dims=\"1\" loading=\"lazy\" decoding=\"async\" class=\"v-a-img alignright\" src=\"https:\/\/i0.wp.com\/s3.ppllstatics.com\/ideal\/www\/multimedia\/2026\/03\/06\/Atarfil3-U73313711062GvL-650x455%40Ideal.jpg?resize=640%2C448&#038;ssl=1\" alt=\"Materiales en la planta de Atarfil en Granada.\" width=\"640\" height=\"448\" data-voc-vtm-id=\"in-text-traffic\" \/><\/div><figcaption class=\"v-fc \"><span class=\"v-fc__t\">Materiales en la planta de Atarfil en Granada. <\/span> <span class=\"v-fc__p\"> Pepe Mar\u00edn <\/span><\/figcaption><\/figure>\n<\/div>\n<\/div>\n<\/div>\n<\/div>\n<p class=\"v-p\" style=\"text-align: justify;\">Ante tal embrollo mundial que les pilla de lleno, el CEO y director general de Atarfil, Emilio Carreras, se ocupa, m\u00e1s que se preocupa. Y es que una empresa que mueve continuamente materiales por el mundo tiene una larga experiencia en resolver problemas y gestionar gabinetes de crisis. En este caso, lo primero fue poner a salvo a los profesionales de Atarfil que estaban trabajando en proyectos en pa\u00edses asi\u00e1ticos o en tr\u00e1nsito y lo han hecho con sus propios medios.<\/p>\n<p class=\"v-p\" style=\"text-align: justify;\">\u00abTen\u00edamos a uno de nuestros equipos humanos de Espa\u00f1a en B\u00e1rein haciendo un proyecto. El mismo fin de semana que estall\u00f3 el conflicto les sacamos un visado para entrar en Arabia Saud\u00ed, desde ah\u00ed a Riad, Casa Blanca y Sevilla\u00bb, explica el CEO. La compa\u00f1\u00eda gestion\u00f3 tambi\u00e9n la salida de otro equipo de profesionales que ven\u00eda de Australia y al que la crisis le pill\u00f3 en tr\u00e1nsito en Dub\u00e1i.<\/p>\n<p class=\"v-p\" style=\"text-align: justify;\">Sus prioridad, igualmente, desde el minuto uno ha sido garantizar la seguridad de los trabajadores de la planta de Dub\u00e1i, con la que est\u00e1n en permanente contacto. \u00abNos cuentan que el sistema de intercepci\u00f3n de misiles de Emiratos tiene una eficacia muy alta, est\u00e1n logrando defenderse de los ataques, aunque los restos de las intercepciones est\u00e1n generando problemas y alarma\u00bb, se\u00f1ala.<\/p>\n<p class=\"v-p\" style=\"text-align: justify;\">Y m\u00e1s all\u00e1 de lo primero, que es la seguridad de su gente, como cualquier compa\u00f1\u00eda internacional en Atarfil est\u00e1n preocupados por el impacto en el comercio internacional que tendr\u00e1 un conflicto que est\u00e1 sacudiendo las rutas mar\u00edtimas y amenaza las cadenas de suministros globales.<\/p>\n<p class=\"v-p\" style=\"text-align: justify;\">\u00abTenemos muchos proyectos en cartera y l\u00f3gicamente nos preocupa el impacto en la log\u00edstica. Tenemos mucho material circulando por el mundo y estamos en contacto con las navieras y los proveedores para rehacer cadenas de suministro, plazos de entrega, ver el impacto en los precios y buscando puertos alternativos\u00bb, relata el CEO.<\/p>\n<p class=\"v-p\" style=\"text-align: justify;\">En su opini\u00f3n, ser\u00e1 inevitable que se abra un gap en la cadena log\u00edstica lo que exigir\u00e1 un arduo trabajo de reorganizaci\u00f3n. La ruptura de la cadena puede provocar retrasos a la hora de facturar trabajos o enviar suministros, pero la empresa granadina conf\u00eda en su solvencia para poder mantener la f\u00e1brica operativa.<\/p>\n<p class=\"v-p\" style=\"text-align: justify;\">El impacto del conflicto internacional que amenaza con abrir la puerta a un episodio inflacionario en Europa, como el que se vivi\u00f3 tras la invasi\u00f3n rusa de Ucrania, es todav\u00eda una inc\u00f3gnita. \u00abLa amenaza es muy grave y todo el mundo puede sufrir, especialmente Asia. China, que es la f\u00e1brica del mundo, sufrir\u00eda sin energ\u00eda, Jap\u00f3n, India, todo Oriente Medio&#8230; La incertidumbre la tenemos todas las empresas\u00bb, concluye.<\/p>\n<p><a href=\"https:\/\/www.ideal.es\/autor\/mercedes-navarrete-434.html\" data-mrf-link=\"https:\/\/www.ideal.es\/autor\/mercedes-navarrete-434.html\"><strong>Mercedes Navarrete<\/strong><\/a><\/p>\n<p>foto: <span class=\"v-fc__t\">El puerto de Jebel Ali en cuya zona franca se encuentra la planta de Atarfil en Dub\u00e1i.<\/span> <span class=\"v-fc__p\">Agencias<\/span><\/p>\n<p>https:\/\/www.ideal.es\/granada\/granadina-atarfil-ojo-huracan-conflicto-gran-fabrica-20260312160605-nt.html<\/p>\n<\/div>\n","protected":false},"excerpt":{"rendered":"<p>La empresa ATARFE\u00d1A \u00abAtarfil\u00bb mantiene su producci\u00f3n en plena crisis en el Estrecho de Ormuz.\u00a0Pusieron&#8230;<\/p>\n","protected":false},"author":1,"featured_media":82591,"comment_status":"closed","ping_status":"closed","sticky":false,"template":"","format":"standard","meta":{"_coblocks_attr":"","_coblocks_dimensions":"","_coblocks_responsive_height":"","_coblocks_accordion_ie_support":"","jetpack_post_was_ever_published":false,"_jetpack_newsletter_access":"","_jetpack_dont_email_post_to_subs":false,"_jetpack_newsletter_tier_id":0,"_jetpack_memberships_contains_paywalled_content":false,"_jetpack_memberships_contains_paid_content":false,"footnotes":"","jetpack_publicize_message":"","jetpack_publicize_feature_enabled":true,"jetpack_social_post_already_shared":true,"jetpack_social_options":{"image_generator_settings":{"template":"highway","default_image_id":0,"enabled":false},"version":2}},"categories":[2,1161,186,44],"tags":[],"class_list":["post-82590","post","type-post","status-publish","format-standard","has-post-thumbnail","hentry","category-atarfe","category-ciudadania","category-instituciones","category-noticias-de-hoy"],"jetpack_publicize_connections":[],"jetpack_featured_media_url":"https:\/\/i0.wp.com\/miradordeatarfe.es\/wp-content\/uploads\/2026\/03\/Atarfilpuerto-Rr7DMSjZBBgr6mrOWpbK4fJ-1200x840%40Ideal.webp?fit=1200%2C840&ssl=1","jetpack_likes_enabled":true,"jetpack_sharing_enabled":true,"_links":{"self":[{"href":"https:\/\/miradordeatarfe.es\/index.php?rest_route=\/wp\/v2\/posts\/82590","targetHints":{"allow":["GET"]}}],"collection":[{"href":"https:\/\/miradordeatarfe.es\/index.php?rest_route=\/wp\/v2\/posts"}],"about":[{"href":"https:\/\/miradordeatarfe.es\/index.php?rest_route=\/wp\/v2\/types\/post"}],"author":[{"embeddable":true,"href":"https:\/\/miradordeatarfe.es\/index.php?rest_route=\/wp\/v2\/users\/1"}],"replies":[{"embeddable":true,"href":"https:\/\/miradordeatarfe.es\/index.php?rest_route=%2Fwp%2Fv2%2Fcomments&post=82590"}],"version-history":[{"count":1,"href":"https:\/\/miradordeatarfe.es\/index.php?rest_route=\/wp\/v2\/posts\/82590\/revisions"}],"predecessor-version":[{"id":82592,"href":"https:\/\/miradordeatarfe.es\/index.php?rest_route=\/wp\/v2\/posts\/82590\/revisions\/82592"}],"wp:featuredmedia":[{"embeddable":true,"href":"https:\/\/miradordeatarfe.es\/index.php?rest_route=\/wp\/v2\/media\/82591"}],"wp:attachment":[{"href":"https:\/\/miradordeatarfe.es\/index.php?rest_route=%2Fwp%2Fv2%2Fmedia&parent=82590"}],"wp:term":[{"taxonomy":"category","embeddable":true,"href":"https:\/\/miradordeatarfe.es\/index.php?rest_route=%2Fwp%2Fv2%2Fcategories&post=82590"},{"taxonomy":"post_tag","embeddable":true,"href":"https:\/\/miradordeatarfe.es\/index.php?rest_route=%2Fwp%2Fv2%2Ftags&post=82590"}],"curies":[{"name":"wp","href":"https:\/\/api.w.org\/{rel}","templated":true}]}}