{"id":82596,"date":"2026-03-14T10:36:34","date_gmt":"2026-03-14T09:36:34","guid":{"rendered":"https:\/\/miradordeatarfe.es\/?p=82596"},"modified":"2026-03-13T14:23:23","modified_gmt":"2026-03-13T13:23:23","slug":"granada-supera-el-corte-y-se-convierte-en-finalista-para-ser-capital-cultural-de-europa-en-2031","status":"publish","type":"post","link":"https:\/\/miradordeatarfe.es\/?p=82596","title":{"rendered":"Granada supera el corte y se convierte en finalista para ser Capital Cultural de Europa en 2031"},"content":{"rendered":"<h2><span class=\"paywall pw-open\"><strong>Granada competir\u00e1 contra C\u00e1ceres, Oviedo y Las Palmas<\/strong><\/span><\/h2>\n<p class=\"v-p\" style=\"text-align: justify;\">El pleito se resolv\u00eda entre risas o l\u00e1grimas, y ha salido&#8230; risas. S\u00ed, Granada ha pasado a la segunda y definitiva fase para ser Capital <span class=\"paywall pw-open\">Cultural de Europa en 2031. La noticia se ha conocido en directo, v\u00eda &#8216;streaming&#8217;, desde el Ministerio de Cultura, donde a las 13.00 horas se ha ofrecido una rueda de prensa para comunicar la &#8216;lista restringida&#8217; con los nombres de las cuatro ciudades finalistas. <strong>Granada competir\u00e1 contra C\u00e1ceres, Oviedo y Las Palmas<\/strong> por lograr un t\u00edtulo al que lleva aspirando, con mayor o menor intensidad, desde que la Uni\u00f3n Europea lo instaur\u00f3 en 1985. Ahora este sue\u00f1o est\u00e1 m\u00e1s cerca que nunca en convertirse en realidad.<\/span><\/p>\n<div class=\"paywall\" data-mrf-recirculation=\"Link art\u00edculos\">\n<p class=\"v-p\" style=\"text-align: justify;\">Estallido de j\u00fabilo en el sal\u00f3n de plenos del Ayuntamiento, donde se hab\u00eda citado a los comisarios, los miembros del Consorcio Granada Capital Cultural de Europa en 2031 y a todas las personas que implicadas en un proyecto en el que se lleva a\u00f1os trabajando \u2013con intensidad total en los \u00faltimos dos\u2013. Tambi\u00e9n una amplia representaci\u00f3n de artistas de todos los \u00e1mbitos y de profesionales del sector cultural. En unos minutos est\u00e1 previsto que comparezca la alcaldesa de Granada, Marifr\u00e1n Carazo, que finalmente ha optado por seguir los acontecimientos desde el Ayuntamiento.<\/p>\n<p class=\"v-p\" style=\"text-align: justify;\">Inicialmente se hab\u00eda valorado su desplazamiento hasta Madrid, donde s\u00ed ha acudido Jes\u00fas Ortega, responsable de Granada Ciudad de la Literatura Unesco y uno de los diez miembros de la Candidatura que estuvo en el examen del martes, y Francisco Manuel Maldonado, director de la Agencia Albaic\u00edn, que recoger\u00e1n el veredicto.<\/p>\n<p class=\"v-p\" style=\"text-align: justify;\">Los responsables de la Candidatura, visiblemente nerviosos, han seguido la resoluci\u00f3n desde dos grandes pantallas de plasma que se utilizan habitualmente para las videoconferencias y las intervenciones on line. Rostros tensos que se han convertido en felices en cuanto se ha conocido el resultado del comit\u00e9 de diez evaluadores, que han pasado la ma\u00f1ana de hoy deliberando.<\/p>\n<div class=\"v-c-cmp v-n-mrg\" style=\"text-align: justify;\">\n<h3 class=\"v-cmp-suh\">\u00abEsta elecci\u00f3n renueva la ilusi\u00f3n\u00bb<\/h3>\n<\/div>\n<p class=\"v-p\" style=\"text-align: justify;\">La alcaldesa de Granada, muy emocionada, ha resaltado que esta noticia \u00abrenueva la ilusi\u00f3n por Granada 2031\u00bb, y ha tenido palabras de aliento hacia Jerez de la Frontera, la otra cuidad de la comunidad aut\u00f3noma que concursaba por la Capitalidad en 2031. En su discurso ante los medios, la regidora ha destacado la relevancia de \u00absituar la cultura como motor de transformaci\u00f3n\u00bb. Y m\u00e1s all\u00e1 del resultado -la elecci\u00f3n final no se conocer\u00e1 hasta mediados de diciembre-, ha subrayado que esta apuesta ya es irrenunciable. En este sentido, ha recalcado que gran parte de este \u00e9xito se debe a la unidad y al apoyo ciudadano, pol\u00edtico, empresarial y de todos los colectivos sociales de Granada.<\/p>\n<p class=\"v-p\" style=\"text-align: justify;\">Carazo ha agredido igualmente el respaldo de los artistas y de los profesionales de la creaci\u00f3n, que han entendido Granada 2031 como algo propio. \u00abAhora retomamos el camino a la espera del informe que enviar\u00e1 dentro de un mes el comit\u00e9 de evaluaci\u00f3n\u00bb, ha se\u00f1alado. Este documento ser\u00e1 la base para la renovaci\u00f3n del &#8216;bid book&#8217; que ha abierto la puerta de la final a Granada 2031. En sinton\u00eda con sus \u00faltimas intervenciones, la edil ha resaltado la solidez del proyecto de Granada 2031 y la visi\u00f3n a largo plazo mediante en plan estrat\u00e9gico 2024.<\/p>\n<p class=\"v-p\">Marifr\u00e1n Carazo ha mostrado su gratitud hacia todos los que han apoyado a Granada 2031 desde el comienzo. A los tres comisarios, Pilar Aranda, David Jim\u00e9nez-Blanco y Luis Garcia Montero; a la Universidad de Granada, que ha canalizado la participaci\u00f3n a trav\u00e9s del laboratorio social Labin Granada y que ha tenido una participaci\u00f3n decisiva en todo el proceso y en la elaboraci\u00f3n del &#8216;bid book&#8217;; a los empresarios, implicados en Granada 2031 a trav\u00e9s de la Confederaci\u00f3n de Empresarios de Granada y la C\u00e1mara de Comercio; y en general a todos los granadinos y granadinas. No ha podido evitar que se le derramaran unas l\u00e1grimas tras recordar a Juan Ram\u00f3n Ferreira, cuya viuda, Roc\u00edo, ha seguido la rueda de prensa en el Ayuntamiento.<\/p>\n<div class=\"v-c-cmp v-n-mrg\">\n<h3 class=\"v-cmp-suh\">\u00abMe ha encantado la unidad\u00bb<\/h3>\n<\/div>\n<p class=\"v-p\">El presidente de la Confederaci\u00f3n de Empresarios de Granada, Gerardo Cuerva, ha asegurado que la Capitalidad Cultural s\u00f3lo aporta beneficios para toda la provincia. \u00abMe ha encantado la unidad\u00bb, ha afirmado el responsable de la patronal, quien ha resaltado que \u00abdesde el consenso Granada es capaz de montar una gran armada\u00bb. Cuerva ha manifestado que ahora es el momento de continuar con fuerza el camino emprendido, y ha anticipado el gran impacto econ\u00f3mico que tendr\u00e1 para Granada y para toda la provincia la Capitalidad, en caso de que se consiga antes de que termine 2026.<\/p>\n<\/div>\n<p><span class=\"v-op__t\"><a title=\"Jorge Pastor\" href=\"https:\/\/www.ideal.es\/autor\/jorge-pastor-400.html\" data-mrf-link=\"https:\/\/www.ideal.es\/autor\/jorge-pastor-400.html\">Jorge Pastor<\/a><span class=\"v-op__p\"> |<\/span><\/span><\/p>\n<p><span class=\"v-fc__t\">FOTO: Euforia en el Ayuntamiento de Granada tras conocer la decisi\u00f3n que da a Granada un puesto en la final por la Capitalidad Cultural 2031. <\/span><\/p>\n<p>https:\/\/www.ideal.es\/granada\/granada-supera-corte-convierte-finalista-capital-cultural-20260313132302-nt.html<\/p>\n<div class=\"v-a-info-c \">\n<div class=\"v-op\">\n<p class=\"v-op__c\">\u00a0<\/p>\n<\/div>\n<\/div>\n","protected":false},"excerpt":{"rendered":"<p>Granada competir\u00e1 contra C\u00e1ceres, Oviedo y Las Palmas El pleito se resolv\u00eda entre risas o&#8230;<\/p>\n","protected":false},"author":1,"featured_media":82597,"comment_status":"closed","ping_status":"closed","sticky":false,"template":"","format":"standard","meta":{"_coblocks_attr":"","_coblocks_dimensions":"","_coblocks_responsive_height":"","_coblocks_accordion_ie_support":"","jetpack_post_was_ever_published":false,"_jetpack_newsletter_access":"","_jetpack_dont_email_post_to_subs":false,"_jetpack_newsletter_tier_id":0,"_jetpack_memberships_contains_paywalled_content":false,"_jetpack_memberships_contains_paid_content":false,"footnotes":"","jetpack_publicize_message":"","jetpack_publicize_feature_enabled":true,"jetpack_social_post_already_shared":true,"jetpack_social_options":{"image_generator_settings":{"template":"highway","default_image_id":0,"enabled":false},"version":2}},"categories":[1161,10781,44],"tags":[],"class_list":["post-82596","post","type-post","status-publish","format-standard","has-post-thumbnail","hentry","category-ciudadania","category-granada","category-noticias-de-hoy"],"jetpack_publicize_connections":[],"jetpack_featured_media_url":"https:\/\/i0.wp.com\/miradordeatarfe.es\/wp-content\/uploads\/2026\/03\/celebracion-granada-capitalidad-cultural-U10350397702ZiC-1200x672%40Ideal.webp?fit=1195%2C672&ssl=1","jetpack_likes_enabled":true,"jetpack_sharing_enabled":true,"_links":{"self":[{"href":"https:\/\/miradordeatarfe.es\/index.php?rest_route=\/wp\/v2\/posts\/82596","targetHints":{"allow":["GET"]}}],"collection":[{"href":"https:\/\/miradordeatarfe.es\/index.php?rest_route=\/wp\/v2\/posts"}],"about":[{"href":"https:\/\/miradordeatarfe.es\/index.php?rest_route=\/wp\/v2\/types\/post"}],"author":[{"embeddable":true,"href":"https:\/\/miradordeatarfe.es\/index.php?rest_route=\/wp\/v2\/users\/1"}],"replies":[{"embeddable":true,"href":"https:\/\/miradordeatarfe.es\/index.php?rest_route=%2Fwp%2Fv2%2Fcomments&post=82596"}],"version-history":[{"count":2,"href":"https:\/\/miradordeatarfe.es\/index.php?rest_route=\/wp\/v2\/posts\/82596\/revisions"}],"predecessor-version":[{"id":82599,"href":"https:\/\/miradordeatarfe.es\/index.php?rest_route=\/wp\/v2\/posts\/82596\/revisions\/82599"}],"wp:featuredmedia":[{"embeddable":true,"href":"https:\/\/miradordeatarfe.es\/index.php?rest_route=\/wp\/v2\/media\/82597"}],"wp:attachment":[{"href":"https:\/\/miradordeatarfe.es\/index.php?rest_route=%2Fwp%2Fv2%2Fmedia&parent=82596"}],"wp:term":[{"taxonomy":"category","embeddable":true,"href":"https:\/\/miradordeatarfe.es\/index.php?rest_route=%2Fwp%2Fv2%2Fcategories&post=82596"},{"taxonomy":"post_tag","embeddable":true,"href":"https:\/\/miradordeatarfe.es\/index.php?rest_route=%2Fwp%2Fv2%2Ftags&post=82596"}],"curies":[{"name":"wp","href":"https:\/\/api.w.org\/{rel}","templated":true}]}}