{"id":82600,"date":"2026-03-15T09:32:07","date_gmt":"2026-03-15T08:32:07","guid":{"rendered":"https:\/\/miradordeatarfe.es\/?p=82600"},"modified":"2026-03-13T16:55:38","modified_gmt":"2026-03-13T15:55:38","slug":"el-cuidado-vital-de-las-amigas-ante-un-diagnostico-de-cancer-de-mama","status":"publish","type":"post","link":"https:\/\/miradordeatarfe.es\/?p=82600","title":{"rendered":"El cuidado vital de las amigas ante un diagn\u00f3stico de c\u00e1ncer de mama"},"content":{"rendered":"<div id=\"article-layout\" class=\"wr wr-c _g _g-lg _g-o\"><main class=\"mw\"><\/p>\n<article id=\"main-content\" class=\"a\">\n<header class=\"a_e _g _g-xs\">\n<div class=\"a_e_txt _df\">\n<h3 class=\"a_st\" style=\"text-align: justify;\">Ante una diagnosis oncol\u00f3gica, lo inesperado sacude la vida y la propia identidad. El apoyo es clave en los momentos de pruebas e incertidumbre<\/h3>\n<\/div>\n<\/header>\n<div class=\"a_c clearfix\" data-dtm-region=\"articulo_cuerpo\">\n<p class=\"\" style=\"text-align: justify;\">Toca ir a escuchar los resultados de la biopsia. El diagn\u00f3stico llega como una escena absurda y desconcertante. Las palabras carcinoma de mama caen de pronto como un objeto extra\u00f1o. \u00bfC\u00f3mo? No puede ser. Nadie est\u00e1 preparado para ese momento. Los estudios muestran que el impacto inicial suele vivirse como un estado de shock cognitivo y emocional, con dificultades para procesar la informaci\u00f3n. Se cruza entonces una frontera invisible. De persona normal a \u201cenferma\u201d. Mientras se escucha al m\u00e9dico, la mente intenta procesar cifras, tama\u00f1o del tumor y tratamientos posibles. La informaci\u00f3n cient\u00edfica, aunque clara, puede sentirse abstracta y distante. Y enseguida llegan las preguntas en bucle. \u00bfPor qu\u00e9? \u00bfCu\u00e1nto tiempo lleva eso ah\u00ed? \u00bfEs culpa m\u00eda? En ese instante, la manera de comunicar importa. En la<a href=\"https:\/\/www.comunidad.madrid\/hospital\/ramonycajal\/ciudadanos\/unidad-patologia-mamaria\" rel=\"\" data-link-track-dtm=\"\" data-mrf-link=\"https:\/\/www.comunidad.madrid\/hospital\/ramonycajal\/ciudadanos\/unidad-patologia-mamaria\"> Unidad de Patolog\u00eda Mamaria<\/a> del Hospital Universitario Ram\u00f3n y Cajal de Madrid recuerdan que acompa\u00f1ar el diagn\u00f3stico implica tiempo, escucha y presencia. La neurociencia afectiva ha demostrado que el contacto f\u00edsico seguro activa mecanismos de regulaci\u00f3n emocional y libera oxitocina. Profesionales como la radi\u00f3loga Irene Vicente Zapata resaltan que el contacto ayuda a reducir el impacto del estr\u00e9s y hace recuperar cierta sensaci\u00f3n de control.<\/p>\n<p class=\"\" style=\"text-align: justify;\">Las enfermedades graves alteran la identidad, los proyectos vitales y la percepci\u00f3n del tiempo. Se produce una ruptura biogr\u00e1fica o una interrupci\u00f3n abrupta del relato que uno ten\u00eda sobre su propia vida. Irrumpen como un acontecimiento que desorganiza el cuerpo, el calendario y la idea de futuro. El <a title=\"https:\/\/elpais.com\/salud-y-bienestar\/2026-03-02\/el-cancer-de-mama-en-mujeres-jovenes-crece-un-29-en-tres-decadas.html\" href=\"https:\/\/elpais.com\/salud-y-bienestar\/2026-03-02\/el-cancer-de-mama-en-mujeres-jovenes-crece-un-29-en-tres-decadas.html\" target=\"_self\" rel=\"\" data-link-track-dtm=\"\" data-mrf-link=\"https:\/\/elpais.com\/salud-y-bienestar\/2026-03-02\/el-cancer-de-mama-en-mujeres-jovenes-crece-un-29-en-tres-decadas.html\">c\u00e1ncer de mama <\/a>ha sido durante d\u00e9cadas una enfermedad atravesada por tab\u00faes. El cuerpo femenino enfermo, mutilado y vulnerable, ha sido invisibilizado, envuelto en expectativas de fortaleza, optimismo y discreci\u00f3n. Se espera que una sea valiente y positiva. Que no se queje. Pero lo que apetece en ese d\u00eda del diagn\u00f3stico y los siguientes es llorar. Desmoronarse. La expresi\u00f3n emocional, incluida la tristeza y la queja, es un mecanismo adaptativo y no un signo de debilidad, como se\u00f1ala la psic\u00f3loga cl\u00ednica Montse Alca\u00f1iz.<\/p>\n<p class=\"\" style=\"text-align: justify;\">La evidencia cient\u00edfica es clara: la soledad empeora la evoluci\u00f3n de cualquier enfermedad. El apoyo social act\u00faa como factor protector<a href=\"https:\/\/pubmed.ncbi.nlm.nih.gov\/20668659\/\" rel=\"\" data-link-track-dtm=\"\" data-mrf-link=\"https:\/\/pubmed.ncbi.nlm.nih.gov\/20668659\/\">. Un metaan\u00e1lisis publicado en PLOS Medicine <\/a>demostr\u00f3 que las personas con redes sociales s\u00f3lidas presentan una mayor supervivencia. El apoyo reduce el estr\u00e9s, amortigua la ansiedad y mejora la adherencia a los tratamientos. Se espera que el apoyo recaiga en la familia, pero, para muchas personas, el aliento de las amigas es igualmente importante. Para otras, puede ser \u00fatil acudir a un grupo de apoyo y conocer experiencias parecidas, lo que favorece la regulaci\u00f3n emocional y la adaptaci\u00f3n al proceso oncol\u00f3gico.<\/p>\n<p class=\"\" style=\"text-align: justify;\">No existe una \u00fanica forma correcta de cuidar y tambi\u00e9n las amigas act\u00faan de maneras diferentes. Est\u00e1 la amiga que espera a la salida del dentista en el d\u00eda del diagn\u00f3stico. Las que acompa\u00f1an a la resonancia. Las que mandan un desayuno a domicilio o llenan la casa de flores. Las que animan a decorar la casa. Las que viajan desde lejos para estar. Y tambi\u00e9n las que frivolizan, porque distraer es, a veces, otra forma de cuidar. Ellas tambi\u00e9n se acostumbran a una nueva relaci\u00f3n. Saben que pueden llamar y que, a veces, no se coge el tel\u00e9fono o no se contesta. Respetan, y ese respeto tambi\u00e9n es apoyo.<\/p>\n<p class=\"\" style=\"text-align: justify;\">Las amigas ayudan a que la vida siga, aunque aparezca el miedo a morir. El temor a la muerte es una respuesta psicol\u00f3gica normal ante el diagn\u00f3stico oncol\u00f3gico. La neurosis adquiere algo de verdad objetiva. Pero la vida no se para, se reorganiza. La enfermedad la vuelve m\u00e1s n\u00edtida. Esas amigas tambi\u00e9n acompa\u00f1an en las nuevas rutinas en la continuidad del yo. Ir a la peluquer\u00eda, comprar el sujetador que toca, salir a andar, aprender a hacer la compra de otra manera. Pensar en el futuro. La psicolog\u00eda de la salud ha demostrado que mantener proyectos protege frente a la desesperanza. Tambi\u00e9n, el instinto de supervivencia empuja a cerrar asuntos abiertos o fuentes de estr\u00e9s acumulado. Y ellas, otra vez, est\u00e1n ah\u00ed, dando un tel\u00e9fono de un abogado o de un notario.<\/p>\n<p class=\"\" style=\"text-align: justify;\">Los tiempos de incertidumbre, entre pruebas, resultados y diagn\u00f3sticos, se llevan mejor cuando se tienen planes. La psicolog\u00eda lo llama activaci\u00f3n conductual. La acci\u00f3n frente a rumiaci\u00f3n. La rutina funciona como un regulador emocional y las conversaciones ayudan a que la enfermedad empiece a tener sentido. La catedr\u00e1tica Isabel Dur\u00e1n ha estudiado la obra de autoras como Audre Lorde, Mar\u00eda \u00c1ngeles Dur\u00e1n o Mariam Su\u00e1rez en la que han mostrado c\u00f3mo el c\u00e1ncer de mama es una ruptura biogr\u00e1fica que empuja a narrar. En las conversaciones, el relato cumple una funci\u00f3n esencial, como es la de reorganizar la experiencia traum\u00e1tica. Nombrar lo innombrable. Conversar no es embellecer la enfermedad, sino hacerla habitable. Las amigas ayudan a volver a mirarse al espejo y a tocarse con mimo, algo que recomiendan cirujanas pl\u00e1sticas como Laura Martina.<\/p>\n<p class=\"\" style=\"text-align: justify;\">Despu\u00e9s de un diagn\u00f3stico de c\u00e1ncer de mama, una no tiene por qu\u00e9 sentirse m\u00e1s fuerte. No todo pasa por algo. Pero cuando pasa, es una suerte estar bien acompa\u00f1ada. Y as\u00ed, pasar de paciente a protagonista de una nueva vida.<\/p>\n<p><a class=\"a_md_a_n\" title=\"Ver todas las noticias de Patricia Fern\u00e1ndez Mart\u00edn\" href=\"https:\/\/elpais.com\/autor\/patricia-fernandez-martin\/#?rel=author_top\" data-mrf-link=\"https:\/\/elpais.com\/autor\/patricia-fernandez-martin\/\"><strong>Patricia Fern\u00e1ndez Mart\u00edn<\/strong><\/a><\/p>\n<p><span class=\"a_m_m\">FOTO:Elsa Su\u00e1rez Girald<\/span><\/p>\n<p>https:\/\/elpais.com\/eps\/2026-03-12\/el-cuidado-vital-de-las-amigas-ante-un-diagnostico-de-cancer-de-mama.html<\/p>\n<div class=\"a_md _g _g-xs ni\">\n<div class=\"a_md_txt\">\n<div class=\"a_md_a\" data-dtm-region=\"articulo_firma\">\u00a0<\/div>\n<\/div>\n<\/div>\n<\/div>\n<\/article>\n<p><\/main><\/div>\n","protected":false},"excerpt":{"rendered":"<p>Ante una diagnosis oncol\u00f3gica, lo inesperado sacude la vida y la propia identidad. El apoyo&#8230;<\/p>\n","protected":false},"author":1,"featured_media":82601,"comment_status":"closed","ping_status":"closed","sticky":false,"template":"","format":"standard","meta":{"_coblocks_attr":"","_coblocks_dimensions":"","_coblocks_responsive_height":"","_coblocks_accordion_ie_support":"","jetpack_post_was_ever_published":false,"_jetpack_newsletter_access":"","_jetpack_dont_email_post_to_subs":false,"_jetpack_newsletter_tier_id":0,"_jetpack_memberships_contains_paywalled_content":false,"_jetpack_memberships_contains_paid_content":false,"footnotes":"","jetpack_publicize_message":"","jetpack_publicize_feature_enabled":true,"jetpack_social_post_already_shared":true,"jetpack_social_options":{"image_generator_settings":{"template":"highway","default_image_id":0,"enabled":false},"version":2}},"categories":[10817,1161,14,44],"tags":[],"class_list":["post-82600","post","type-post","status-publish","format-standard","has-post-thumbnail","hentry","category-amama","category-ciudadania","category-feminismo","category-noticias-de-hoy"],"jetpack_publicize_connections":[],"jetpack_featured_media_url":"https:\/\/i0.wp.com\/miradordeatarfe.es\/wp-content\/uploads\/2026\/03\/Screenshot-2026-03-13-at-16-54-28-El-cuidado-vital-de-las-amigas-ante-un-diagnostico-de-cancer-de-mama-EL-PAIS-Semanal-EL-PAIS.png?fit=695%2C432&ssl=1","jetpack_likes_enabled":true,"jetpack_sharing_enabled":true,"_links":{"self":[{"href":"https:\/\/miradordeatarfe.es\/index.php?rest_route=\/wp\/v2\/posts\/82600","targetHints":{"allow":["GET"]}}],"collection":[{"href":"https:\/\/miradordeatarfe.es\/index.php?rest_route=\/wp\/v2\/posts"}],"about":[{"href":"https:\/\/miradordeatarfe.es\/index.php?rest_route=\/wp\/v2\/types\/post"}],"author":[{"embeddable":true,"href":"https:\/\/miradordeatarfe.es\/index.php?rest_route=\/wp\/v2\/users\/1"}],"replies":[{"embeddable":true,"href":"https:\/\/miradordeatarfe.es\/index.php?rest_route=%2Fwp%2Fv2%2Fcomments&post=82600"}],"version-history":[{"count":2,"href":"https:\/\/miradordeatarfe.es\/index.php?rest_route=\/wp\/v2\/posts\/82600\/revisions"}],"predecessor-version":[{"id":82603,"href":"https:\/\/miradordeatarfe.es\/index.php?rest_route=\/wp\/v2\/posts\/82600\/revisions\/82603"}],"wp:featuredmedia":[{"embeddable":true,"href":"https:\/\/miradordeatarfe.es\/index.php?rest_route=\/wp\/v2\/media\/82601"}],"wp:attachment":[{"href":"https:\/\/miradordeatarfe.es\/index.php?rest_route=%2Fwp%2Fv2%2Fmedia&parent=82600"}],"wp:term":[{"taxonomy":"category","embeddable":true,"href":"https:\/\/miradordeatarfe.es\/index.php?rest_route=%2Fwp%2Fv2%2Fcategories&post=82600"},{"taxonomy":"post_tag","embeddable":true,"href":"https:\/\/miradordeatarfe.es\/index.php?rest_route=%2Fwp%2Fv2%2Ftags&post=82600"}],"curies":[{"name":"wp","href":"https:\/\/api.w.org\/{rel}","templated":true}]}}