{"id":82604,"date":"2026-03-15T10:26:51","date_gmt":"2026-03-15T09:26:51","guid":{"rendered":"https:\/\/miradordeatarfe.es\/?p=82604"},"modified":"2026-03-13T17:31:50","modified_gmt":"2026-03-13T16:31:50","slug":"en-granada-hay-ya-mas-autonomos-que-parados","status":"publish","type":"post","link":"https:\/\/miradordeatarfe.es\/?p=82604","title":{"rendered":"En Granada hay ya m\u00e1s aut\u00f3nomos que parados"},"content":{"rendered":"<h3>El dato se eleva en poco m\u00e1s de un millar de personas en el \u00faltimo a\u00f1o \u00b7 La mayor\u00eda de trabajadores por cuenta propia se dedica al comercio, seguido de la agricultura y la construcci\u00f3n<\/h3>\n<p><strong>Granada <\/strong>cerr\u00f3 2025 con 70.212 aut\u00f3nomos en total, un dato que hace que la provincia ya supere al n\u00famero de personas que actualmente se encuentra sin trabajo en la provincia.<\/p>\n<p>Los datos del Ministerio de Seguridad Social, consultados por <strong><a href=\"http:\/\/www.ahoragranada.com\" target=\"_blank\" rel=\"noreferrer noopener\">ahoraGranada<\/a><\/strong>, reflejan que la cifra de aut\u00f3nomos creci\u00f3 en el \u00faltimo a\u00f1o en poco m\u00e1s de 1.500 personas, un dato que consolida el crecimiento y la apuesta de personas sin trabajo por emprender y abandonar el paro para trabajar por cuenta propia.<\/p>\n<p>No obstante, el n\u00famero de personas aut\u00f3nomas en la provincia solo suponen el 18% del total de cotizantes a la <strong>Seguridad Social,<\/strong> en cuyo r\u00e9gimen se encuentran actualmente 369.584 granadinos y granadinas, de las que la amplia mayor\u00eda lo hacen en el r\u00e9gimen general (257.439), seguido del servicio especial del empleo agrario (37.628) y la de empleados del hogar (4.781).<\/p>\n<h3 class=\"wp-block-heading\">Comercio se lleva la palma<\/h3>\n<div id=\"publiParrafo\" class=\"banner\">\n<div id=\"single-banner\" class=\"columna_1-1\">\n<div class=\"publicidad columna_1-1\"><ins class=\"adsbygoogle\" data-ad-client=\"ca-pub-7494403833835849\" data-ad-slot=\"3109279723\" data-ad-format=\"horizontal\" data-full-width-responsive=\"true\" data-adsbygoogle-status=\"done\" data-ad-status=\"filled\"><\/p>\n<div id=\"aswift_2_host\"><iframe loading=\"lazy\" id=\"aswift_2\" tabindex=\"0\" title=\"Advertisement\" src=\"https:\/\/pagead2.googlesyndication.com\/pagead\/ads?client=ca-pub-7494403833835849&amp;output=html&amp;h=90&amp;slotname=3109279723&amp;adk=3769139461&amp;adf=989708701&amp;pi=t.ma~as.3109279723&amp;w=736&amp;fwrn=4&amp;fwrnh=100&amp;lmt=1773418036&amp;rafmt=2&amp;format=736x90&amp;url=https%3A%2F%2Fwww.ahoragranada.com%2Fnoticias%2Fen-granada-hay-ya-mas-autonomos-que-parados%2F&amp;fwr=0&amp;fwrattr=true&amp;rpe=1&amp;resp_fmts=2&amp;abgtt=6&amp;dt=1773418033748&amp;bpp=1&amp;bdt=962&amp;idt=1&amp;shv=r20260312&amp;mjsv=m202603100101&amp;ptt=9&amp;saldr=aa&amp;abxe=1&amp;eo_id_str=ID%3D72434cdbf5e50ab5%3AT%3D1773417590%3ART%3D1773417892%3AS%3DAA-AfjatuWy_rdlwk8iOu-HFB6xm&amp;prev_fmts=0x0%2C1120x280%2C359x280&amp;nras=1&amp;correlator=740903380046&amp;frm=20&amp;pv=1&amp;u_tz=60&amp;u_his=5&amp;u_h=720&amp;u_w=1280&amp;u_ah=672&amp;u_aw=1280&amp;u_cd=24&amp;u_sd=1&amp;adx=55&amp;ady=2218&amp;biw=1229&amp;bih=559&amp;scr_x=0&amp;scr_y=0&amp;eid=31097122%2C31097125%2C95378429%2C95381489%2C95383701%2C95384193%2C95385284%2C31097193%2C95372615%2C95381974&amp;oid=2&amp;psts=AOrYGsnZj6Qw6EkO0LybVbB8vcOfgBEEB-uhKKiWvssc56bSazBkryQaEMuJH_jgA4biAf3f8ZpouQk72KHsbZrqU2Dmg8agWjkNFmnQAIQsPUOz%2CAOrYGslfW_3t42NDa3vaaGqneuFt2uJ14FBPhTJWzW55ZTyZo3_3FeumvYrncd-qOGhMRUXsjPnBtRmSdr3o38_pPbljzIuuaNw0SgNgDOGARdqHTg&amp;pvsid=662458679295715&amp;tmod=551245378&amp;uas=0&amp;nvt=1&amp;ref=https%3A%2F%2Fwww.ahoragranada.com%2F%3Fs%3DATARFE&amp;fc=1920&amp;brdim=-8%2C-8%2C-8%2C-8%2C1280%2C0%2C1296%2C688%2C1229%2C559&amp;vis=1&amp;rsz=%7C%7CloEebr%7C&amp;abl=CS&amp;pfx=0&amp;cms=2&amp;fu=128&amp;bc=31&amp;bz=1.05&amp;pgls=CAEaBTYuOS40&amp;ifi=3&amp;uci=a!3&amp;btvi=2&amp;fsb=1&amp;dtd=2839\" name=\"aswift_2\" width=\"736\" height=\"90\" frameborder=\"0\" marginwidth=\"0\" marginheight=\"0\" scrolling=\"no\" sandbox=\"allow-forms allow-popups allow-popups-to-escape-sandbox allow-same-origin allow-scripts allow-top-navigation-by-user-activation\" data-google-container-id=\"a!3\" aria-label=\"Advertisement\" data-google-query-id=\"CPDzi4GhnZMDFZIy-wMdWYk2-w\" data-load-complete=\"true\" data-mce-fragment=\"1\"><\/iframe><\/div>\n<p><\/ins><\/div>\n<\/div>\n<\/div>\n<p>En cuanto a la principal actividad por la que se decantan los aut\u00f3nomos a la hora de emprender un nuevo trabajo, el sector del comercio se lleva la palma al suponer hasta 15.769 aut\u00f3nomos inscritos, en un sector que incluye el comercio al por mayor y el por menor junto a reparaci\u00f3n de veh\u00edculos de motor y motocicletas.<\/p>\n<p>Le sigue en n\u00famero de aut\u00f3nomos registrados el sector de la agricultura, ganader\u00eda, silvicultura y la pesca, con hasta 8.366 inscritos, la construcci\u00f3n, con hasta 7.390; y la hosteler\u00eda, que re\u00fane a 6.789 aut\u00f3nomos en Granada.<\/p>\n<p>Las actividades profesionales, cient\u00edficas y t\u00e9cnicas cuentan en <strong>Granada <\/strong>con 6.493 aut\u00f3nomos en total, en unos sectores entre los que tambi\u00e9n destacan las actividades sanitarias y de servicios sociales o la industria manufacturera<\/p>\n<p><img data-recalc-dims=\"1\" loading=\"lazy\" decoding=\"async\" class=\"alignnone wp-image-82605 size-full\" src=\"https:\/\/i0.wp.com\/miradordeatarfe.es\/wp-content\/uploads\/2026\/03\/Screenshot-2026-03-13-at-17-09-37-Autonomos-en-Granada-por-sectores-Created-with-Datawrapper.png?resize=622%2C1044&#038;ssl=1\" alt=\"\" width=\"622\" height=\"1044\" srcset=\"https:\/\/i0.wp.com\/miradordeatarfe.es\/wp-content\/uploads\/2026\/03\/Screenshot-2026-03-13-at-17-09-37-Autonomos-en-Granada-por-sectores-Created-with-Datawrapper.png?w=622&amp;ssl=1 622w, https:\/\/i0.wp.com\/miradordeatarfe.es\/wp-content\/uploads\/2026\/03\/Screenshot-2026-03-13-at-17-09-37-Autonomos-en-Granada-por-sectores-Created-with-Datawrapper.png?resize=179%2C300&amp;ssl=1 179w, https:\/\/i0.wp.com\/miradordeatarfe.es\/wp-content\/uploads\/2026\/03\/Screenshot-2026-03-13-at-17-09-37-Autonomos-en-Granada-por-sectores-Created-with-Datawrapper.png?resize=610%2C1024&amp;ssl=1 610w\" sizes=\"auto, (max-width: 622px) 100vw, 622px\" \/><\/p>\n<p>&nbsp;<\/p>\n","protected":false},"excerpt":{"rendered":"<p>El dato se eleva en poco m\u00e1s de un millar de personas en el \u00faltimo&#8230;<\/p>\n","protected":false},"author":1,"featured_media":0,"comment_status":"closed","ping_status":"closed","sticky":false,"template":"","format":"standard","meta":{"_coblocks_attr":"","_coblocks_dimensions":"","_coblocks_responsive_height":"","_coblocks_accordion_ie_support":"","jetpack_post_was_ever_published":false,"_jetpack_newsletter_access":"","_jetpack_dont_email_post_to_subs":false,"_jetpack_newsletter_tier_id":0,"_jetpack_memberships_contains_paywalled_content":false,"_jetpack_memberships_contains_paid_content":false,"footnotes":"","jetpack_publicize_message":"","jetpack_publicize_feature_enabled":true,"jetpack_social_post_already_shared":true,"jetpack_social_options":{"image_generator_settings":{"template":"highway","default_image_id":0,"enabled":false},"version":2}},"categories":[10791,10781,44,6937,1],"tags":[],"class_list":["post-82604","post","type-post","status-publish","format-standard","hentry","category-andalucia","category-granada","category-noticias-de-hoy","category-sociedad","category-uncategorized"],"jetpack_publicize_connections":[],"jetpack_featured_media_url":"","jetpack_likes_enabled":true,"jetpack_sharing_enabled":true,"_links":{"self":[{"href":"https:\/\/miradordeatarfe.es\/index.php?rest_route=\/wp\/v2\/posts\/82604","targetHints":{"allow":["GET"]}}],"collection":[{"href":"https:\/\/miradordeatarfe.es\/index.php?rest_route=\/wp\/v2\/posts"}],"about":[{"href":"https:\/\/miradordeatarfe.es\/index.php?rest_route=\/wp\/v2\/types\/post"}],"author":[{"embeddable":true,"href":"https:\/\/miradordeatarfe.es\/index.php?rest_route=\/wp\/v2\/users\/1"}],"replies":[{"embeddable":true,"href":"https:\/\/miradordeatarfe.es\/index.php?rest_route=%2Fwp%2Fv2%2Fcomments&post=82604"}],"version-history":[{"count":1,"href":"https:\/\/miradordeatarfe.es\/index.php?rest_route=\/wp\/v2\/posts\/82604\/revisions"}],"predecessor-version":[{"id":82607,"href":"https:\/\/miradordeatarfe.es\/index.php?rest_route=\/wp\/v2\/posts\/82604\/revisions\/82607"}],"wp:attachment":[{"href":"https:\/\/miradordeatarfe.es\/index.php?rest_route=%2Fwp%2Fv2%2Fmedia&parent=82604"}],"wp:term":[{"taxonomy":"category","embeddable":true,"href":"https:\/\/miradordeatarfe.es\/index.php?rest_route=%2Fwp%2Fv2%2Fcategories&post=82604"},{"taxonomy":"post_tag","embeddable":true,"href":"https:\/\/miradordeatarfe.es\/index.php?rest_route=%2Fwp%2Fv2%2Ftags&post=82604"}],"curies":[{"name":"wp","href":"https:\/\/api.w.org\/{rel}","templated":true}]}}