{"id":82608,"date":"2026-03-15T08:36:54","date_gmt":"2026-03-15T07:36:54","guid":{"rendered":"https:\/\/miradordeatarfe.es\/?p=82608"},"modified":"2026-03-13T17:43:00","modified_gmt":"2026-03-13T16:43:00","slug":"82608","status":"publish","type":"post","link":"https:\/\/miradordeatarfe.es\/?p=82608","title":{"rendered":"Tiempos convulsos, tiempos de \u00e9tica"},"content":{"rendered":"<h3 class=\"v-p\" style=\"text-align: justify;\">Como saben, el discurso del odio est\u00e1 basado en la mentira, en el bulo y la desinformaci\u00f3n, con claros objetivos como son el poder, la <span class=\"paywall pw-open\">supremac\u00eda y la riqueza. Y para eso, los odiadores y propagadores del discurso de odio est\u00e1n dispuestos a cualquier cosa. <\/span><\/h3>\n<p class=\"v-p\" style=\"text-align: justify;\"><span class=\"paywall pw-open\">Despu\u00e9s de la segunda guerra mundial y durante la guerra fr\u00eda, aparec\u00edan como lobbys, en la rec\u00e1mara, en la segunda fila, en la anonimidad y cierta discreci\u00f3n, como grupos de presi\u00f3n en los pa\u00edses; ahora no se esconden. Son los nuevos Goebbles (ministro nazi de propaganda de doloroso y fatal recuerdo), perm\u00edtanme la digresi\u00f3n y pienso y me aterra saber lo que podr\u00eda haber hecho ese personaje con internet y redes sociales.<\/span><\/p>\n<div class=\"paywall\" data-mrf-recirculation=\"Link art\u00edculos\">\n<p class=\"v-p\" style=\"text-align: justify;\">El objetivo de \u00e9sta internacional &#8216;ultra&#8217; es n\u00edtido, llegar al poder sea como sea para subvertir las instituciones democr\u00e1ticas, detentar el poder, perpetuarse en \u00e9l, ejercer su agenda supremacista y ganar mucho, mucho dinero. Lo estamos viendo en Elon Musk, el personaje m\u00e1s rico del mundo, no por ser un lince en los negocios o en las inversiones, no, hered\u00f3 una fortuna de las minas de diamantes de su padre en el cono sur de \u00c1frica a costa, ah\u00ed est\u00e1n los registros, de muchas vidas de personas que trabajaban en condiciones de casi esclavitud. Y dentro de esa estrategia desestabilizadora, se compran redes sociales d\u00f3nde se permiten cualquier cosa, sin miramientos para los posibles usuarios. Tambi\u00e9n se compran medios de comunicaci\u00f3n para, a sus anchas, poder introducir sus mensajes y discursos de odio con total impunidad, sin cortarse un pelo, pervirtiendo y ensuciando el principio y derecho fundamental democr\u00e1tico de la libertad de expresi\u00f3n.<\/p>\n<div id=\"wms-intext\" class=\"wms-intext\" style=\"text-align: justify;\">\n<div id=\"jw-s13291329\">\u00a0<\/div>\n<\/div>\n<div class=\"v-adv  v-adv--ly\" style=\"text-align: justify;\">\n<div class=\"v-adv__item \">\n<div id=\"layer_inpage-id\" data-voc-vam=\"\" data-voc-vam-position=\"layer_inpage\" data-offset=\"0\" data-google-query-id=\"CNajlr-nnZMDFeoJXgEd-SsVQQ\" data-voc-vam-displayed=\"true\">\n<div id=\"google_ads_iframe_\/4900\/vocento.ideal\/opinion_1__container__\">Pues bien, en estos \u00faltimos d\u00edas el presidente del Gobierno ha hecho dos anuncios, uno sobre la regularizaci\u00f3n de los migrantes que est\u00e1n en Espa\u00f1a, es de recibo que, si viven, trabajan, pagan impuestos en nuestro pa\u00eds lo hagan de forma regular y legal, medida que podr\u00e1 afectar a unas 500.000 personas. Otro es que en Espa\u00f1a va a limitar el acceso a redes sociales en internet para los menores de 16 a\u00f1os. Ha tocado los dos temas que &#8216;ponen&#8217; a los creadores de odio. Una medida, como la de uso limitado en redes a menores, implantada en pa\u00edses como Australia o Francia, y se debe saber que el negocio de internet para los menores mueve miles de millones en publicidad, compras, descargas, etc\u2026, es un puro negocio a costa de la salud mental de nuestros j\u00f3venes. A estos &#8216;personajes&#8217; les mueve el odio y el dinero, en una espiral maldita que hace de nuestro mundo, nuestra Europa y nuestro pa\u00eds viva una distopia y que aquello que nos parec\u00eda s\u00f3lido, se haya ido por el sumidero, como dijo nuestro Antonio Mu\u00f1oz Molina, est\u00e1 \u00aby\u00e9ndose\u00bb el sistema democr\u00e1tico, se subvierte cuando agentes externos, como \u00e9stos personajes, intentan intervenir, con ventajismo, en los pa\u00edses democr\u00e1ticos. Musk ha insultado al presidente S\u00e1nchez con algo m\u00e1s que palabras, le ha dicho que \u00abel sucio S\u00e1nchez\u00bb, en ingl\u00e9s alude a una pr\u00e1ctica sexual repugnante, es \u00abun tirano y un traidor\u00bb y \u00abun verdadero fascista totalitario\u00bb, yendo contra las instituciones democr\u00e1ticas que nos hemos dado en nuestro pa\u00eds, sin esconderse, sin ning\u00fan rubor y contando con el &#8216;patriota&#8217; Abascal como palmero de sus delirios. Perm\u00edtanme otra digresi\u00f3n, Musk personaje taimado y obscuro, tiene una pl\u00e9yade de hijos con nombre inveros\u00edmiles y de diferentes mujeres, eso s\u00ed con perfil f\u00edsico y est\u00e9tico determinado, que curiosamente reprime y limita usar a sus hijos internet y las redes sociales, siendo propietario \u00e9l de la m\u00e1s usada, X, \u00bfQu\u00e9 podr\u00e1 saber \u00e9l sobre las redes sociales que nosotros desconocemos?<\/div>\n<\/div>\n<\/div>\n<\/div>\n<p class=\"v-p\" style=\"text-align: justify;\">Estamos asistiendo estos d\u00edas en Andaluc\u00eda y en nuestro pa\u00eds a fen\u00f3menos meteorol\u00f3gicos extremos e inusuales, seg\u00fan los expertos, debido al cambio clim\u00e1tico. Pues bien estos se\u00f1ores del odio, son tambi\u00e9n negacionistas del cambio clim\u00e1tico, que consideran que es una estafa, y est\u00e1n lanzando una ofensiva, en forma de injerencia contra Europa, y lo que significa en valores y principios, tambi\u00e9n contra nuestro pa\u00eds, intentando una campa\u00f1a de desestabilizaci\u00f3n; ya lo hizo en el Reino Unido (acus\u00f3 a su Primer Ministro de pertenecer a una red de pederasta, luego, acus\u00f3 a los inmigrantes del asesinato de dos ni\u00f1as, era mentira, desinformaci\u00f3n, y provoc\u00f3 disturbios provocando la caza del emigrante), aqu\u00ed lo empezamos a vivir con los disturbios en Torrepacheco \u00bfse acuerdan? En Espa\u00f1a siguen con los insultos, llevan bastante tiempo con ellos, se\u00f1alando a los inmigrantes, creando un caldo de cultivo para provocar disturbios en las calles, es el mismo mapa, la misma estrategia, es el Manual de Odio. Ayer comenzaba esos insultos por los due\u00f1os de ciertas redes sociales, hoy se est\u00e1 se\u00f1alando y criminalizando inmigrantes, Musk que se ha retratado con la ultraderecha apoyando al partido pronazi en Alemania y haciendo el saludo nazi sin ning\u00fan miramiento, en apoyo a la AfD, Alternativa por Alemania, ahora est\u00e1 intentando desestabilizar la pol\u00edtica espa\u00f1ola. Algunos lo llaman tecnocasta, otros oligot\u00e9cnicos, en todo caso son plut\u00f3cratas; quieren que seamos gobernados por una casta de ricos, ultrarricos, sin someterse a las reglas democr\u00e1ticas.<\/p>\n<p class=\"v-p\" style=\"text-align: justify;\">No es una enganchada personal entre S\u00e1nchez y Musk (a la que se ha unido otro propietario de otra red social Telegram, P\u00e1vel D\u00farov, con insidias e insultos a nuestras instituciones tambi\u00e9n), no se lleven a enga\u00f1o es toda una estrategia de desatibilizaci\u00f3n de pa\u00edses, aplic\u00e1ndose pa\u00eds por pa\u00eds. Musk, con 250 millones de d\u00f3lares &#8216;coloc\u00f3&#8217; a Trump, junto con otros multimillonarios propietarios de redes sociales, con el MAGA (Make American Great Again&#8217;), ahora quieren el MEGA &#8216;Make Europe Great Again&#8217;, y lo est\u00e1 intentando pa\u00eds a pa\u00eds, y caigan todos en el lado de la ultraderecha con todos sus palmeros y seguidores en Europa, recuerden con el apoyo expl\u00edcito en Alemania a los herederos de los nazis y su l\u00edder condenado por apolog\u00eda del nazismo, tambi\u00e9n en Italia, Ruman\u00eda apoyando a candidatos prokremlin, y ahora en Espa\u00f1a con la ultraderecha de Abascal que, de forma antipatriota, le r\u00ede y aplaude sus desvar\u00edos, insultos e injerencias. No descarten que alg\u00fan grupo ultra presente una demanda en un juzgado y se abra una causa por limitar derechos fundamentales contra el presidente del Gobierno.<\/p>\n<p class=\"v-p\" style=\"text-align: justify;\">La maldad nunca fue felicidad, no debemos permitirlo, es m\u00e1s debemos revolvernos y pelear contra esos desprop\u00f3sitos desestabilizadores como si nos fuera la vida, que nos va, en ello, aluden a un patriotismo vaciado y postural para hacer todo lo contrario, empobrecer y perjudicar a nuestro pa\u00eds convirti\u00e9ndose en patrioterismo pobre y barato. Se debe legislar, si legislar sin miedo y con consensos para regular los bulos, mentiras y la desinformaci\u00f3n en las redes sociales para que los que las escriben sean identificables y no se amparen en un cobarde e impune anonimato. Que no les enga\u00f1en, ellos hablan de libertad de expresi\u00f3n pero lo que realmente quieren y desean es libertad de desinformaci\u00f3n, la libertad de expresi\u00f3n no es el derecho a decir mentiras, insultos o bulos sin consecuencias, es el derecho a decir una verdad sin represalias. Yo me he ido de X, se puede \u00absalir\u00bb, lo han convertido en un muladar de odio, bulos y mentiras, \u00e1nimo se puede y esto si puede da\u00f1arlos. Estamos asistiendo a una guerra de Israel y EE UU a Ir\u00e1n, una guerra ilegal (personalmente creo que todas las guerras son execrables), se est\u00e1 obviando y abandonando la \u00e9tica necesaria en la vida pol\u00edtica, que los odiadores que ahora est\u00e1n en los gobiernos de EE UU y otros quieren cambiar el orden mundial y lo est\u00e1n consiguiendo, para tener no ya ciudadanos libres, sino s\u00fabditos que no rechisten sus locas diatribas instaurando la ley de la selva, del m\u00e1s fuerte y que por un m\u00ednimo de dignidad y derecho internacional no se debe transigir. Europa debe mantener sus principios y valores que ha inspirado a otros pueblos y que ha conseguido el mayor tiempo de paz en \u00e9ste continente, consiguiendo unas cotas de libertad, igualdad y bienestar nunca antes visto y que quieren cargarse. Y para ello hay que movilizarse, ser proactivo. Ese es y debe ser el camino, de lo contrario, lo sabemos por tristes experiencias, conducir\u00e1 a la miseria, la opresi\u00f3n y el autoritarismo.<\/p>\n<p><strong>Jos\u00e9 Ferrer S\u00e1nchez<\/strong><\/p>\n<p>FOTO: Las redes sociales contribuyen a propagar noticias falsas y desinformaci\u00f3n.<span class=\"a_m_m\">Arkadiusz Wargu\u0142a (Getty Images\/iStockphoto)<\/span><\/p>\n<p>https:\/\/www.ideal.es\/opinion\/jose-ferrer-sanchez-tiempos-convulsos-tiempos-etica-20260310170907-nt.html<\/p>\n<\/div>\n","protected":false},"excerpt":{"rendered":"<p>Como saben, el discurso del odio est\u00e1 basado en la mentira, en el bulo y&#8230;<\/p>\n","protected":false},"author":1,"featured_media":82609,"comment_status":"closed","ping_status":"closed","sticky":false,"template":"","format":"standard","meta":{"_coblocks_attr":"","_coblocks_dimensions":"","_coblocks_responsive_height":"","_coblocks_accordion_ie_support":"","jetpack_post_was_ever_published":false,"_jetpack_newsletter_access":"","_jetpack_dont_email_post_to_subs":false,"_jetpack_newsletter_tier_id":0,"_jetpack_memberships_contains_paywalled_content":false,"_jetpack_memberships_contains_paid_content":false,"footnotes":"","jetpack_publicize_message":"","jetpack_publicize_feature_enabled":true,"jetpack_social_post_already_shared":true,"jetpack_social_options":{"image_generator_settings":{"template":"highway","default_image_id":0,"enabled":false},"version":2}},"categories":[1161,10798,44,6937],"tags":[],"class_list":["post-82608","post","type-post","status-publish","format-standard","has-post-thumbnail","hentry","category-ciudadania","category-fraude","category-noticias-de-hoy","category-sociedad"],"jetpack_publicize_connections":[],"jetpack_featured_media_url":"https:\/\/miradordeatarfe.es\/wp-content\/uploads\/2026\/03\/G4GXG6BM5RA65M3EYSNLYL7POY.avif","jetpack_likes_enabled":true,"jetpack_sharing_enabled":true,"_links":{"self":[{"href":"https:\/\/miradordeatarfe.es\/index.php?rest_route=\/wp\/v2\/posts\/82608","targetHints":{"allow":["GET"]}}],"collection":[{"href":"https:\/\/miradordeatarfe.es\/index.php?rest_route=\/wp\/v2\/posts"}],"about":[{"href":"https:\/\/miradordeatarfe.es\/index.php?rest_route=\/wp\/v2\/types\/post"}],"author":[{"embeddable":true,"href":"https:\/\/miradordeatarfe.es\/index.php?rest_route=\/wp\/v2\/users\/1"}],"replies":[{"embeddable":true,"href":"https:\/\/miradordeatarfe.es\/index.php?rest_route=%2Fwp%2Fv2%2Fcomments&post=82608"}],"version-history":[{"count":3,"href":"https:\/\/miradordeatarfe.es\/index.php?rest_route=\/wp\/v2\/posts\/82608\/revisions"}],"predecessor-version":[{"id":82612,"href":"https:\/\/miradordeatarfe.es\/index.php?rest_route=\/wp\/v2\/posts\/82608\/revisions\/82612"}],"wp:featuredmedia":[{"embeddable":true,"href":"https:\/\/miradordeatarfe.es\/index.php?rest_route=\/wp\/v2\/media\/82609"}],"wp:attachment":[{"href":"https:\/\/miradordeatarfe.es\/index.php?rest_route=%2Fwp%2Fv2%2Fmedia&parent=82608"}],"wp:term":[{"taxonomy":"category","embeddable":true,"href":"https:\/\/miradordeatarfe.es\/index.php?rest_route=%2Fwp%2Fv2%2Fcategories&post=82608"},{"taxonomy":"post_tag","embeddable":true,"href":"https:\/\/miradordeatarfe.es\/index.php?rest_route=%2Fwp%2Fv2%2Ftags&post=82608"}],"curies":[{"name":"wp","href":"https:\/\/api.w.org\/{rel}","templated":true}]}}