{"id":82613,"date":"2026-03-15T11:00:33","date_gmt":"2026-03-15T10:00:33","guid":{"rendered":"https:\/\/miradordeatarfe.es\/?p=82613"},"modified":"2026-03-13T21:25:31","modified_gmt":"2026-03-13T20:25:31","slug":"atarfe-encuentro-con-carolina-marza-madre-de-cloe-una-nina-transgenero","status":"publish","type":"post","link":"https:\/\/miradordeatarfe.es\/?p=82613","title":{"rendered":"ATARFE: Encuentro con Carolina Marz\u00e1 madre de Cloe, una ni\u00f1a transg\u00e9nero"},"content":{"rendered":"<h3 style=\"text-align: justify;\">Dentro del programa <span style=\"color: #800000;\">Participa Atarfe<\/span>, las Concejal\u00edas de Participaci\u00f3n Ciudadana e Igualdad organizan este encuentro con Carolina Marz\u00e1 (@mama_de_cloe), madre, escritora y activista, que estar\u00e1 acompa\u00f1ada por su hija Cloe.<\/h3>\n<p style=\"text-align: justify;\">Soy Carolina y mi hija Cloe es una ni\u00f1a transg\u00e9nero. \u00bfCu\u00e1ndo habr\u00e1 una Ley Integral Trans que incluya tambi\u00e9n a los menores?<\/p>\n<p style=\"text-align: justify;\"><strong>Mi nombre es Carolina y soy la madre de Cloe, una ni\u00f1a transg\u00e9nero de 9 a\u00f1os. <\/strong>Desde muy peque\u00f1a, Cloe era modelo, hac\u00eda teatro y audiciones y era muy perspicaz. Poco a poco empez\u00f3 a tener cierto inter\u00e9s por las cosas de \u201cni\u00f1a\u201d, pero fue algo a lo que no le dimos importancia. Al igual que las ni\u00f1as pueden jugar a futbol o coches, <strong>los ni\u00f1os son libres de tener gustos que siempre han sido considerados como \u201cde chicas\u201d.\u00a0<\/strong><\/p>\n<p style=\"text-align: justify;\">Las cosas empezaron a complicarse en el colegio y, <strong>cuando ella ten\u00eda 6 a\u00f1os, un d\u00eda me dijo que cre\u00eda que era una ni\u00f1a. <\/strong>Yo intent\u00e9 hacerla reflexionar, pero ve\u00eda el sufrimiento en ella: me dec\u00eda que lo que ve\u00eda en el espejo no se correspond\u00eda a lo que ella sab\u00eda que era en realidad, y que deseaba morir para convertirse en ni\u00f1a. <strong>Un d\u00eda se puso un vestido por la calle y notamos un alivio en ella, un brillo en los ojos que como madre sabes detectar.\u00a0<\/strong><\/p>\n<p style=\"text-align: justify;\">No fue f\u00e1cil para nosotros asimilar que tu hijo es una ni\u00f1a, los padres pasamos por un duelo y comunicarlo a la familia y el entorno es un proceso muy complejo. Pero nos dijimos que si<strong> la felicidad de nuestra hija era tan simple como dejarle ser quien ella realmente era \u00bfpor qu\u00e9 deb\u00edamos de impedirselo?\u00a0<\/strong><\/p>\n<p style=\"text-align: justify;\"><strong>Con 7 a\u00f1os, Cloe se enfrent\u00f3 a un proceso legal para poder cambiarse el nombre. <\/strong>Se plant\u00f3 delante de un juez para poder hacerlo, estando sola y siendo interrogada, pero al final lo conseguimos. En su DNI sigue apareciendo el sexo \u201cM\u201d (de masculino) pero yo le digo que es \u201cM\u201d de mujer.\u00a0<\/p>\n<p style=\"text-align: justify;\"><strong>Para que Cloe pueda cambiar de sexo, debe de ir al m\u00e9dico para poder acreditarlo<\/strong> <i>\u00abmediante un informe de m\u00e9dico o psic\u00f3logo cl\u00ednico\u00bb <\/i>lo que hace que ella pueda pensar que se trata de una patolog\u00eda cuando no es as\u00ed. Tambi\u00e9n se debe de <strong>pasar por un proceso de hormonaci\u00f3n de 2 a\u00f1os <\/strong>para poder optar a ello, con las consecuencias que ello conlleva y teniendo en cuenta que cada cuerpo es distinto y puede necesitar m\u00e1s o menos tiempo.<\/p>\n<p style=\"text-align: justify;\">Como padres de una ni\u00f1a trans, seguimos en proceso de adaptaci\u00f3n y asimilaci\u00f3n. Por supuesto son muchas cosas las que nos preocupan, como que Cloe tenga <strong>igualdad de oportunidades en educaci\u00f3n y el mundo laboral, y que se erradiquen todos los prejuicios y estigmas en la sociedad. <\/strong>Es un proceso complejo para toda la familia, y a veces sentimos que no contamos con el suficiente apoyo social.\u00a0<\/p>\n<p style=\"text-align: justify;\">Considero que es esencial que en las escuelas <strong>se eduque para concienciar y naturalizar la diversidad de sexualidades que existen<\/strong>, adem\u00e1s de educar en identidad de g\u00e9nero. Tambi\u00e9n considero importante lanzar campa\u00f1as de visibilizaci\u00f3n para lograr cambiar las consciencias de la gente. No se trata de dar visibilidad solamente a la semana del orgullo, sino que sea algo constante.<\/p>\n<p style=\"text-align: justify;\">Sin embargo, como madre de Cloe creo que deber\u00eda de haber una <strong>Ley Integral Trans que tenga en cuenta todas las realidades trans, incluida la infancia, con un acceso a la autodefinici\u00f3n y una despatologizaci\u00f3n de la transexualidad.<\/strong> Tambi\u00e9n considero que se deber\u00edan de reconocer por el sexo del que son sin necesidad de pasar por un proceso de hormonaci\u00f3n de 2 a\u00f1os, que puede provocar consecuencias en su salud.\u00a0<\/p>\n<h3>&#8211;\u00a0Mi\u00e9rcoles, 18 de marzo<br \/>\n&#8211;\u00a018:00h.<br \/>\n&#8211;\u00a0Centro C\u00edvico \u00abAlmudena Grandes\u00bb<\/h3>\n<p style=\"text-align: justify;\">En este ensayo \u00edntimo y valiente, Carolina relata en primera persona su experiencia como madre de una ni\u00f1a trans: un viaje emocional lleno de aprendizajes, prejuicios superados y crecimiento personal. Una historia que invita a reflexionar sobre la diversidad, el amor y la importancia de escuchar y acompa\u00f1ar.<\/p>\n<p style=\"text-align: justify;\">Durante el acto compartir\u00e1n su experiencia y abrir\u00e1n un espacio de di\u00e1logo y reflexi\u00f3n con el p\u00fablico.<\/p>\n<p style=\"text-align: justify;\">Al finalizar se firmar\u00e1n ejemplares del libro.<\/p>\n<p>Una invitaci\u00f3n a escuchar, comprender y celebrar la diversidad familiar y humana\u00a0<\/p>\n<p><img data-recalc-dims=\"1\" loading=\"lazy\" decoding=\"async\" class=\"alignnone\" src=\"https:\/\/i0.wp.com\/www.atarfe.es\/data\/CoreImages\/charla-maternidad-en-transicion.jpeg?resize=551%2C690&#038;ssl=1\" alt=\"\" width=\"551\" height=\"690\" \/><\/p>\n","protected":false},"excerpt":{"rendered":"<p>Dentro del programa Participa Atarfe, las Concejal\u00edas de Participaci\u00f3n Ciudadana e Igualdad organizan este encuentro&#8230;<\/p>\n","protected":false},"author":1,"featured_media":82614,"comment_status":"closed","ping_status":"closed","sticky":false,"template":"","format":"standard","meta":{"_coblocks_attr":"","_coblocks_dimensions":"","_coblocks_responsive_height":"","_coblocks_accordion_ie_support":"","jetpack_post_was_ever_published":false,"_jetpack_newsletter_access":"","_jetpack_dont_email_post_to_subs":false,"_jetpack_newsletter_tier_id":0,"_jetpack_memberships_contains_paywalled_content":false,"_jetpack_memberships_contains_paid_content":false,"footnotes":"","jetpack_publicize_message":"","jetpack_publicize_feature_enabled":true,"jetpack_social_post_already_shared":true,"jetpack_social_options":{"image_generator_settings":{"template":"highway","default_image_id":0,"enabled":false},"version":2}},"categories":[6916,14,44],"tags":[],"class_list":["post-82613","post","type-post","status-publish","format-standard","has-post-thumbnail","hentry","category-ayuntamiento-de-atarfe","category-feminismo","category-noticias-de-hoy"],"jetpack_publicize_connections":[],"jetpack_featured_media_url":"https:\/\/i0.wp.com\/miradordeatarfe.es\/wp-content\/uploads\/2026\/03\/images.jpg?fit=225%2C225&ssl=1","jetpack_likes_enabled":true,"jetpack_sharing_enabled":true,"_links":{"self":[{"href":"https:\/\/miradordeatarfe.es\/index.php?rest_route=\/wp\/v2\/posts\/82613","targetHints":{"allow":["GET"]}}],"collection":[{"href":"https:\/\/miradordeatarfe.es\/index.php?rest_route=\/wp\/v2\/posts"}],"about":[{"href":"https:\/\/miradordeatarfe.es\/index.php?rest_route=\/wp\/v2\/types\/post"}],"author":[{"embeddable":true,"href":"https:\/\/miradordeatarfe.es\/index.php?rest_route=\/wp\/v2\/users\/1"}],"replies":[{"embeddable":true,"href":"https:\/\/miradordeatarfe.es\/index.php?rest_route=%2Fwp%2Fv2%2Fcomments&post=82613"}],"version-history":[{"count":3,"href":"https:\/\/miradordeatarfe.es\/index.php?rest_route=\/wp\/v2\/posts\/82613\/revisions"}],"predecessor-version":[{"id":82617,"href":"https:\/\/miradordeatarfe.es\/index.php?rest_route=\/wp\/v2\/posts\/82613\/revisions\/82617"}],"wp:featuredmedia":[{"embeddable":true,"href":"https:\/\/miradordeatarfe.es\/index.php?rest_route=\/wp\/v2\/media\/82614"}],"wp:attachment":[{"href":"https:\/\/miradordeatarfe.es\/index.php?rest_route=%2Fwp%2Fv2%2Fmedia&parent=82613"}],"wp:term":[{"taxonomy":"category","embeddable":true,"href":"https:\/\/miradordeatarfe.es\/index.php?rest_route=%2Fwp%2Fv2%2Fcategories&post=82613"},{"taxonomy":"post_tag","embeddable":true,"href":"https:\/\/miradordeatarfe.es\/index.php?rest_route=%2Fwp%2Fv2%2Ftags&post=82613"}],"curies":[{"name":"wp","href":"https:\/\/api.w.org\/{rel}","templated":true}]}}