{"id":82618,"date":"2026-03-16T08:16:15","date_gmt":"2026-03-16T07:16:15","guid":{"rendered":"https:\/\/miradordeatarfe.es\/?p=82618"},"modified":"2026-03-13T18:25:09","modified_gmt":"2026-03-13T17:25:09","slug":"rocio-diaz-y-maria-jose-sanchez-rubio-galardonadas-con-el-premio-mariluz-escribano-2025-por-la-igualdad-y-la-concordia","status":"publish","type":"post","link":"https:\/\/miradordeatarfe.es\/?p=82618","title":{"rendered":"Roc\u00edo D\u00edaz y Mar\u00eda Jos\u00e9 S\u00e1nchez Rubio, galardonadas con el Premio Mariluz Escribano 2025 por la Igualdad y la Concordia."},"content":{"rendered":"<h3 style=\"text-align: justify;\">Las l\u00edderes granadinas han sido reconocidas por el IES Cerro de los Infantes en un acto anual que honra la memoria de la escritora y activista Mariluz Escribano, reconocida como la poeta de la memoria y la concordia civil espa\u00f1ola.<\/h3>\n<p style=\"text-align: justify;\">En esta tercera edici\u00f3n, el instituto de Pinos Puente ha concedido el Premio Mariluz Escribano a Roc\u00edo D\u00edaz Jim\u00e9nez y Mar\u00eda Jos\u00e9 S\u00e1nchez Rubio, referentes en la gesti\u00f3n p\u00fablica y en la defensa de los derechos sociales en Granada. Ambas encarnan los valores de equidad, cultura y convivencia que impulsa este reconocimiento.<\/p>\n<p style=\"text-align: justify;\">Roc\u00edo D\u00edaz, licenciada en Ciencias Pol\u00edticas y Sociolog\u00eda y experta en liderazgo p\u00fablico, ha impulsado desde la Consejer\u00eda de Fomento, Articulaci\u00f3n del Territorio y Vivienda de Andaluc\u00eda pol\u00edticas p\u00fablicas que promueven un desarrollo sostenible, inclusivo y respetuoso con la diversidad cultural. Como directora general del Patronato de la Alhambra y Generalife, combin\u00f3 la gesti\u00f3n de un patrimonio de excepci\u00f3n con iniciativas culturales que aportaron visibilidad a creadoras y colectivos vulnerables. Ha defendido activamente la igualdad de g\u00e9nero, fomentando pol\u00edticas de conciliaci\u00f3n, empleabilidad femenina y prevenci\u00f3n de violencia machista. En actos institucionales<br \/>\np\u00fablicos, como el Izado de la Bandera de Andaluc\u00eda en Granada, ha abogado por \u00abluchar por una Andaluc\u00eda por la igualdad\u00bb basada en la inclusi\u00f3n y la justicia social.<\/p>\n<p style=\"text-align: justify;\">Mar\u00eda Jos\u00e9 S\u00e1nchez Rubio, psic\u00f3loga y trabajadora social, ha desempe\u00f1ado cargos de relevancia en instituciones p\u00fablicas andaluzas. Fue diputada en el Congreso de los Diputados (2004-2010), delegada del Gobierno de la Junta de Andaluc\u00eda en Granada (2010-2013) y consejera de Igualdad y Pol\u00edticas Sociales de la Junta de Andaluc\u00eda (2013-2019). Fue una de las principales impulsoras del V Plan Municipal de Igualdad entre Mujeres y Hombres en Granada, un programa estrat\u00e9gico aprobado un\u00e1nimemente para aplicar la transversalidad de g\u00e9nero en todas las \u00e1reas municipales.<\/p>\n<p style=\"text-align: justify;\">A lo largo de su trayectoria ha promovido programas espec\u00edficos para la inserci\u00f3n laboral de mujeres y pol\u00edticas p\u00fablicas contra la violencia de g\u00e9nero para la protecci\u00f3n de mujeres y menores.<br \/>\nSu liderazgo como referente del feminismo ha fortalecido la visibilidad y participaci\u00f3n de las mujeres en espacios p\u00fablicos institucionales y resulta clave para el avance de los derechos sociales y el desarrollo de pol\u00edticas inclusivas en Andaluc\u00eda.<\/p>\n<p style=\"text-align: justify;\">El Premio Mariluz Escribano, instituido en 2022, distingue anualmente a mujeres que encarnan los valores de igualdad, compromiso feminista y concordia civil y pluralidad de pensamiento, inspir\u00e1ndose en la vida y obra de Mariluz Escribano, reconocida como \u00abla poeta de la memoria y la concordia civil\u00bb espa\u00f1ola. Enfocado en el \u00e1mbito educativo y cultural, busca resaltar trayectorias que favorezcan la convivencia, la integraci\u00f3n y la visibilizaci\u00f3n de mujeres que sirvan de inspiraci\u00f3n y referencia moral para el alumnado, especialmente para las j\u00f3venes estudiantes. Este galard\u00f3n rinde homenaje a la escritora y profesora, destacando la importancia de su legado para la cultura, la igualdad de g\u00e9nero y la defensa de los derechos sociales como motores de transformaci\u00f3n y justicia<br \/>\nsocial<\/p>\n<p>&nbsp;<\/p>\n","protected":false},"excerpt":{"rendered":"<p>Las l\u00edderes granadinas han sido reconocidas por el IES Cerro de los Infantes en un&#8230;<\/p>\n","protected":false},"author":1,"featured_media":82619,"comment_status":"closed","ping_status":"closed","sticky":false,"template":"","format":"standard","meta":{"_coblocks_attr":"","_coblocks_dimensions":"","_coblocks_responsive_height":"","_coblocks_accordion_ie_support":"","jetpack_post_was_ever_published":false,"_jetpack_newsletter_access":"","_jetpack_dont_email_post_to_subs":false,"_jetpack_newsletter_tier_id":0,"_jetpack_memberships_contains_paywalled_content":false,"_jetpack_memberships_contains_paid_content":false,"footnotes":"","jetpack_publicize_message":"","jetpack_publicize_feature_enabled":true,"jetpack_social_post_already_shared":true,"jetpack_social_options":{"image_generator_settings":{"template":"highway","default_image_id":0,"enabled":false},"version":2}},"categories":[1161,14,44],"tags":[],"class_list":["post-82618","post","type-post","status-publish","format-standard","has-post-thumbnail","hentry","category-ciudadania","category-feminismo","category-noticias-de-hoy"],"jetpack_publicize_connections":[],"jetpack_featured_media_url":"https:\/\/i0.wp.com\/miradordeatarfe.es\/wp-content\/uploads\/2026\/03\/2026031314174048985.webp?fit=693%2C462&ssl=1","jetpack_likes_enabled":true,"jetpack_sharing_enabled":true,"_links":{"self":[{"href":"https:\/\/miradordeatarfe.es\/index.php?rest_route=\/wp\/v2\/posts\/82618","targetHints":{"allow":["GET"]}}],"collection":[{"href":"https:\/\/miradordeatarfe.es\/index.php?rest_route=\/wp\/v2\/posts"}],"about":[{"href":"https:\/\/miradordeatarfe.es\/index.php?rest_route=\/wp\/v2\/types\/post"}],"author":[{"embeddable":true,"href":"https:\/\/miradordeatarfe.es\/index.php?rest_route=\/wp\/v2\/users\/1"}],"replies":[{"embeddable":true,"href":"https:\/\/miradordeatarfe.es\/index.php?rest_route=%2Fwp%2Fv2%2Fcomments&post=82618"}],"version-history":[{"count":1,"href":"https:\/\/miradordeatarfe.es\/index.php?rest_route=\/wp\/v2\/posts\/82618\/revisions"}],"predecessor-version":[{"id":82620,"href":"https:\/\/miradordeatarfe.es\/index.php?rest_route=\/wp\/v2\/posts\/82618\/revisions\/82620"}],"wp:featuredmedia":[{"embeddable":true,"href":"https:\/\/miradordeatarfe.es\/index.php?rest_route=\/wp\/v2\/media\/82619"}],"wp:attachment":[{"href":"https:\/\/miradordeatarfe.es\/index.php?rest_route=%2Fwp%2Fv2%2Fmedia&parent=82618"}],"wp:term":[{"taxonomy":"category","embeddable":true,"href":"https:\/\/miradordeatarfe.es\/index.php?rest_route=%2Fwp%2Fv2%2Fcategories&post=82618"},{"taxonomy":"post_tag","embeddable":true,"href":"https:\/\/miradordeatarfe.es\/index.php?rest_route=%2Fwp%2Fv2%2Ftags&post=82618"}],"curies":[{"name":"wp","href":"https:\/\/api.w.org\/{rel}","templated":true}]}}