{"id":82632,"date":"2026-03-17T10:30:59","date_gmt":"2026-03-17T09:30:59","guid":{"rendered":"https:\/\/miradordeatarfe.es\/?p=82632"},"modified":"2026-03-17T13:54:05","modified_gmt":"2026-03-17T12:54:05","slug":"coviran-celebra-sus-15-anos-en-portugal-y-65-anos-en-espana","status":"publish","type":"post","link":"https:\/\/miradordeatarfe.es\/?p=82632","title":{"rendered":"Covir\u00e1n celebra sus 15 a\u00f1os en Portugal y 65 a\u00f1os en Espa\u00f1a"},"content":{"rendered":"<h3 class=\"v-a-t\" style=\"text-align: justify;\">Covir\u00e1n lo celebra con la visita del embajador de Portugal.La cooperativa recibe en su sede de Atarfe al Embajador Jos\u00e9 Augusto Duarte y a la C\u00f3nsul General Cl\u00e1udia Boesch<\/h3>\n<p class=\"v-p\" style=\"text-align: justify;\">Covir\u00e1n ha celebrado este jueves en su sede de Atarfe un acto institucional por su 15\u00ba aniversario en Portugal y 65\u00ba en Espa\u00f1a, con la <span class=\"paywall pw-open\">asistencia del Embajador de Portugal en Espa\u00f1a, Jos\u00e9 Augusto Duarte, la C\u00f3nsul General de Portugal en Sevilla, Cl\u00e1udia Boesch, el presidente Jos\u00e9 Antonio Benito, el director general Esteban Guti\u00e9rrez y representantes institucionales, socios, empleados y medios. El encuentro ha puesto en valor un proyecto empresarial compartido y los s\u00f3lidos v\u00ednculos entre ambos pa\u00edses.<\/span><\/p>\n<div class=\"paywall\" data-mrf-recirculation=\"Link art\u00edculos\">\n<p class=\"v-p\" style=\"text-align: justify;\">Durante la jornada se ha destacado la madurez del proyecto ib\u00e9rico de Covir\u00e1n y el papel esencial de los socios portugueses, as\u00ed como el fuerte arraigo de la cooperativa en Portugal, donde mantiene relaciones estables con proveedores, genera empleo y participa activamente en la vida social y cultural. Tambi\u00e9n se ha subrayado que su modelo cooperativo, basado en la colaboraci\u00f3n p\u00fablico\u2011privada y en la uni\u00f3n de peque\u00f1os empresarios, permite crecer sin perder identidad local.<\/p>\n<div class=\"v-adv v-adv--ly\" style=\"text-align: justify;\">\n<div class=\"v-adv__item \">\n<div id=\"layer_inpage-id\" data-voc-vam=\"\" data-voc-vam-position=\"layer_inpage\" data-offset=\"0\" data-google-query-id=\"CO7Q2szRoZMDFfZfagcd_NoTAA\" data-voc-vam-displayed=\"true\">\n<div id=\"google_ads_iframe_\/4900\/vocento.ideal\/granada_1__container__\">En esta l\u00ednea, se ha puesto de manifiesto la importancia de la cooperaci\u00f3n econ\u00f3mica entre Portugal y Espa\u00f1a y las oportunidades compartidas en mercados comunes, una visi\u00f3n alineada con la filosof\u00eda de Covir\u00e1n.<\/div>\n<\/div>\n<\/div>\n<\/div>\n<p class=\"v-p\" style=\"text-align: justify;\">Fundada en 1961, Covir\u00e1n es hoy la primera cooperativa ib\u00e9rica de distribuci\u00f3n alimentaria, con 2.166 socios, 2.472 supermercados y 26 plataformas log\u00edsticas \u2014tres en Portugal\u2014. Genera 14.813 empleos, 1.833 de ellos en Portugal, y alcanz\u00f3 en 2024 unas ventas bajo ense\u00f1a de 1.846,2 millones de euros.<\/p>\n<p class=\"v-p\" style=\"text-align: justify;\">La cooperativa ha reafirmado su compromiso con el desarrollo sostenible y el apoyo al territorio, con presencia en 1.304 municipios y acuerdos con 1.996 proveedores, 308 portugueses. Covir\u00e1n Portugal ha sido reconocida recientemente por su compromiso sostenible, su apuesta por la proximidad y su car\u00e1cter inclusivo.<\/p>\n<p class=\"v-p\" style=\"text-align: justify;\">La marca est\u00e1 presente en todos los distritos y regiones aut\u00f3nomas de Portugal y abastece desde all\u00ed al socio radicado en Cabo Verde. Mantiene, adem\u00e1s, una activa red institucional en el pa\u00eds a trav\u00e9s de su participaci\u00f3n en organismos sectoriales y c\u00e1maras de comercio.<\/p>\n<p class=\"v-p\" style=\"text-align: justify;\">De cara a 2026, Covir\u00e1n impulsar\u00e1 proyectos de modernizaci\u00f3n, mejora de la experiencia de compra y crecimiento en Portugal, reforzando su apuesta por la cooperaci\u00f3n y el desarrollo econ\u00f3mico local. La cooperativa reivindica as\u00ed su esencia: m\u00e1s que una empresa, una comunidad comprometida con el bienestar de las zonas donde opera.<\/p>\n<p style=\"text-align: justify;\">IDEAL<\/p>\n<p style=\"text-align: justify;\"><span class=\"v-fc__t\">FOTO: El encuentro ha puesto en valor un proyecto empresarial compartido y los s\u00f3lidos v\u00ednculos entre ambos pa\u00edses.<\/span><\/p>\n<p style=\"text-align: justify;\">https:\/\/www.ideal.es\/granada\/coviran-celebra-anos-portugal-anos-espana-visita-20260312131855-nt.html<\/p>\n<\/div>\n","protected":false},"excerpt":{"rendered":"<p>Covir\u00e1n lo celebra con la visita del embajador de Portugal.La cooperativa recibe en su sede&#8230;<\/p>\n","protected":false},"author":1,"featured_media":82633,"comment_status":"closed","ping_status":"closed","sticky":false,"template":"","format":"standard","meta":{"_coblocks_attr":"","_coblocks_dimensions":"","_coblocks_responsive_height":"","_coblocks_accordion_ie_support":"","jetpack_post_was_ever_published":false,"_jetpack_newsletter_access":"","_jetpack_dont_email_post_to_subs":false,"_jetpack_newsletter_tier_id":0,"_jetpack_memberships_contains_paywalled_content":false,"_jetpack_memberships_contains_paid_content":false,"footnotes":"","jetpack_publicize_message":"","jetpack_publicize_feature_enabled":true,"jetpack_social_post_already_shared":true,"jetpack_social_options":{"image_generator_settings":{"template":"highway","default_image_id":0,"enabled":false},"version":2}},"categories":[1161,1225,186,44],"tags":[],"class_list":["post-82632","post","type-post","status-publish","format-standard","has-post-thumbnail","hentry","category-ciudadania","category-ha-de-atarfe","category-instituciones","category-noticias-de-hoy"],"jetpack_publicize_connections":[],"jetpack_featured_media_url":"https:\/\/i0.wp.com\/miradordeatarfe.es\/wp-content\/uploads\/2026\/03\/coviran-kH7D-U201161349591W8B-1200x840%40Ideal.webp?fit=1200%2C840&ssl=1","jetpack_likes_enabled":true,"jetpack_sharing_enabled":true,"_links":{"self":[{"href":"https:\/\/miradordeatarfe.es\/index.php?rest_route=\/wp\/v2\/posts\/82632","targetHints":{"allow":["GET"]}}],"collection":[{"href":"https:\/\/miradordeatarfe.es\/index.php?rest_route=\/wp\/v2\/posts"}],"about":[{"href":"https:\/\/miradordeatarfe.es\/index.php?rest_route=\/wp\/v2\/types\/post"}],"author":[{"embeddable":true,"href":"https:\/\/miradordeatarfe.es\/index.php?rest_route=\/wp\/v2\/users\/1"}],"replies":[{"embeddable":true,"href":"https:\/\/miradordeatarfe.es\/index.php?rest_route=%2Fwp%2Fv2%2Fcomments&post=82632"}],"version-history":[{"count":1,"href":"https:\/\/miradordeatarfe.es\/index.php?rest_route=\/wp\/v2\/posts\/82632\/revisions"}],"predecessor-version":[{"id":82634,"href":"https:\/\/miradordeatarfe.es\/index.php?rest_route=\/wp\/v2\/posts\/82632\/revisions\/82634"}],"wp:featuredmedia":[{"embeddable":true,"href":"https:\/\/miradordeatarfe.es\/index.php?rest_route=\/wp\/v2\/media\/82633"}],"wp:attachment":[{"href":"https:\/\/miradordeatarfe.es\/index.php?rest_route=%2Fwp%2Fv2%2Fmedia&parent=82632"}],"wp:term":[{"taxonomy":"category","embeddable":true,"href":"https:\/\/miradordeatarfe.es\/index.php?rest_route=%2Fwp%2Fv2%2Fcategories&post=82632"},{"taxonomy":"post_tag","embeddable":true,"href":"https:\/\/miradordeatarfe.es\/index.php?rest_route=%2Fwp%2Fv2%2Ftags&post=82632"}],"curies":[{"name":"wp","href":"https:\/\/api.w.org\/{rel}","templated":true}]}}