{"id":82635,"date":"2026-03-16T10:22:09","date_gmt":"2026-03-16T09:22:09","guid":{"rendered":"https:\/\/miradordeatarfe.es\/?p=82635"},"modified":"2026-03-16T14:03:57","modified_gmt":"2026-03-16T13:03:57","slug":"madridcentrismo-psicotico-por-agustin-martinez","status":"publish","type":"post","link":"https:\/\/miradordeatarfe.es\/?p=82635","title":{"rendered":"\u00abMadridcentrismo psic\u00f3tico\u00bb por Agust\u00edn Mart\u00ednez"},"content":{"rendered":"<h3 style=\"text-align: justify;\">Pobres provincias, qu\u00e9 desorientadas viven pensando que sus tradiciones les pertenecen por el simple hecho de haberlas parido. \u00a1Menos mal que Madrid, en su infinita generosidad de metr\u00f3poli succionadora, ha decidido rescatar a Andaluc\u00eda de su propia irrelevancia! Ya est\u00e1 aqu\u00ed <em>Madridluc\u00eda<\/em>.<\/h3>\n<p style=\"text-align: justify;\">Porque, como bien sabe cualquier espa\u00f1ol de bien, si algo no ocurre entre la M-30 y la Puerta de Alcal\u00e1, sencillamente no existe. Es un simulacro, un ensayo regional de lo que solo adquiere categor\u00eda de evento universal cuando se le a\u00f1ade el prefijo \u2018Mad\u2019. Tras el \u201c\u00e9xito\u201d de haber convertido las Fallas de Valencia en un esperpento matritense, llega ahora esta catetada de proporciones b\u00edblicas: trasladar el concepto de feria andaluza a la capital. Porque claro, lo que le faltaba al madrile\u00f1o \u2013ese ser que ya lo tiene todo, incluido el IVA de la f\u00e1brica de conservas de un pueblo de Zamora\u2013 era el rebujito junto al Manzanares. \u00a1Qu\u00e9 detalle!<\/p>\n<p style=\"text-align: justify;\">Ya que Madrid se queda con los ingenieros de Extremadura, los m\u00e9dicos de Castilla y los recursos fiscales de meda Espa\u00f1a \u00bfpor qu\u00e9 no quedarse tambi\u00e9n con el esp\u00edritu del sur? Este madridcentrismo psic\u00f3tico ya no se conforma con vaciar las mesas de las provincias lim\u00edtrofes, ahora necesita vaciarles el alma. Es el colonialismo de la gomina. Madrid es ese invitado que llega a tu fiesta, se come tu tarta, se lleva a tus primos a trabajar a su oficina y, encima, decide que el a\u00f1o que viene la fiesta se celebra en su sal\u00f3n porque all\u00ed \u201chay m\u00e1s ambiente\u201d.<\/p>\n<p style=\"text-align: justify;\"><img data-recalc-dims=\"1\" loading=\"lazy\" decoding=\"async\" class=\"size-medium wp-image-82636 alignleft\" src=\"https:\/\/i0.wp.com\/miradordeatarfe.es\/wp-content\/uploads\/2026\/03\/Screenshot-2026-03-15-at-11-11-45-Madrilucia-Madrid-se-queda-sin-su-Feria-de-Abril-los-organizadores-suspenden-el-evento-por-circunstancias-tecnicas-y-administrativas-Noticias-de-Madrid-EL-PAIS.png?resize=300%2C250&#038;ssl=1\" alt=\"\" width=\"300\" height=\"250\" srcset=\"https:\/\/i0.wp.com\/miradordeatarfe.es\/wp-content\/uploads\/2026\/03\/Screenshot-2026-03-15-at-11-11-45-Madrilucia-Madrid-se-queda-sin-su-Feria-de-Abril-los-organizadores-suspenden-el-evento-por-circunstancias-tecnicas-y-administrativas-Noticias-de-Madrid-EL-PAIS.png?resize=300%2C250&amp;ssl=1 300w, https:\/\/i0.wp.com\/miradordeatarfe.es\/wp-content\/uploads\/2026\/03\/Screenshot-2026-03-15-at-11-11-45-Madrilucia-Madrid-se-queda-sin-su-Feria-de-Abril-los-organizadores-suspenden-el-evento-por-circunstancias-tecnicas-y-administrativas-Noticias-de-Madrid-EL-PAIS.png?w=480&amp;ssl=1 480w\" sizes=\"auto, (max-width: 300px) 100vw, 300px\" \/>Uno se pregunta, en este delirio de grandeza de quienes confunden cosmopolitismo con saqueo cultural, cu\u00e1ndo dar\u00e1n el siguiente paso. \u00bfPara cu\u00e1ndo unos Sanfermines por la Gran V\u00eda? O mejor a\u00fan, una romer\u00eda del Roc\u00edo cruzando la Casa de Campo, con las carretas chapoteando en el barro de un Manzanares que, puestos a fingir, bien podr\u00eda ser el r\u00edo Quema si la Comunidad de Madrid as\u00ed lo decreta.<\/p>\n<p style=\"text-align: justify;\">Al final, este esperpento de <em>Madriluc\u00eda<\/em> no es m\u00e1s que el s\u00edntoma de una patolog\u00eda profunda: la del cateto con presupuesto. Ese que, a falta de identidad propia que no sea la de un centro comercial gigante, necesita apropiarse de lo ajeno para sentirse vivo. Cuanto m\u00e1s pretenden abarcarlo todo, m\u00e1s demuestran su pavorosa carencia de aquello que intentan imitar. Madrid no tiene feria, lo que tiene un complejo de inferioridad disfrazado de soberbia metropolitana. Disfruten del rebujito con sabor a asfalto y sede fiscal; la verg\u00fcenza ajena ya la ponemos los dem\u00e1s.<\/p>\n<p style=\"text-align: justify;\">\u00a0<\/p>\n","protected":false},"excerpt":{"rendered":"<p>Pobres provincias, qu\u00e9 desorientadas viven pensando que sus tradiciones les pertenecen por el simple hecho&#8230;<\/p>\n","protected":false},"author":1,"featured_media":82637,"comment_status":"closed","ping_status":"closed","sticky":false,"template":"","format":"standard","meta":{"_coblocks_attr":"","_coblocks_dimensions":"","_coblocks_responsive_height":"","_coblocks_accordion_ie_support":"","jetpack_post_was_ever_published":false,"_jetpack_newsletter_access":"","_jetpack_dont_email_post_to_subs":false,"_jetpack_newsletter_tier_id":0,"_jetpack_memberships_contains_paywalled_content":false,"_jetpack_memberships_contains_paid_content":false,"footnotes":"","jetpack_publicize_message":"","jetpack_publicize_feature_enabled":true,"jetpack_social_post_already_shared":true,"jetpack_social_options":{"image_generator_settings":{"template":"highway","default_image_id":0,"enabled":false},"version":2}},"categories":[10791,1161,44],"tags":[],"class_list":["post-82635","post","type-post","status-publish","format-standard","has-post-thumbnail","hentry","category-andalucia","category-ciudadania","category-noticias-de-hoy"],"jetpack_publicize_connections":[],"jetpack_featured_media_url":"https:\/\/miradordeatarfe.es\/wp-content\/uploads\/2026\/03\/UFLL6WO7LVII5FGLPDMW6QAQ2A.avif","jetpack_likes_enabled":true,"jetpack_sharing_enabled":true,"_links":{"self":[{"href":"https:\/\/miradordeatarfe.es\/index.php?rest_route=\/wp\/v2\/posts\/82635","targetHints":{"allow":["GET"]}}],"collection":[{"href":"https:\/\/miradordeatarfe.es\/index.php?rest_route=\/wp\/v2\/posts"}],"about":[{"href":"https:\/\/miradordeatarfe.es\/index.php?rest_route=\/wp\/v2\/types\/post"}],"author":[{"embeddable":true,"href":"https:\/\/miradordeatarfe.es\/index.php?rest_route=\/wp\/v2\/users\/1"}],"replies":[{"embeddable":true,"href":"https:\/\/miradordeatarfe.es\/index.php?rest_route=%2Fwp%2Fv2%2Fcomments&post=82635"}],"version-history":[{"count":1,"href":"https:\/\/miradordeatarfe.es\/index.php?rest_route=\/wp\/v2\/posts\/82635\/revisions"}],"predecessor-version":[{"id":82638,"href":"https:\/\/miradordeatarfe.es\/index.php?rest_route=\/wp\/v2\/posts\/82635\/revisions\/82638"}],"wp:featuredmedia":[{"embeddable":true,"href":"https:\/\/miradordeatarfe.es\/index.php?rest_route=\/wp\/v2\/media\/82637"}],"wp:attachment":[{"href":"https:\/\/miradordeatarfe.es\/index.php?rest_route=%2Fwp%2Fv2%2Fmedia&parent=82635"}],"wp:term":[{"taxonomy":"category","embeddable":true,"href":"https:\/\/miradordeatarfe.es\/index.php?rest_route=%2Fwp%2Fv2%2Fcategories&post=82635"},{"taxonomy":"post_tag","embeddable":true,"href":"https:\/\/miradordeatarfe.es\/index.php?rest_route=%2Fwp%2Fv2%2Ftags&post=82635"}],"curies":[{"name":"wp","href":"https:\/\/api.w.org\/{rel}","templated":true}]}}