{"id":82642,"date":"2026-03-16T11:33:20","date_gmt":"2026-03-16T10:33:20","guid":{"rendered":"https:\/\/miradordeatarfe.es\/?p=82642"},"modified":"2026-03-15T12:57:34","modified_gmt":"2026-03-15T11:57:34","slug":"atarfe-el-programa-proactivate-ya-esta-en-marcha","status":"publish","type":"post","link":"https:\/\/miradordeatarfe.es\/?p=82642","title":{"rendered":"ATARFE: El programa PROACTIVATE ya est\u00e1 en marcha"},"content":{"rendered":"<p>Nuestra Alcaldesa se refiere a este programa diciendo:<em> \u00bb Es un orgullo presentar PROACTIVATE FORMACI\u00d3N, una iniciativa que nace con el firme compromiso de seguir apostando por nuestros j\u00f3venes a trav\u00e9s del deporte y la formaci\u00f3n.<\/em><\/p>\n<p><em> Desde el Ayuntamiento de Atarfe entendemos que el deporte no solo es salud y ocio, sino tambi\u00e9n una herramienta educativa fundamental para el desarrollo personal y social.<\/em><\/p>\n<p><em>Este programa refleja nuestra apuesta por ofrecer oportunidades que impulsen el talento, fomenten valores como el esfuerzo, el compa\u00f1erismo y la disciplina, y preparen a nuestros j\u00f3venes para afrontar nuevos <\/em><em>retos dentro y fuera del \u00e1mbito deportivo.Segui<\/em>mos trabajando por un Atarfe activo, saludable y con futuro.\u00bb<\/p>\n<p><strong>LAS ACTIVIDADES PARA EL MES DE MARZO Y ABRIL SON:<\/strong><\/p>\n<p><strong>11\/03 Charla de Nataci\u00f3n terap\u00e9utica<\/strong><br \/>\n<strong>15\/03 Curso DESA y PRIMEROS AUXILIOS<\/strong><br \/>\n<strong>18\/03 Charla Nutrici\u00f3n en la menopausia<\/strong><br \/>\n<strong>21\/03 Bautismo en el Buceo<\/strong><br \/>\n<strong>23-29\/03 CURSO SOCORRISMO ACU\u00c1TICO\u00a0 Jovenes desempleados<\/strong><\/p>\n<p><strong>08\/04 SEMINARIO Importancia del entrenamiento de fuerza en el deportista\u00a0 \u00a0\u00a0joven<\/strong><br \/>\n<strong>19\/04 Taller de Fotograf\u00eda Deportiva<\/strong><br \/>\n<strong>25\/04 S<\/strong>EMINARIO El poder del entrenamiento de fuerza para prevenir enfermedades y mejorar la calidad de vida<\/p>\n<p><strong>INSCRIPCIONES EN LA PISCINA CUBIERTA DE ATARFE<\/strong><\/p>\n","protected":false},"excerpt":{"rendered":"<p>Nuestra Alcaldesa se refiere a este programa diciendo: \u00bb Es un orgullo presentar PROACTIVATE FORMACI\u00d3N,&#8230;<\/p>\n","protected":false},"author":1,"featured_media":82643,"comment_status":"closed","ping_status":"closed","sticky":false,"template":"","format":"standard","meta":{"_coblocks_attr":"","_coblocks_dimensions":"","_coblocks_responsive_height":"","_coblocks_accordion_ie_support":"","jetpack_post_was_ever_published":false,"_jetpack_newsletter_access":"","_jetpack_dont_email_post_to_subs":false,"_jetpack_newsletter_tier_id":0,"_jetpack_memberships_contains_paywalled_content":false,"_jetpack_memberships_contains_paid_content":false,"footnotes":"","jetpack_publicize_message":"","jetpack_publicize_feature_enabled":true,"jetpack_social_post_already_shared":true,"jetpack_social_options":{"image_generator_settings":{"template":"highway","default_image_id":0,"enabled":false},"version":2}},"categories":[6916,1161,182,44],"tags":[],"class_list":["post-82642","post","type-post","status-publish","format-standard","has-post-thumbnail","hentry","category-ayuntamiento-de-atarfe","category-ciudadania","category-deportes","category-noticias-de-hoy"],"jetpack_publicize_connections":[],"jetpack_featured_media_url":"https:\/\/i0.wp.com\/miradordeatarfe.es\/wp-content\/uploads\/2026\/03\/Screenshot-2026-03-15-at-12-56-40-proactivate-formacion.pdf-Google-Drive.png?fit=777%2C424&ssl=1","jetpack_likes_enabled":true,"jetpack_sharing_enabled":true,"_links":{"self":[{"href":"https:\/\/miradordeatarfe.es\/index.php?rest_route=\/wp\/v2\/posts\/82642","targetHints":{"allow":["GET"]}}],"collection":[{"href":"https:\/\/miradordeatarfe.es\/index.php?rest_route=\/wp\/v2\/posts"}],"about":[{"href":"https:\/\/miradordeatarfe.es\/index.php?rest_route=\/wp\/v2\/types\/post"}],"author":[{"embeddable":true,"href":"https:\/\/miradordeatarfe.es\/index.php?rest_route=\/wp\/v2\/users\/1"}],"replies":[{"embeddable":true,"href":"https:\/\/miradordeatarfe.es\/index.php?rest_route=%2Fwp%2Fv2%2Fcomments&post=82642"}],"version-history":[{"count":1,"href":"https:\/\/miradordeatarfe.es\/index.php?rest_route=\/wp\/v2\/posts\/82642\/revisions"}],"predecessor-version":[{"id":82644,"href":"https:\/\/miradordeatarfe.es\/index.php?rest_route=\/wp\/v2\/posts\/82642\/revisions\/82644"}],"wp:featuredmedia":[{"embeddable":true,"href":"https:\/\/miradordeatarfe.es\/index.php?rest_route=\/wp\/v2\/media\/82643"}],"wp:attachment":[{"href":"https:\/\/miradordeatarfe.es\/index.php?rest_route=%2Fwp%2Fv2%2Fmedia&parent=82642"}],"wp:term":[{"taxonomy":"category","embeddable":true,"href":"https:\/\/miradordeatarfe.es\/index.php?rest_route=%2Fwp%2Fv2%2Fcategories&post=82642"},{"taxonomy":"post_tag","embeddable":true,"href":"https:\/\/miradordeatarfe.es\/index.php?rest_route=%2Fwp%2Fv2%2Ftags&post=82642"}],"curies":[{"name":"wp","href":"https:\/\/api.w.org\/{rel}","templated":true}]}}