{"id":8266,"date":"2016-04-15T08:20:09","date_gmt":"2016-04-15T08:20:09","guid":{"rendered":"http:\/\/miradordeatarfe.es\/?p=8266"},"modified":"2016-04-14T08:28:50","modified_gmt":"2016-04-14T08:28:50","slug":"gran-papel-el-de-los-judokas-atarfenos-en-el-campeonato-de-andalucia-sub-11","status":"publish","type":"post","link":"https:\/\/miradordeatarfe.es\/?p=8266","title":{"rendered":"GRAN PAPEL EL DE LOS JUDOKAS ATARFE\u00d1OS EN EL CAMPEONATO DE ANDALUC\u00cdA SUB-11"},"content":{"rendered":"<p align=\"justify\">El pasado S\u00e1bado 9 de Abril,\u00a0nuestros peque\u00f1os atletas\u00a0atarfe\u00f1os compitieron en\u00a0el Campeonato de Andaluc\u00eda Sub-11, realizando una magn\u00edfica participaci\u00f3n y quedando en el 3\u00ba puesto cada uno.<!--more--><\/p>\n<p align=\"justify\"><strong>Roc\u00edo Rajoy Titos<\/strong>\u00a0atarfe\u00f1a y procedente del C.D JUDO ATARFE, asisti\u00f3 al primer Campeonato de Andaluc\u00eda para Benjamines, realizando un magn\u00edfico campeonato y ganando sus 3 combates con una claridad asombrosa. Pero tuvo mala suerte en el sorteo, y se enfrent\u00f3 en semifinales con la campeona del a\u00f1o pasado, siendo un a\u00f1o mayor que nuestra judoka, y\u00a0no pudo con ella.\u00a0Al finalizar el combate en empate, el \u00e1rbitro tomo una decisi\u00f3n m\u00e1s que dudosa, otorg\u00e1ndole la victoria a su oponente. Despu\u00e9s, Rocio luch\u00f3 por el Bronce y obtuvo su medalla con bastante claridad.<\/p>\n<div><img data-recalc-dims=\"1\" loading=\"lazy\" decoding=\"async\" class=\"aligncenter\" src=\"https:\/\/i0.wp.com\/www.acidesa.es\/data\/fotos_contenidos_web\/667_604_20160413133605.jpg?resize=400%2C225\" alt=\"\" width=\"400\" height=\"225\" \/><\/div>\n<p align=\"justify\"><strong>Adri\u00e1n Moyano Cano<\/strong>, por su parte, era su primera competici\u00f3n fuera de nuestra provincia y eso le paso factura, pues los nervios pudieron con \u00e9l y cedi\u00f3 su primer combate con el que a la postre qued\u00f3 campe\u00f3n.\u00a0Este combate le sirvi\u00f3 para activarse y salir a por todas en sus otros 3 combates, y obteniendo 3 Ippones que le daban su medalla de Bronce. Un\u00a03\u00ba puesto,\u00a0que a\u00a0veces es m\u00e1s satisfactorio que otro premio, pues el nivel que hab\u00eda era muy alto.<\/p>\n<p>&nbsp;<\/p>\n<div><img data-recalc-dims=\"1\" loading=\"lazy\" decoding=\"async\" class=\"aligncenter\" src=\"https:\/\/i0.wp.com\/www.acidesa.es\/data\/fotos_contenidos_web\/667_605_20160413133651.jpg?resize=360%2C640\" alt=\"\" width=\"360\" height=\"640\" \/><\/div>\n","protected":false},"excerpt":{"rendered":"<p>El pasado S\u00e1bado 9 de Abril,\u00a0nuestros peque\u00f1os atletas\u00a0atarfe\u00f1os compitieron en\u00a0el Campeonato de Andaluc\u00eda Sub-11, realizando&#8230;<\/p>\n","protected":false},"author":1,"featured_media":8267,"comment_status":"closed","ping_status":"closed","sticky":false,"template":"","format":"standard","meta":{"_coblocks_attr":"","_coblocks_dimensions":"","_coblocks_responsive_height":"","_coblocks_accordion_ie_support":"","jetpack_post_was_ever_published":false,"_jetpack_newsletter_access":"","_jetpack_dont_email_post_to_subs":false,"_jetpack_newsletter_tier_id":0,"_jetpack_memberships_contains_paywalled_content":false,"_jetpack_memberships_contains_paid_content":false,"footnotes":"","jetpack_publicize_message":"","jetpack_publicize_feature_enabled":true,"jetpack_social_post_already_shared":false,"jetpack_social_options":{"image_generator_settings":{"template":"highway","default_image_id":0,"enabled":false},"version":2}},"categories":[2,182,44,15],"tags":[81,726],"class_list":["post-8266","post","type-post","status-publish","format-standard","has-post-thumbnail","hentry","category-atarfe","category-deportes","category-noticias-de-hoy","category-ultimas-noticias","tag-atarfe","tag-yudo"],"jetpack_publicize_connections":[],"jetpack_featured_media_url":"https:\/\/i0.wp.com\/miradordeatarfe.es\/wp-content\/uploads\/2016\/04\/11028367_927099734037338_2180525506278343638_n.jpg?fit=960%2C603&ssl=1","jetpack_likes_enabled":true,"jetpack_sharing_enabled":true,"_links":{"self":[{"href":"https:\/\/miradordeatarfe.es\/index.php?rest_route=\/wp\/v2\/posts\/8266","targetHints":{"allow":["GET"]}}],"collection":[{"href":"https:\/\/miradordeatarfe.es\/index.php?rest_route=\/wp\/v2\/posts"}],"about":[{"href":"https:\/\/miradordeatarfe.es\/index.php?rest_route=\/wp\/v2\/types\/post"}],"author":[{"embeddable":true,"href":"https:\/\/miradordeatarfe.es\/index.php?rest_route=\/wp\/v2\/users\/1"}],"replies":[{"embeddable":true,"href":"https:\/\/miradordeatarfe.es\/index.php?rest_route=%2Fwp%2Fv2%2Fcomments&post=8266"}],"version-history":[{"count":1,"href":"https:\/\/miradordeatarfe.es\/index.php?rest_route=\/wp\/v2\/posts\/8266\/revisions"}],"predecessor-version":[{"id":8268,"href":"https:\/\/miradordeatarfe.es\/index.php?rest_route=\/wp\/v2\/posts\/8266\/revisions\/8268"}],"wp:featuredmedia":[{"embeddable":true,"href":"https:\/\/miradordeatarfe.es\/index.php?rest_route=\/wp\/v2\/media\/8267"}],"wp:attachment":[{"href":"https:\/\/miradordeatarfe.es\/index.php?rest_route=%2Fwp%2Fv2%2Fmedia&parent=8266"}],"wp:term":[{"taxonomy":"category","embeddable":true,"href":"https:\/\/miradordeatarfe.es\/index.php?rest_route=%2Fwp%2Fv2%2Fcategories&post=8266"},{"taxonomy":"post_tag","embeddable":true,"href":"https:\/\/miradordeatarfe.es\/index.php?rest_route=%2Fwp%2Fv2%2Ftags&post=8266"}],"curies":[{"name":"wp","href":"https:\/\/api.w.org\/{rel}","templated":true}]}}