{"id":8269,"date":"2016-04-14T08:45:10","date_gmt":"2016-04-14T08:45:10","guid":{"rendered":"http:\/\/miradordeatarfe.es\/?p=8269"},"modified":"2016-04-14T08:15:49","modified_gmt":"2016-04-14T08:15:49","slug":"4o-podio-consecutivo-para-el-atarfeno-carlos-campos-en-la-copa-andalucia-de-cxm","status":"publish","type":"post","link":"https:\/\/miradordeatarfe.es\/?p=8269","title":{"rendered":"4\u00ba PODIO CONSECUTIVO PARA EL ATARFE\u00d1O CARLOS CAMPOS, EN LA COPA ANDALUC\u00cdA DE CxM"},"content":{"rendered":"<p>El pasado Domingo\u00a03 de Abril, se disput\u00f3 en Yunquera(M\u00e1laga), la 4\u00aa prueba correspondiente a la Copa de Andaluc\u00eda de CxM. Fueron 30 Km dur\u00edsimos de carrera, con un desnivel acumulado de 1.800 m, en donde participaron mas de 450 corredores de toda Andaluc\u00eda.<!--more--><\/p>\n<p>La salida tuvo lugar a las 08:30 horas de la ma\u00f1ana, con una climatolog\u00eda excelente para los amantes de este deporte.<\/p>\n<p>Hay que destacar una vez m\u00e1s\u00a0a los atletas atarfe\u00f1os, y como viene ya siendo una costumbre, <strong>Carlos Campos(Club Atletismo y Monta\u00f1a Atarfe)<\/strong>, consigui\u00f3 llegar en 2\u00aa posici\u00f3n en la categor\u00eda promesa. Hay que resaltar, que nuestro atleta tiene grandes opciones de conseguir el 1\u00ba puesto en la general de su categor\u00eda, a falta de una carrera por disputar.<\/p>\n<p align=\"center\">!!! ENHORABUENA CAMPE\u00d3N !!!<\/p>\n<p align=\"center\"><a href=\"https:\/\/i0.wp.com\/miradordeatarfe.es\/wp-content\/uploads\/2016\/04\/665_602_20160407131207.jpg?ssl=1\" rel=\"attachment wp-att-8270\"><img data-recalc-dims=\"1\" loading=\"lazy\" decoding=\"async\" class=\"alignnone size-full wp-image-8270\" src=\"https:\/\/i0.wp.com\/miradordeatarfe.es\/wp-content\/uploads\/2016\/04\/665_602_20160407131207.jpg?resize=400%2C533&#038;ssl=1\" alt=\"665_602_20160407131207\" width=\"400\" height=\"533\" srcset=\"https:\/\/i0.wp.com\/miradordeatarfe.es\/wp-content\/uploads\/2016\/04\/665_602_20160407131207.jpg?w=400&amp;ssl=1 400w, https:\/\/i0.wp.com\/miradordeatarfe.es\/wp-content\/uploads\/2016\/04\/665_602_20160407131207.jpg?resize=225%2C300&amp;ssl=1 225w\" sizes=\"auto, (max-width: 400px) 100vw, 400px\" \/><\/a><\/p>\n","protected":false},"excerpt":{"rendered":"<p>El pasado Domingo\u00a03 de Abril, se disput\u00f3 en Yunquera(M\u00e1laga), la 4\u00aa prueba correspondiente a la&#8230;<\/p>\n","protected":false},"author":1,"featured_media":8271,"comment_status":"closed","ping_status":"closed","sticky":false,"template":"","format":"standard","meta":{"_coblocks_attr":"","_coblocks_dimensions":"","_coblocks_responsive_height":"","_coblocks_accordion_ie_support":"","jetpack_post_was_ever_published":false,"_jetpack_newsletter_access":"","_jetpack_dont_email_post_to_subs":false,"_jetpack_newsletter_tier_id":0,"_jetpack_memberships_contains_paywalled_content":false,"_jetpack_memberships_contains_paid_content":false,"footnotes":"","jetpack_publicize_message":"","jetpack_publicize_feature_enabled":true,"jetpack_social_post_already_shared":false,"jetpack_social_options":{"image_generator_settings":{"template":"highway","default_image_id":0,"enabled":false},"version":2}},"categories":[2,182,44,15],"tags":[81,1032,123],"class_list":["post-8269","post","type-post","status-publish","format-standard","has-post-thumbnail","hentry","category-atarfe","category-deportes","category-noticias-de-hoy","category-ultimas-noticias","tag-atarfe","tag-carreras","tag-deportes"],"jetpack_publicize_connections":[],"jetpack_featured_media_url":"https:\/\/i0.wp.com\/miradordeatarfe.es\/wp-content\/uploads\/2016\/04\/12074580_1574882166162155_3733216271376804189_n.jpg?fit=769%2C960&ssl=1","jetpack_likes_enabled":true,"jetpack_sharing_enabled":true,"_links":{"self":[{"href":"https:\/\/miradordeatarfe.es\/index.php?rest_route=\/wp\/v2\/posts\/8269","targetHints":{"allow":["GET"]}}],"collection":[{"href":"https:\/\/miradordeatarfe.es\/index.php?rest_route=\/wp\/v2\/posts"}],"about":[{"href":"https:\/\/miradordeatarfe.es\/index.php?rest_route=\/wp\/v2\/types\/post"}],"author":[{"embeddable":true,"href":"https:\/\/miradordeatarfe.es\/index.php?rest_route=\/wp\/v2\/users\/1"}],"replies":[{"embeddable":true,"href":"https:\/\/miradordeatarfe.es\/index.php?rest_route=%2Fwp%2Fv2%2Fcomments&post=8269"}],"version-history":[{"count":1,"href":"https:\/\/miradordeatarfe.es\/index.php?rest_route=\/wp\/v2\/posts\/8269\/revisions"}],"predecessor-version":[{"id":8272,"href":"https:\/\/miradordeatarfe.es\/index.php?rest_route=\/wp\/v2\/posts\/8269\/revisions\/8272"}],"wp:featuredmedia":[{"embeddable":true,"href":"https:\/\/miradordeatarfe.es\/index.php?rest_route=\/wp\/v2\/media\/8271"}],"wp:attachment":[{"href":"https:\/\/miradordeatarfe.es\/index.php?rest_route=%2Fwp%2Fv2%2Fmedia&parent=8269"}],"wp:term":[{"taxonomy":"category","embeddable":true,"href":"https:\/\/miradordeatarfe.es\/index.php?rest_route=%2Fwp%2Fv2%2Fcategories&post=8269"},{"taxonomy":"post_tag","embeddable":true,"href":"https:\/\/miradordeatarfe.es\/index.php?rest_route=%2Fwp%2Fv2%2Ftags&post=8269"}],"curies":[{"name":"wp","href":"https:\/\/api.w.org\/{rel}","templated":true}]}}