{"id":82691,"date":"2026-03-19T11:19:45","date_gmt":"2026-03-19T10:19:45","guid":{"rendered":"https:\/\/miradordeatarfe.es\/?p=82691"},"modified":"2026-03-19T14:04:59","modified_gmt":"2026-03-19T13:04:59","slug":"genesis-la-banda-sinfonica-de-atarfe-une-tradicion-y-modernidad-en-su-nuevo-disco","status":"publish","type":"post","link":"https:\/\/miradordeatarfe.es\/?p=82691","title":{"rendered":"&#8216;G\u00e9nesis&#8217;: la Banda Sinf\u00f3nica de Atarfe une tradici\u00f3n y modernidad en su nuevo disco"},"content":{"rendered":"<h2 class=\"v-a-sub-t \" style=\"text-align: justify;\">El \u00e1lbum se present\u00f3 en el Auditorio Manuel de Falla e incluye 14 marchas de Semana Santa, en su mayor\u00eda in\u00e9ditas en grabaci\u00f3n oficial, demostrando la vitalidad del repertorio granadino y la riqueza expresiva de la m\u00fasica procesional.<\/h2>\n<div class=\"v-a v-a--d v-a--d-b v-a--p-b\" style=\"text-align: justify;\">\n<div class=\"v-a-img-c v-a-img-c--fw-xs\">\u00a0<\/div>\n<\/div>\n<div class=\"v-d v-d--ab-c v-d--b\" data-mrf-recirculation=\"Links articulo\">\n<p class=\"v-p\" style=\"text-align: justify;\">La Banda Sinf\u00f3nica Municipal de M\u00fasica Ciudad Atarfe dirigida por Alberto Vallejo Torres present\u00f3 este viernes en el Auditorio Manuel de Falla su nuevo disco, \u00ab<span class=\"paywall pw-open\">G\u00e9nesis\u00bb. Un proyecto que conmemora sus veinte a\u00f1os de trayectoria y refuerza su papel en la difusi\u00f3n de la m\u00fasica procesional granadina. El \u00e1lbum re\u00fane 14 marchas en su primera grabaci\u00f3n oficial de estudio, un aspecto que lo convierte en una aportaci\u00f3n relevante al patrimonio musical cofrade.<\/span><\/p>\n<div class=\"paywall\" data-mrf-recirculation=\"Link art\u00edculos\">\n<p class=\"v-p\" style=\"text-align: justify;\">El repertorio est\u00e1 compuesto mayoritariamente por marchas granadinas, firmadas tanto por autores ya consolidados dentro del panorama procesional andaluz como por j\u00f3venes compositores que comienzan a abrirse camino. Esta combinaci\u00f3n responde a una intenci\u00f3n clara: documentar el presente creativo de Granada y proyectarlo hacia el futuro, fijando en grabaci\u00f3n obras que hasta ahora solo hab\u00edan sonado en la calle o en concierto.<\/p>\n<div class=\"v-c-cmp v-n-mrg\" style=\"text-align: justify;\">\n<h3 class=\"v-cmp-suh\">M\u00fasica procesional entre tradici\u00f3n y modernidad<\/h3>\n<\/div>\n<p class=\"v-p\" style=\"text-align: justify;\">El concepto de \u00abG\u00e9nesis\u00bb gira en torno a la idea de origen y renovaci\u00f3n. La banda articula el disco como un recorrido expresivo que transita desde el recogimiento y el lirismo \u00edntimo hasta marchas de car\u00e1cter m\u00e1s solemne o triunfal. No hay b\u00fasqueda de efectismo, sino voluntad de profundidad musical y coherencia est\u00e9tica.<\/p>\n<p class=\"v-p\" style=\"text-align: justify;\">Varias composiciones est\u00e1n dedicadas o vinculadas a hermandades y devociones de Granada, subrayando que la m\u00fasica procesional no es un fen\u00f3meno aislado, sino un elemento integrado en la identidad cultural de los barrios. En este sentido, el proyecto no solo tiene valor art\u00edstico, sino tambi\u00e9n documental y formativo, al fijar repertorio contempor\u00e1neo que forma parte del paisaje sonoro de la ciudad. Destacan especialmente tres obras que nunca hab\u00edan sido grabadas oficialmente: Al Sant\u00edsimo Corpus Christi, de Antonio de la Cruz Quesada; Misericordia Coronada, de Manuel Marvizc\u00f3n y Jorge G\u00f3mez, presentada por primera vez en la Iglesia de San Mat\u00edas; y Victoria de Santo Domingo, de J.J. Espinosa de los Monteros y J.A. Carmona P\u00e1ez, dedicada a la imagen de la hermandad de la Santa Cena.<\/p>\n<div class=\"v-c-cmp v-n-mrg\" style=\"text-align: justify;\">\n<h3 class=\"v-cmp-suh\">Una trayectoria vinculada al \u00e1mbito cultural y cofrade granadino<\/h3>\n<\/div>\n<p class=\"v-p\" style=\"text-align: justify;\">El dise\u00f1o grafico de \u00abG\u00e9nesis\u00bb y la nueva imagen corporativa de la Banda Sinf\u00f3nica Municipal de M\u00fasica Ciudad Atarfe llevan la firma de Luis Gallas Mart\u00ednez bajo su nuevo proyecto Chavico Studio, profesional especializado en identidad visual y narrativa gr\u00e1fica, con una trayectoria vinculada al \u00e1mbito cultural y cofrade granadino.<\/p>\n<p class=\"v-p\" style=\"text-align: justify;\">Gallas es hermano de cuna y costalero de Jes\u00fas de la Amargura en la hermandad del Santo V\u00eda Crucis, y tambi\u00e9n costalero y hermano en la hermandad de Jes\u00fas Despojado y Regina. Esa doble condici\u00f3n, profesional y devocional, se traduce en un trabajo que busca coherencia simb\u00f3lica y respeto por el contexto cultural en el que se inscribe el proyecto.<\/p>\n<div id=\"wms-intext-multi1\" class=\"wms-intext\" style=\"text-align: justify;\">\n<div id=\"jw-ms627627-multi1\">\u00a0<\/div>\n<\/div>\n<p class=\"v-p\" style=\"text-align: justify;\">En los \u00faltimos a\u00f1os ha desarrollado proyectos gr\u00e1ficos y audiovisuales para iniciativas cofrades como G\u00f3lgota o Gloria Nazarenorum, adem\u00e1s de dise\u00f1ar materiales espec\u00edficos como las tarjetas de relevos de la cuadrilla de Dionisio Mart\u00ednez en 2025.<\/p>\n<p class=\"v-p\" style=\"text-align: justify;\">En \u00abG\u00e9nesis\u00bb, su planteamiento visual se articula en torno a la idea de nuevo amanecer que da t\u00edtulo al disco. La portada, la galleta y el libreto \u2014ilustrado por Pablo Ramos\u2014 construyen un recorrido visual paralelo al musical. Cada marcha se presenta como una pieza aut\u00f3noma dentro de un discurso com\u00fan; en el caso de Soledad, el dise\u00f1o apuesta por la contenci\u00f3n y el vac\u00edo para trasladar al plano gr\u00e1fico la introspecci\u00f3n que sugiere la partitura.<\/p>\n<p class=\"v-p\" style=\"text-align: justify;\">M\u00e1s all\u00e1 del soporte discogr\u00e1fico, el proyecto supone tambi\u00e9n la actualizaci\u00f3n de la identidad visual de la banda, reforzando su proyecci\u00f3n cultural y consolidando una imagen coherente con su evoluci\u00f3n art\u00edstica tras dos d\u00e9cadas de trayectoria.<\/p>\n<div class=\"v-c-cmp v-n-mrg\" style=\"text-align: justify;\">\n<h3 class=\"v-cmp-suh\">Concierto en el Santuario de Nuestra Se\u00f1ora del Perpetuo Socorro<\/h3>\n<\/div>\n<p class=\"v-p\" style=\"text-align: justify;\">La actividad de la Banda continuar\u00e1 el 7 de marzo a las 21.00 horas en el Santuario de Nuestra Se\u00f1ora del Perpetuo Socorro, dentro del ciclo Legado Cofrade, con el concierto \u00abPerpetuo\u00bb, centrado en devociones marianas vinculadas al templo. \u00abG\u00e9nesis\u00bb est\u00e1 disponible en plataformas digitales y consolida la apuesta de la banda por la creaci\u00f3n contempor\u00e1nea, la grabaci\u00f3n de nuevo repertorio y la proyecci\u00f3n cultural de la m\u00fasica procesional granadina.<\/p>\n<div class=\"v-a v-a--d v-a--d-b v-a--p-b\">\n<div class=\"v-a-img-c v-a-img-c--fw-xs\">\n<figure class=\"v-a-fig\"><figcaption class=\"v-fc\"><span class=\"v-fc__t\"><strong>\u00c1lvaro de la Torre Araus<\/p>\n<p>FOTO: <\/strong>La Banda de Atarfe en su concierto del pasado viernes en el Auditorio<\/span> <span class=\"v-fc__p\">Pedro Godoy<\/p>\n<p>https:\/\/www.ideal.es\/semanasantagranada\/genesis-banda-sinfonica-atarfe-une-tradicion-modernidad-20260302144104-nt.html<br \/>\n<\/span><\/figcaption><\/figure>\n<\/div>\n<\/div>\n<div class=\"v-d v-d--ab-c v-d--b\" data-mrf-recirculation=\"Links articulo\">\n<div class=\"v-mdl-ath \" data-mrf-recirculation=\"Autor\">\n<div class=\"v-mdl-ath__c v-mdl-ath__c--1\">\n<div class=\"v-mdl-ath__inf\">\n<p class=\"v-mdl-ath__p v-mdl-ath__p--2\">\u00a0<\/p>\n<\/div>\n<\/div>\n<\/div>\n<\/div>\n<\/div>\n<\/div>\n","protected":false},"excerpt":{"rendered":"<p>El \u00e1lbum se present\u00f3 en el Auditorio Manuel de Falla e incluye 14 marchas de&#8230;<\/p>\n","protected":false},"author":1,"featured_media":82692,"comment_status":"closed","ping_status":"closed","sticky":false,"template":"","format":"standard","meta":{"_coblocks_attr":"","_coblocks_dimensions":"","_coblocks_responsive_height":"","_coblocks_accordion_ie_support":"","jetpack_post_was_ever_published":false,"_jetpack_newsletter_access":"","_jetpack_dont_email_post_to_subs":false,"_jetpack_newsletter_tier_id":0,"_jetpack_memberships_contains_paywalled_content":false,"_jetpack_memberships_contains_paid_content":false,"footnotes":"","jetpack_publicize_message":"","jetpack_publicize_feature_enabled":true,"jetpack_social_post_already_shared":true,"jetpack_social_options":{"image_generator_settings":{"template":"highway","default_image_id":0,"enabled":false},"version":2}},"categories":[12,186,44],"tags":[],"class_list":["post-82691","post","type-post","status-publish","format-standard","has-post-thumbnail","hentry","category-cultura","category-instituciones","category-noticias-de-hoy"],"jetpack_publicize_connections":[],"jetpack_featured_media_url":"https:\/\/i0.wp.com\/miradordeatarfe.es\/wp-content\/uploads\/2026\/03\/f40eae7d-5e68-41bf-be63-5c62d30251f0-kXTG-U20983618538VgD-1200x840%40Ideal.webp?fit=1200%2C840&ssl=1","jetpack_likes_enabled":true,"jetpack_sharing_enabled":true,"_links":{"self":[{"href":"https:\/\/miradordeatarfe.es\/index.php?rest_route=\/wp\/v2\/posts\/82691","targetHints":{"allow":["GET"]}}],"collection":[{"href":"https:\/\/miradordeatarfe.es\/index.php?rest_route=\/wp\/v2\/posts"}],"about":[{"href":"https:\/\/miradordeatarfe.es\/index.php?rest_route=\/wp\/v2\/types\/post"}],"author":[{"embeddable":true,"href":"https:\/\/miradordeatarfe.es\/index.php?rest_route=\/wp\/v2\/users\/1"}],"replies":[{"embeddable":true,"href":"https:\/\/miradordeatarfe.es\/index.php?rest_route=%2Fwp%2Fv2%2Fcomments&post=82691"}],"version-history":[{"count":2,"href":"https:\/\/miradordeatarfe.es\/index.php?rest_route=\/wp\/v2\/posts\/82691\/revisions"}],"predecessor-version":[{"id":82694,"href":"https:\/\/miradordeatarfe.es\/index.php?rest_route=\/wp\/v2\/posts\/82691\/revisions\/82694"}],"wp:featuredmedia":[{"embeddable":true,"href":"https:\/\/miradordeatarfe.es\/index.php?rest_route=\/wp\/v2\/media\/82692"}],"wp:attachment":[{"href":"https:\/\/miradordeatarfe.es\/index.php?rest_route=%2Fwp%2Fv2%2Fmedia&parent=82691"}],"wp:term":[{"taxonomy":"category","embeddable":true,"href":"https:\/\/miradordeatarfe.es\/index.php?rest_route=%2Fwp%2Fv2%2Fcategories&post=82691"},{"taxonomy":"post_tag","embeddable":true,"href":"https:\/\/miradordeatarfe.es\/index.php?rest_route=%2Fwp%2Fv2%2Ftags&post=82691"}],"curies":[{"name":"wp","href":"https:\/\/api.w.org\/{rel}","templated":true}]}}