{"id":8276,"date":"2016-04-15T08:22:31","date_gmt":"2016-04-15T08:22:31","guid":{"rendered":"http:\/\/miradordeatarfe.es\/?p=8276"},"modified":"2016-04-14T08:26:53","modified_gmt":"2016-04-14T08:26:53","slug":"repetir-las-elecciones-no-es-ninguna-solucion","status":"publish","type":"post","link":"https:\/\/miradordeatarfe.es\/?p=8276","title":{"rendered":"Repetir las elecciones no es ninguna soluci\u00f3n"},"content":{"rendered":"<p>El lunes pasado se present\u00f3 en el C\u00edrculo de Bellas Artes en Madrid un interesante documento a modo de manifiesto en el que una parte de la sociedad civil, hablando a trav\u00e9s de intelectuales, artistas y sindicalistas, plantea la necesidad y la posibilidad de abrir camino a la formaci\u00f3n de un gobierno de cambio y progreso, considerando que repetir las elecciones no es ninguna soluci\u00f3n. Comparto plenamente esta conclusi\u00f3n y los razonamientos que conducen a ella.<\/p>\n<p>Repetir las elecciones es devolver a la ciudadan\u00eda la adopci\u00f3n de una decisi\u00f3n ya claramente tomada el pasado 20D. Ser\u00eda como decirle que su decisi\u00f3n no sirve y que queremos otra (cada cual la suya, naturalmente).<\/p>\n<p>Pero hay que asumir con madurez que en estas elecciones, por reacci\u00f3n a los excesos de nuestra vida pol\u00edtica, muy condicionada hasta el presente por un bipartidismo rotundo, el voto se hizo m\u00e1s plural, signo inequ\u00edvoco de que se optaba por una nueva pol\u00edtica del di\u00e1logo, el acuerdo, el pacto, la cesi\u00f3n y la transacci\u00f3n. Sencillamente porque en la sociedad espa\u00f1ola se es consciente de que esa nueva actitud es ineludible para enfrentar, encauzar y resolver los asuntos comunes y las grandes necesidades que acucian al pa\u00eds tras un largu\u00edsimo periodo de crisis econ\u00f3mica, social y pol\u00edtica y ante el permanente afloramiento a la superficie de los pestilentes lodos de la corrupci\u00f3n.<\/p>\n<p>Repetir las elecciones, dejando de lado otros inconvenientes, no es sino prolongar por mucho tiempo m\u00e1s la falta de un gobierno que pueda reponer la vida institucional y pol\u00edtica a un funcionamiento normalizado. Con una nueva convocatoria electoral a poco m\u00e1s de tres meses de las anteriores tampoco resolver\u00edamos la incertidumbre acerca de si los resultados nos permitir\u00edan la formaci\u00f3n de ese gobierno que necesitamos o, por el contrario, nos devolver\u00edan a un escenario semejante al actual o todav\u00eda peor.<\/p>\n<p>Repetir las elecciones no es la soluci\u00f3n porque la ciudadan\u00eda nos dio, adem\u00e1s, un claro mensaje complementario: las formaciones pol\u00edticas abiertas al cambio y al progreso recibieron m\u00e1s apoyo en su conjunto que las que representan el inmovilismo. En concreto, los partidos del cambio representan en su conjunto a m\u00e1s del 70% de los espa\u00f1oles y espa\u00f1olas mientras que el PP, pese a haber sido la fuerza pol\u00edtica con mayor n\u00famero de esca\u00f1os, queda en clara minor\u00eda frente a ese conjunto. Y no de cualquier manera, sino como la responsable de las pol\u00edticas de recortes en derechos sociales yen libertades y de los excesos de la austeridad recesiva. A mayor abundamiento, se\u00f1alada tambi\u00e9n por un inadmisible ejercicio abusivo del poder con el rodillo de su anterior mayor\u00eda absoluta e identificada con la carcoma de la corrupci\u00f3n generada en su entorno m\u00e1s pr\u00f3ximo.<\/p>\n<p>As\u00ed las cosas, el PP no puede representar el cambio que exige y anhela la ciudadan\u00eda espa\u00f1ola. Esta formaci\u00f3n pol\u00edtica no est\u00e1 en condiciones de liderar ning\u00fan cambio ni de gobernar, al menos por ahora, sino que debe centrarse en su autoregeneraci\u00f3n interna, para su propio bien y el del conjunto de muestro sistema democr\u00e1tico.<\/p>\n<p>Los firmantes del mencionado documento identifican los objetivos que debiera tener el acuerdo entre las formaciones pol\u00edticas del cambio. No se puede decir m\u00e1s claro. Sostienen la necesidad de lograr un acuerdo amplio que se ocupe de lo m\u00e1s importante y acuciante para la sociedad espa\u00f1ola: crecimiento econ\u00f3mico, creaci\u00f3n de empleo, plan social contra las desigualdades y por el Estado de bienestar, medidas contra la corrupci\u00f3n y de regeneraci\u00f3n democr\u00e1tica, reducci\u00f3n y encauzamiento de las tensiones territoriales y una pol\u00edtica europea que no obstaculice la recuperaci\u00f3n econ\u00f3mica.<\/p>\n<p>Tirar por borda esta oportunidad es una irresponsabilidad que puede salirnos muy cara, permitiendo la posibilidad del continuismo de la pol\u00edtica regresiva que hemos padecido durante la anterior legislatura, especialmente las personas m\u00e1s desfavorecidas. Y aunque los resultados fueran semejantes a los del 20-D y nos vi\u00e9ramos entonces obligados al acuerdo, habr\u00edamos perdido la preciada ocasi\u00f3n de avanzar desde ya, perdiendo as\u00ed meses de pol\u00edticas de cambio, de mejora y de progreso y permitiendo, por el contrario, un mayor deterioro de la situaci\u00f3n del pa\u00eds, especialmente en los terrenos econ\u00f3mico y social.<\/p>\n<p>No, no hay ninguna raz\u00f3n convincente para este escenario. Como Diputado he podido comprobar con qu\u00e9 facilidad hemos dialogado y nos hemos puesto de acuerdo en lo esencial, sin problemas, en muchas iniciativas progresistas, sobre todo en Comisi\u00f3n, hayan sido proposiciones de ley o no de ley o intervenciones relacionadas con las escasas comparecencias del Gobierno. Como no pod\u00eda ser de otra manera, toda vez que entre el programa consensuado por PSOE y Ciudadanos y el concretado por Podemos hay un amplio margen de coincidencias de m\u00e1s del 70% en las propuestas.Esto prueba que es mucho m\u00e1s lo que nos une que lo que nos separa.<\/p>\n<p>Pese a que hoy por hoy parece ya imposible la investidura de un presidente que abra el camino a un gobierno del cambio y para el progreso, no pierdo esa esperanza de la \u00faltima hora, como tantas personas todav\u00eda mantienen, para que este objetivo se haga realidad. Quien lo haga imposible tendr\u00e1 que explicar muy bien a los espa\u00f1oles y a las espa\u00f1olas por qu\u00e9 ha preferido continuar como estamos (o arriesgarnos a ir a peor) y no dar una oportunidad al entendimiento para avanzar, pese a la tan pregonada \u201cnueva pol\u00edtica\u201d.<\/p>\n<p>Gregorio C\u00e1mara Villar<br \/>\nCatedr\u00e1tico de Derecho Constitucional y diputado socialista del Congreso por Granada<\/p>\n<p>&nbsp;<\/p>\n<blockquote class=\"wp-embedded-content\" data-secret=\"yPMV1p6EY5\"><p><a href=\"https:\/\/www.ahoragranada.com\/opinion\/repetir-las-elecciones-no-es-ninguna-solucion\/\">Repetir las elecciones no es ninguna soluci\u00f3n<\/a><\/p><\/blockquote>\n<p><iframe loading=\"lazy\" class=\"wp-embedded-content\" sandbox=\"allow-scripts\" security=\"restricted\" style=\"position: absolute; visibility: hidden;\" title=\"\u00abRepetir las elecciones no es ninguna soluci\u00f3n\u00bb \u2014 Ahora Granada\" src=\"https:\/\/www.ahoragranada.com\/opinion\/repetir-las-elecciones-no-es-ninguna-solucion\/embed\/#?secret=1XQvzZUWWi#?secret=yPMV1p6EY5\" data-secret=\"yPMV1p6EY5\" width=\"600\" height=\"338\" frameborder=\"0\" marginwidth=\"0\" marginheight=\"0\" scrolling=\"no\"><\/iframe><\/p>\n","protected":false},"excerpt":{"rendered":"<p>El lunes pasado se present\u00f3 en el C\u00edrculo de Bellas Artes en Madrid un interesante&#8230;<\/p>\n","protected":false},"author":1,"featured_media":8279,"comment_status":"closed","ping_status":"closed","sticky":false,"template":"","format":"standard","meta":{"_coblocks_attr":"","_coblocks_dimensions":"","_coblocks_responsive_height":"","_coblocks_accordion_ie_support":"","jetpack_post_was_ever_published":false,"_jetpack_newsletter_access":"","_jetpack_dont_email_post_to_subs":false,"_jetpack_newsletter_tier_id":0,"_jetpack_memberships_contains_paywalled_content":false,"_jetpack_memberships_contains_paid_content":false,"footnotes":"","jetpack_publicize_message":"","jetpack_publicize_feature_enabled":true,"jetpack_social_post_already_shared":false,"jetpack_social_options":{"image_generator_settings":{"template":"highway","default_image_id":0,"enabled":false},"version":2}},"categories":[1161,186,44,15],"tags":[171,688,905],"class_list":["post-8276","post","type-post","status-publish","format-standard","has-post-thumbnail","hentry","category-ciudadania","category-instituciones","category-noticias-de-hoy","category-ultimas-noticias","tag-elecciones","tag-pactos","tag-partidos"],"jetpack_publicize_connections":[],"jetpack_featured_media_url":"https:\/\/i0.wp.com\/miradordeatarfe.es\/wp-content\/uploads\/2016\/04\/gregorio-camara-1024x682.jpeg?fit=1024%2C682&ssl=1","jetpack_likes_enabled":true,"jetpack_sharing_enabled":true,"_links":{"self":[{"href":"https:\/\/miradordeatarfe.es\/index.php?rest_route=\/wp\/v2\/posts\/8276","targetHints":{"allow":["GET"]}}],"collection":[{"href":"https:\/\/miradordeatarfe.es\/index.php?rest_route=\/wp\/v2\/posts"}],"about":[{"href":"https:\/\/miradordeatarfe.es\/index.php?rest_route=\/wp\/v2\/types\/post"}],"author":[{"embeddable":true,"href":"https:\/\/miradordeatarfe.es\/index.php?rest_route=\/wp\/v2\/users\/1"}],"replies":[{"embeddable":true,"href":"https:\/\/miradordeatarfe.es\/index.php?rest_route=%2Fwp%2Fv2%2Fcomments&post=8276"}],"version-history":[{"count":2,"href":"https:\/\/miradordeatarfe.es\/index.php?rest_route=\/wp\/v2\/posts\/8276\/revisions"}],"predecessor-version":[{"id":8280,"href":"https:\/\/miradordeatarfe.es\/index.php?rest_route=\/wp\/v2\/posts\/8276\/revisions\/8280"}],"wp:featuredmedia":[{"embeddable":true,"href":"https:\/\/miradordeatarfe.es\/index.php?rest_route=\/wp\/v2\/media\/8279"}],"wp:attachment":[{"href":"https:\/\/miradordeatarfe.es\/index.php?rest_route=%2Fwp%2Fv2%2Fmedia&parent=8276"}],"wp:term":[{"taxonomy":"category","embeddable":true,"href":"https:\/\/miradordeatarfe.es\/index.php?rest_route=%2Fwp%2Fv2%2Fcategories&post=8276"},{"taxonomy":"post_tag","embeddable":true,"href":"https:\/\/miradordeatarfe.es\/index.php?rest_route=%2Fwp%2Fv2%2Ftags&post=8276"}],"curies":[{"name":"wp","href":"https:\/\/api.w.org\/{rel}","templated":true}]}}