{"id":828,"date":"2015-02-27T08:45:03","date_gmt":"2015-02-27T08:45:03","guid":{"rendered":"http:\/\/miradordeatarfe.es\/?p=828"},"modified":"2015-03-31T08:46:26","modified_gmt":"2015-03-31T08:46:26","slug":"cataluna-por-manuel-sierra","status":"publish","type":"post","link":"https:\/\/miradordeatarfe.es\/?p=828","title":{"rendered":"\u00abCATALU\u00d1A\u00bb por Manuel Sierra"},"content":{"rendered":"<p>La democracia nos ha dado unas reglas que tenemos que saber usar racionalmente para igualar los derechos de todas y de todos, sin radicalismos rancios ni trasnochadas lecciones de patriotismo a ultranza, sin topes que nos desequilibran y nos hacen caer, con la alegr\u00eda de saber superada una p\u00e1gina de la historia de este pa\u00eds de pandereta, pero sin olvidar el coste de esa superaci\u00f3n, las vidas de quienes lo dieron todo, en uno u otro bando, por convicci\u00f3n o porque les pill\u00f3 all\u00ed.<!--more--><\/p>\n<p>Y es el respeto a esas vidas las que nos tiene que servir de acicate para superar nuestras diferencias, se lo debemos a ellos; por eso no entiendo la obcecaci\u00f3n de los l\u00edderes pol\u00edticos nacionalistas catalanes en seguir adelante con una consulta que, adem\u00e1s de ilegal, seg\u00fan el t\u00edtulo VIII de nuestra vigente Constituci\u00f3n, es inoportuna desde varios puntos de vista: econ\u00f3mico (lo cual no deja de ser llamativo en un pueblo para el que la pela es la pela), social (porque crea divisi\u00f3n entre los que quieren la independencia y quienes no, adem\u00e1s de ser un elemento de ruptura en una sociedad que no ha superado el revanchismo con la metr\u00f3poli), industrial (algunas empresas catalanas han advertido que se llevar\u00e1n sus empresas a territorio espa\u00f1ol de seguir empecinados en independizarse), laboral (qu\u00e9 va a pasar con los funcionarios espa\u00f1oles que trabajan en Catalu\u00f1a o con los trabajadores espa\u00f1oles localizados temporalmente en su territorio?) y desde cualquier otro que se os ocurra. Entonces, si la mayor\u00eda son problemas, \u00bfa son de qu\u00e9 este querer seguir jodiendo la marrana? \u2026 \u00a1No es que seamos mal pensados, es que blanco y en botella\u2026! Algo tendr\u00e1n que tapar, o ser\u00e1 una distracci\u00f3n que nos obligue a mirar para otro lado, para no ver lo que no quieren que se vea?<\/p>\n<p>Sea como fuere, esto huele y no precisamente a un buen cocido. Recuerdo que a m\u00ed siempre me daba un porsaco terrible, cuando era un cr\u00edo, el ni\u00f1o que ven\u00eda con su pelota para que jug\u00e1ramos al f\u00fatbol en las eras o en los olivos, y esa autoridad la usaba para escoger equipo, decidir faltas, tirar los penaltis, porque si no, se cabreaba y se llevaba el bal\u00f3n, con lo cual no jugaba nadie; pues esa es la sensaci\u00f3n que tengo con el nacionalismos catal\u00e1n en Espa\u00f1a, con la diferencia de que la pelota es nuestra y son ellos quienes quieren imponernos cu\u00e1ndo y c\u00f3mo jugar.<\/p>\n<p>Ojo, que yo no estoy ni a favor ni en contra de una Catalu\u00f1a independiente, pero s\u00ed que no me parece que sea el mejor momento para sacar adelante la propuesta; en un mundo que tiende a la agrupaci\u00f3n para ser m\u00e1s competitivos, no se sostiene la segregaci\u00f3n (de hecho los escoceses, que esos s\u00ed que son un reino, y que no es por comparar, t\u00fa, pero la realidad est\u00e1 ah\u00ed, han estimado no conveniente separarse de los ingleses ahora, y te puedo asegurar que los escoceses tragan menos a los ingleses que los catalanes a los de Madr\u00ed); pero tambi\u00e9n es verdad que siempre he dicho que quien no quiera estar conmigo, tiene la puerta abierta para irse, aunque \u00a1cuidado! de mi casa no te llevas nada. Empiezas con tu patrimonio actual y a partir de ah\u00ed, te deseo la mejor de las suertes. Pero es que estos listillos de la regi\u00f3n catalana lo quieren todo, lo suyo y lo nuestro porque piensan, azuzados por exhonorables que ahora son otra cosa, que se lo hemos robado a lo largo de estos treinta y tantos a\u00f1os de democracia, olvidando que la inversi\u00f3n es una simbiosis que opera mejor en ambos sentidos, porque si s\u00f3lo va en uno, acabas sinti\u00e9ndote un nosequ\u00e9 como de gilipollas.<\/p>\n<p>Por supuesto que en Catalu\u00f1a, adem\u00e1s de sus l\u00edderes nacionalistas, tan cortos de miras ellos, que no ven el precipicio al que est\u00e1n llevando a su tierra, dominados por no se sabe (\u00bfo s\u00ed?) qu\u00e9 intereses, est\u00e1n las gentes que la llenan, y dentro de ese conjunto disjunto se incluyen quienes quieren la independencia porque odian Espa\u00f1a, simplemente porque son v\u00edctimas de unas cuidadas pol\u00edticas de secesi\u00f3n que comenzaron hace m\u00e1s de veinte a\u00f1os, pol\u00edticas que llevan coaccionando la educaci\u00f3n, la cultura, etc., para que no se vea el idioma castellano, s\u00edmbolo de identidad de lo espa\u00f1ol, ignorando que la mayor parte de la poblaci\u00f3n catalana tiene or\u00edgenes no catalanes y el castellano es por tanto, su lengua vern\u00e1cula normal de comunicaci\u00f3n. Pero en ese conjunto disjunto tambi\u00e9n hay que contar con toda la poblaci\u00f3n de Catalu\u00f1a que no quiere la independencia, por mil razones, no siempre admisibles para m\u00ed, ciertamente, pero est\u00e1n en su derecho, al igual que los otros lo tienen para querer irse de Espa\u00f1a, lo que, como he dicho antes, respeto pero no comparto.<\/p>\n<p>Todo hubiese sido bien diferente si los gobiernos de Madrid, cuando pactaban las alianzas con grupos nacionalistas, hubiesen sido conscientes de la gravedad del problema en que nos met\u00edan, y como parece que la Constituci\u00f3n est\u00e1 hecho de m\u00e1rmol de Carrara, mejor no tocarla, no vaya a romperse, con lo que ha costado construirla, cuando quiz\u00e1s lo que pide este tiempo de cambios sea agrietarla donde sea necesario, donde el m\u00e1rmol est\u00e9 enfermo, para curarla y que dure m\u00e1s tiempo, con un nuevo consenso que nos dote de herramientas de convivencia pac\u00edfica y respetuosa con quienes no compartan nuestras ideas.<\/p>\n","protected":false},"excerpt":{"rendered":"<p>La democracia nos ha dado unas reglas que tenemos que saber usar racionalmente para igualar&#8230;<\/p>\n","protected":false},"author":1,"featured_media":829,"comment_status":"closed","ping_status":"closed","sticky":false,"template":"","format":"standard","meta":{"_coblocks_attr":"","_coblocks_dimensions":"","_coblocks_responsive_height":"","_coblocks_accordion_ie_support":"","jetpack_post_was_ever_published":false,"_jetpack_newsletter_access":"","_jetpack_dont_email_post_to_subs":false,"_jetpack_newsletter_tier_id":0,"_jetpack_memberships_contains_paywalled_content":false,"_jetpack_memberships_contains_paid_content":false,"footnotes":"","jetpack_publicize_message":"","jetpack_publicize_feature_enabled":true,"jetpack_social_post_already_shared":false,"jetpack_social_options":{"image_generator_settings":{"template":"highway","default_image_id":0,"enabled":false},"version":2}},"categories":[37],"tags":[],"class_list":["post-828","post","type-post","status-publish","format-standard","has-post-thumbnail","hentry","category-opinion-de-manuel-sierra"],"jetpack_publicize_connections":[],"jetpack_featured_media_url":"https:\/\/i0.wp.com\/miradordeatarfe.es\/wp-content\/uploads\/2015\/03\/catalu%C3%B1a4.jpg?fit=231%2C218&ssl=1","jetpack_likes_enabled":true,"jetpack_sharing_enabled":true,"_links":{"self":[{"href":"https:\/\/miradordeatarfe.es\/index.php?rest_route=\/wp\/v2\/posts\/828","targetHints":{"allow":["GET"]}}],"collection":[{"href":"https:\/\/miradordeatarfe.es\/index.php?rest_route=\/wp\/v2\/posts"}],"about":[{"href":"https:\/\/miradordeatarfe.es\/index.php?rest_route=\/wp\/v2\/types\/post"}],"author":[{"embeddable":true,"href":"https:\/\/miradordeatarfe.es\/index.php?rest_route=\/wp\/v2\/users\/1"}],"replies":[{"embeddable":true,"href":"https:\/\/miradordeatarfe.es\/index.php?rest_route=%2Fwp%2Fv2%2Fcomments&post=828"}],"version-history":[{"count":1,"href":"https:\/\/miradordeatarfe.es\/index.php?rest_route=\/wp\/v2\/posts\/828\/revisions"}],"predecessor-version":[{"id":830,"href":"https:\/\/miradordeatarfe.es\/index.php?rest_route=\/wp\/v2\/posts\/828\/revisions\/830"}],"wp:featuredmedia":[{"embeddable":true,"href":"https:\/\/miradordeatarfe.es\/index.php?rest_route=\/wp\/v2\/media\/829"}],"wp:attachment":[{"href":"https:\/\/miradordeatarfe.es\/index.php?rest_route=%2Fwp%2Fv2%2Fmedia&parent=828"}],"wp:term":[{"taxonomy":"category","embeddable":true,"href":"https:\/\/miradordeatarfe.es\/index.php?rest_route=%2Fwp%2Fv2%2Fcategories&post=828"},{"taxonomy":"post_tag","embeddable":true,"href":"https:\/\/miradordeatarfe.es\/index.php?rest_route=%2Fwp%2Fv2%2Ftags&post=828"}],"curies":[{"name":"wp","href":"https:\/\/api.w.org\/{rel}","templated":true}]}}