{"id":8281,"date":"2016-04-15T09:15:58","date_gmt":"2016-04-15T09:15:58","guid":{"rendered":"http:\/\/miradordeatarfe.es\/?p=8281"},"modified":"2016-04-15T09:17:50","modified_gmt":"2016-04-15T09:17:50","slug":"noticias-de-atarfe-este-fin-de-semana","status":"publish","type":"post","link":"https:\/\/miradordeatarfe.es\/?p=8281","title":{"rendered":"NOTICIAS DE ATARFE ESTE FIN DE SEMANA"},"content":{"rendered":"<p>ESPECT\u00c1CULO MUSICAL EN BENEFICIO DE C\u00c1RISTAS ,SELECCI\u00d3N DE UN T\u00c9CNICO DE INCLUSI\u00d3N SOCIAL, CURSO DE LA BAILAORA FUENSANTA LA MONETA\u00a0 EN ATARFE, RECOGIDA DE ROPA PARA SIRIA<!--more--><\/p>\n<p>Este viernes tiene lugar en el <strong>Centro Cultural Medina Elvira,<\/strong> a las 21 horas, el espect\u00e1culo musical &#8216;Los Miserables&#8217; que organiza la Parroquia de San Jos\u00e9 situada en el barrio de Monachil. El concierto es a beneficio de <strong>C\u00e1ritas Diocesana de Granada.<\/strong> Las entradas cuestan 7 \u20ac, son numeradas y limitadas, y se pueden obtener en la <em>Parroquia de Atarfe.<\/em><a href=\"https:\/\/i0.wp.com\/miradordeatarfe.es\/wp-content\/uploads\/2016\/04\/12985347_1069793893084480_7251282679710967918_n.png?ssl=1\" rel=\"attachment wp-att-8283\"><img data-recalc-dims=\"1\" loading=\"lazy\" decoding=\"async\" class=\"size-full wp-image-8283 aligncenter\" src=\"https:\/\/i0.wp.com\/miradordeatarfe.es\/wp-content\/uploads\/2016\/04\/12985347_1069793893084480_7251282679710967918_n.png?resize=272%2C395&#038;ssl=1\" alt=\"12985347_1069793893084480_7251282679710967918_n\" width=\"272\" height=\"395\" srcset=\"https:\/\/i0.wp.com\/miradordeatarfe.es\/wp-content\/uploads\/2016\/04\/12985347_1069793893084480_7251282679710967918_n.png?w=272&amp;ssl=1 272w, https:\/\/i0.wp.com\/miradordeatarfe.es\/wp-content\/uploads\/2016\/04\/12985347_1069793893084480_7251282679710967918_n.png?resize=207%2C300&amp;ssl=1 207w\" sizes=\"auto, (max-width: 272px) 100vw, 272px\" \/><\/a><\/p>\n<p>&nbsp;<\/p>\n<p>El Ayuntamiento de Atarfe ha publicado en su web las bases de la convocatoria de concurso oposici\u00f3n para la selecci\u00f3n de un t\u00e9cnico de inclusi\u00f3n social. Entre otros requisitos se solicita tener la licenciatura o el grado de Psicolog\u00eda, o bien el grado o diplomatura en Trabajo Social o grado en Educaci\u00f3n Social. El plazo presentaci\u00f3n de solicitudes es del 12 al 21 de abril y la hoja de inscripci\u00f3n para participar en el proceso la pod\u00e9is descargar en este enlace (<a href=\"http:\/\/bit.ly\/1qHsLTX\" target=\"_blank\" rel=\"nofollow\">http:\/\/bit.ly\/1qHsLTX<\/a><\/p>\n<p>&nbsp;<\/p>\n<p>La <strong>Escuela de Danza Ciudad de Atarfe<\/strong>, integrada en la <strong>Asociaci\u00f3n Art\u00edstica y Cultural Ciudad Atarfe,<\/strong> informa del curso que ofrecer\u00e1 la bailaora Fuensanta La Moneta los d\u00edas 23 y 24 de abril. Se trata de un curso de iniciaci\u00f3n al flamenco y las plazas son limitadas. Por otro lado, del 1 al 30 de abril est\u00e1 abierto el plazo de admisi\u00f3n para el curso 2016\/2017 de la Escuela de Msica y Danza de Atarfe. M\u00e1s informaci\u00f3n en su web: <a href=\"http:\/\/l.facebook.com\/l.php?u=http%3A%2F%2Facatarfe.es%2F&amp;h=ZAQFHgT4lAQFkwUGdHId_7OZtW7gGS-Upw-0Sfxiv23CElA&amp;enc=AZO4fOKJLO5kEm1p_XHcMKLdp199wrGfxQ81TxGHqHKjdamSeaa7KMbJrm_wKRQHsplSaZ8ifkdK9kkBKnrBJ8s4jC3ByhcNsEjKgDnNpJ3YQkTw2BmzwLM9v9wlGFTR5LRA9Fvty-XkX0AujP6lb788Iy9Z2cARGomxfvbVwdRO0LjcNAavhHIDJpectPJIfGH0Lt-43HRUAgmex1xfEm9g&amp;s=1\" target=\"_blank\" rel=\"nofollow\">http:\/\/acatarfe.es\/<\/a><\/p>\n<p><a href=\"https:\/\/i0.wp.com\/miradordeatarfe.es\/wp-content\/uploads\/2016\/04\/12991035_1069599643103905_3302970135433466538_n.jpg?ssl=1\" rel=\"attachment wp-att-8282\"><img data-recalc-dims=\"1\" loading=\"lazy\" decoding=\"async\" class=\"size-full wp-image-8282 aligncenter\" src=\"https:\/\/i0.wp.com\/miradordeatarfe.es\/wp-content\/uploads\/2016\/04\/12991035_1069599643103905_3302970135433466538_n.jpg?resize=346%2C490&#038;ssl=1\" alt=\"12991035_1069599643103905_3302970135433466538_n\" width=\"346\" height=\"490\" srcset=\"https:\/\/i0.wp.com\/miradordeatarfe.es\/wp-content\/uploads\/2016\/04\/12991035_1069599643103905_3302970135433466538_n.jpg?w=346&amp;ssl=1 346w, https:\/\/i0.wp.com\/miradordeatarfe.es\/wp-content\/uploads\/2016\/04\/12991035_1069599643103905_3302970135433466538_n.jpg?resize=212%2C300&amp;ssl=1 212w\" sizes=\"auto, (max-width: 346px) 100vw, 346px\" \/><\/a><\/p>\n<p>&nbsp;<\/p>\n<p>\u00a1Atenci\u00f3n! Campa\u00f1a de ayuda a refugiados en Siria. Este viernes, de 9:30 a 20:00 horas, se recoge ropa, calzado, productos de higiene y juguetes de bolsillo en Mezquita de la Vega, situada en el camino de la Vi\u00f1uela de<a class=\"_58cn\" href=\"https:\/\/www.facebook.com\/hashtag\/atarfe?source=feed_text&amp;story_id=1070275813036288\" data-ft=\"{&quot;tn&quot;:&quot;*N&quot;,&quot;type&quot;:104}\"><span class=\"_58cl\">\u202a#\u200e<\/span><span class=\"_58cm\">Atarfe\u202c<\/span><\/a>.<\/p>\n<p><a href=\"https:\/\/i0.wp.com\/miradordeatarfe.es\/wp-content\/uploads\/2016\/04\/13012699_1070275813036288_569230089751960351_n.jpg?ssl=1\" rel=\"attachment wp-att-8295\"><img data-recalc-dims=\"1\" loading=\"lazy\" decoding=\"async\" class=\"size-full wp-image-8295 aligncenter\" src=\"https:\/\/i0.wp.com\/miradordeatarfe.es\/wp-content\/uploads\/2016\/04\/13012699_1070275813036288_569230089751960351_n.jpg?resize=640%2C906&#038;ssl=1\" alt=\"13012699_1070275813036288_569230089751960351_n\" width=\"640\" height=\"906\" srcset=\"https:\/\/i0.wp.com\/miradordeatarfe.es\/wp-content\/uploads\/2016\/04\/13012699_1070275813036288_569230089751960351_n.jpg?w=678&amp;ssl=1 678w, https:\/\/i0.wp.com\/miradordeatarfe.es\/wp-content\/uploads\/2016\/04\/13012699_1070275813036288_569230089751960351_n.jpg?resize=212%2C300&amp;ssl=1 212w, https:\/\/i0.wp.com\/miradordeatarfe.es\/wp-content\/uploads\/2016\/04\/13012699_1070275813036288_569230089751960351_n.jpg?resize=600%2C850&amp;ssl=1 600w\" sizes=\"auto, (max-width: 640px) 100vw, 640px\" \/><\/a><\/p>\n","protected":false},"excerpt":{"rendered":"<p>ESPECT\u00c1CULO MUSICAL EN BENEFICIO DE C\u00c1RISTAS ,SELECCI\u00d3N DE UN T\u00c9CNICO DE INCLUSI\u00d3N SOCIAL, CURSO DE&#8230;<\/p>\n","protected":false},"author":1,"featured_media":8297,"comment_status":"closed","ping_status":"closed","sticky":false,"template":"","format":"standard","meta":{"_coblocks_attr":"","_coblocks_dimensions":"","_coblocks_responsive_height":"","_coblocks_accordion_ie_support":"","jetpack_post_was_ever_published":false,"_jetpack_newsletter_access":"","_jetpack_dont_email_post_to_subs":false,"_jetpack_newsletter_tier_id":0,"_jetpack_memberships_contains_paywalled_content":false,"_jetpack_memberships_contains_paid_content":false,"footnotes":"","jetpack_publicize_message":"","jetpack_publicize_feature_enabled":true,"jetpack_social_post_already_shared":false,"jetpack_social_options":{"image_generator_settings":{"template":"highway","default_image_id":0,"enabled":false},"version":2}},"categories":[1],"tags":[81,989],"class_list":["post-8281","post","type-post","status-publish","format-standard","has-post-thumbnail","hentry","category-uncategorized","tag-atarfe","tag-noticias"],"jetpack_publicize_connections":[],"jetpack_featured_media_url":"https:\/\/i0.wp.com\/miradordeatarfe.es\/wp-content\/uploads\/2016\/04\/descarga-5.jpg?fit=194%2C259&ssl=1","jetpack_likes_enabled":true,"jetpack_sharing_enabled":true,"_links":{"self":[{"href":"https:\/\/miradordeatarfe.es\/index.php?rest_route=\/wp\/v2\/posts\/8281","targetHints":{"allow":["GET"]}}],"collection":[{"href":"https:\/\/miradordeatarfe.es\/index.php?rest_route=\/wp\/v2\/posts"}],"about":[{"href":"https:\/\/miradordeatarfe.es\/index.php?rest_route=\/wp\/v2\/types\/post"}],"author":[{"embeddable":true,"href":"https:\/\/miradordeatarfe.es\/index.php?rest_route=\/wp\/v2\/users\/1"}],"replies":[{"embeddable":true,"href":"https:\/\/miradordeatarfe.es\/index.php?rest_route=%2Fwp%2Fv2%2Fcomments&post=8281"}],"version-history":[{"count":3,"href":"https:\/\/miradordeatarfe.es\/index.php?rest_route=\/wp\/v2\/posts\/8281\/revisions"}],"predecessor-version":[{"id":8298,"href":"https:\/\/miradordeatarfe.es\/index.php?rest_route=\/wp\/v2\/posts\/8281\/revisions\/8298"}],"wp:featuredmedia":[{"embeddable":true,"href":"https:\/\/miradordeatarfe.es\/index.php?rest_route=\/wp\/v2\/media\/8297"}],"wp:attachment":[{"href":"https:\/\/miradordeatarfe.es\/index.php?rest_route=%2Fwp%2Fv2%2Fmedia&parent=8281"}],"wp:term":[{"taxonomy":"category","embeddable":true,"href":"https:\/\/miradordeatarfe.es\/index.php?rest_route=%2Fwp%2Fv2%2Fcategories&post=8281"},{"taxonomy":"post_tag","embeddable":true,"href":"https:\/\/miradordeatarfe.es\/index.php?rest_route=%2Fwp%2Fv2%2Ftags&post=8281"}],"curies":[{"name":"wp","href":"https:\/\/api.w.org\/{rel}","templated":true}]}}