{"id":8286,"date":"2016-04-25T06:42:00","date_gmt":"2016-04-25T06:42:00","guid":{"rendered":"http:\/\/miradordeatarfe.es\/?p=8286"},"modified":"2016-04-25T08:01:26","modified_gmt":"2016-04-25T08:01:26","slug":"casi-6-000-menores-refugiados-desaparecidos-en-alemania-el-ano-pasado","status":"publish","type":"post","link":"https:\/\/miradordeatarfe.es\/?p=8286","title":{"rendered":"Casi 6.000 menores refugiados \u00abdesaparecidos\u00bb en Alemania el a\u00f1o pasado"},"content":{"rendered":"<p>El Gobierno alem\u00e1n tiene registrados 5.835 casos de menores refugiados \u00abdesaparecidos\u00bb el pasado a\u00f1o en el pa\u00eds, originarios en su mayor parte de Afganist\u00e1n, Siria, Eritrea, Marruecos y Argelia. Estos datos se desprenden de una respuesta parlamentaria del Ministerio del Interior dirigida a <a href=\"https:\/\/es.wikipedia.org\/wiki\/Alianza_90\/Los_Verdes\" target=\"_hplink\">Los Verdes<\/a> y difundida este lunes por el grupo de medios de comunicaci\u00f3n Funke.<\/p>\n<p>Seg\u00fan esa informaci\u00f3n, de los 8.006 casos de menores refugiados no acompa\u00f1ados registrados como desaparecidos, 2.171 aparecieron de nuevo. Entre los 5.835 menores cuyo paradero todav\u00eda se desconoce hay 555 ni\u00f1os, es decir, menores de 14 a\u00f1os. El Ministerio no ha ofrecido detalles sobre los posibles motivos de estas desapariciones, pero Los Verdes han alertado de los riesgos que pueden esconderse tras esas \u00abalarmantes cifras\u00bb de ni\u00f1os y adolescentes.<\/p>\n<p>La diputada ecologista Luise Amtsberg ha instado al Gobierno a actuar al considerar que no est\u00e1 tomando en serio \u00abel riesgo de la prostituci\u00f3n forzada o de la explotaci\u00f3n\u00bb. El a\u00f1o pasado entraron en Alemania cerca de 1,1 millones de solicitantes de asilo, seg\u00fan las cifras facilitadas por el Gobierno alem\u00e1n a partir del sistema EASY. Este sistema da cuenta de las personas llegadas al pa\u00eds con la intenci\u00f3n de solicitar asilo, aunque el Ejecutivo ha reconocido la imposibilidad de establecer la cifra real de refugiados en Alemania porque puede haber duplicidades y tambi\u00e9n porque se registran personas que pasan por el territorio nacional en direcci\u00f3n a otros Estados.<\/p>\n<p>El n\u00famero de llegadas ha descendido de forma importante en los primeros meses de este a\u00f1o, aunque las cifras siguen siendo elevadas. En el primer trimestre en el sistema EASY se registr\u00f3 la entrada en Alemania de 173.707 peticionarios de asilo.<\/p>\n<blockquote><p><strong>TAMBI\u00c9N TE PUEDE INTERESAR<\/strong><\/p>\n<ul>\n<li><a href=\"http:\/\/www.huffingtonpost.es\/2016\/01\/31\/ninos-refugiados-desaparecidos_n_9123780.html\" target=\"_hplink\">Al menos 10.000 ni\u00f1os refugiados han desaparecido en Europa<\/a><\/li>\n<li class=\"last\"><a href=\"http:\/\/www.huffingtonpost.es\/2016\/04\/09\/ninos-refugiados-calais_n_9649026.html\" target=\"_hplink\">Reino Unido denuncia la desaparici\u00f3n de 129 ni\u00f1os en el campamento de refugiados de Calais<\/a><\/li>\n<\/ul>\n<p>PUBLICADO EN : <a href=\"http:\/\/www.huffingtonpost.es\/2016\/04\/11\/refugiados-desaparecidos_n_9662936.html\">http:\/\/www.huffingtonpost.es\/2016\/04\/11\/refugiados-desaparecidos_n_9662936.html<\/a><\/p><\/blockquote>\n","protected":false},"excerpt":{"rendered":"<p>El Gobierno alem\u00e1n tiene registrados 5.835 casos de menores refugiados \u00abdesaparecidos\u00bb el pasado a\u00f1o en&#8230;<\/p>\n","protected":false},"author":1,"featured_media":8287,"comment_status":"closed","ping_status":"closed","sticky":false,"template":"","format":"standard","meta":{"_coblocks_attr":"","_coblocks_dimensions":"","_coblocks_responsive_height":"","_coblocks_accordion_ie_support":"","jetpack_post_was_ever_published":false,"_jetpack_newsletter_access":"","_jetpack_dont_email_post_to_subs":false,"_jetpack_newsletter_tier_id":0,"_jetpack_memberships_contains_paywalled_content":false,"_jetpack_memberships_contains_paid_content":false,"footnotes":"","jetpack_publicize_message":"","jetpack_publicize_feature_enabled":true,"jetpack_social_post_already_shared":false,"jetpack_social_options":{"image_generator_settings":{"template":"highway","default_image_id":0,"enabled":false},"version":2}},"categories":[1161,186,44,15],"tags":[1364,679,1232],"class_list":["post-8286","post","type-post","status-publish","format-standard","has-post-thumbnail","hentry","category-ciudadania","category-instituciones","category-noticias-de-hoy","category-ultimas-noticias","tag-ninos","tag-refugiados","tag-sirios"],"jetpack_publicize_connections":[],"jetpack_featured_media_url":"https:\/\/i0.wp.com\/miradordeatarfe.es\/wp-content\/uploads\/2016\/04\/NIOS-REFUGIADOS-large570.jpg?fit=570%2C238&ssl=1","jetpack_likes_enabled":true,"jetpack_sharing_enabled":true,"_links":{"self":[{"href":"https:\/\/miradordeatarfe.es\/index.php?rest_route=\/wp\/v2\/posts\/8286","targetHints":{"allow":["GET"]}}],"collection":[{"href":"https:\/\/miradordeatarfe.es\/index.php?rest_route=\/wp\/v2\/posts"}],"about":[{"href":"https:\/\/miradordeatarfe.es\/index.php?rest_route=\/wp\/v2\/types\/post"}],"author":[{"embeddable":true,"href":"https:\/\/miradordeatarfe.es\/index.php?rest_route=\/wp\/v2\/users\/1"}],"replies":[{"embeddable":true,"href":"https:\/\/miradordeatarfe.es\/index.php?rest_route=%2Fwp%2Fv2%2Fcomments&post=8286"}],"version-history":[{"count":1,"href":"https:\/\/miradordeatarfe.es\/index.php?rest_route=\/wp\/v2\/posts\/8286\/revisions"}],"predecessor-version":[{"id":8288,"href":"https:\/\/miradordeatarfe.es\/index.php?rest_route=\/wp\/v2\/posts\/8286\/revisions\/8288"}],"wp:featuredmedia":[{"embeddable":true,"href":"https:\/\/miradordeatarfe.es\/index.php?rest_route=\/wp\/v2\/media\/8287"}],"wp:attachment":[{"href":"https:\/\/miradordeatarfe.es\/index.php?rest_route=%2Fwp%2Fv2%2Fmedia&parent=8286"}],"wp:term":[{"taxonomy":"category","embeddable":true,"href":"https:\/\/miradordeatarfe.es\/index.php?rest_route=%2Fwp%2Fv2%2Fcategories&post=8286"},{"taxonomy":"post_tag","embeddable":true,"href":"https:\/\/miradordeatarfe.es\/index.php?rest_route=%2Fwp%2Fv2%2Ftags&post=8286"}],"curies":[{"name":"wp","href":"https:\/\/api.w.org\/{rel}","templated":true}]}}