{"id":8289,"date":"2016-04-23T08:45:06","date_gmt":"2016-04-23T08:45:06","guid":{"rendered":"http:\/\/miradordeatarfe.es\/?p=8289"},"modified":"2016-04-14T08:46:37","modified_gmt":"2016-04-14T08:46:37","slug":"suecia-renuncia-a-las-olimpiadas-y-prefiere-invertir-en-viviendas-para-ciudadanos","status":"publish","type":"post","link":"https:\/\/miradordeatarfe.es\/?p=8289","title":{"rendered":"Suecia renuncia a las olimpiadas y prefiere invertir en viviendas para ciudadanos"},"content":{"rendered":"<p>Despu\u00e9s de presentar su candidatura, la ciudad de Estocolmo, Suecia, decidi\u00f3 dar un paso atr\u00e1s y dejar libre su lugar en la disputa de los <strong>Juegos Ol\u00edmpicos de Invierno de 2022.<\/strong><!--more--><\/p>\n<p class=\"\">Algo de lo que ciudades como Madrid y otras, cuyas sociedades no viven su mejor momento econ\u00f3mico y que llevan millones de euros gastados en candidaturas ol\u00edmpicas, <strong>podr\u00edan aprender.<\/strong><\/p>\n<div class=\"\">\u00a0El\u00a0 consejo municipal calcul\u00f3 los gastos que los Juegos traen a la ciudad, versus las ganancias y lleg\u00f3 a la conclusi\u00f3n de que el proyecto de organizar los Juegos ser\u00eda demasiado alto y no tendr\u00eda ning\u00fan sentido mal gastar el dinero p\u00fablico en algo as\u00ed.<\/div>\n<p class=\"\">Quiz\u00e1s en otros pa\u00edses, el uso de dinero de los contribuyentes para celebrar grandes eventos deportivos no es ning\u00fan problema. Pero en Suecia es diferente. \u201cNo puedo recomendar a la Asamblea Municipal dar prioridad a la realizaci\u00f3n de un evento ol\u00edmpico si tenemos otras necesidades de la ciudad, como la construcci\u00f3n de m\u00e1s viviendas,\u201d dijo el alcalde Sten Nordin.<\/p>\n<div class=\"\">\u00a0Es as\u00ed que el Alcalde de Estocolmo anunciaba que el dinero que se ten\u00eda pensado para organizar el evento se destinara a la construcci\u00f3n de viviendas sociales de calidad y <strong>as\u00ed garantizar un derecho b\u00e1sico a la ciudadan\u00eda.<\/strong><\/div>\n","protected":false},"excerpt":{"rendered":"<p>Despu\u00e9s de presentar su candidatura, la ciudad de Estocolmo, Suecia, decidi\u00f3 dar un paso atr\u00e1s&#8230;<\/p>\n","protected":false},"author":1,"featured_media":8290,"comment_status":"closed","ping_status":"closed","sticky":false,"template":"","format":"standard","meta":{"_coblocks_attr":"","_coblocks_dimensions":"","_coblocks_responsive_height":"","_coblocks_accordion_ie_support":"","jetpack_post_was_ever_published":false,"_jetpack_newsletter_access":"","_jetpack_dont_email_post_to_subs":false,"_jetpack_newsletter_tier_id":0,"_jetpack_memberships_contains_paywalled_content":false,"_jetpack_memberships_contains_paid_content":false,"footnotes":"","jetpack_publicize_message":"","jetpack_publicize_feature_enabled":true,"jetpack_social_post_already_shared":false,"jetpack_social_options":{"image_generator_settings":{"template":"highway","default_image_id":0,"enabled":false},"version":2}},"categories":[1161,44,15],"tags":[1002,757,74,922],"class_list":["post-8289","post","type-post","status-publish","format-standard","has-post-thumbnail","hentry","category-ciudadania","category-noticias-de-hoy","category-ultimas-noticias","tag-dinero","tag-inversion","tag-trabajo","tag-viviendas"],"jetpack_publicize_connections":[],"jetpack_featured_media_url":"https:\/\/i0.wp.com\/miradordeatarfe.es\/wp-content\/uploads\/2016\/04\/1-18-768x513.jpg?fit=768%2C513&ssl=1","jetpack_likes_enabled":true,"jetpack_sharing_enabled":true,"_links":{"self":[{"href":"https:\/\/miradordeatarfe.es\/index.php?rest_route=\/wp\/v2\/posts\/8289","targetHints":{"allow":["GET"]}}],"collection":[{"href":"https:\/\/miradordeatarfe.es\/index.php?rest_route=\/wp\/v2\/posts"}],"about":[{"href":"https:\/\/miradordeatarfe.es\/index.php?rest_route=\/wp\/v2\/types\/post"}],"author":[{"embeddable":true,"href":"https:\/\/miradordeatarfe.es\/index.php?rest_route=\/wp\/v2\/users\/1"}],"replies":[{"embeddable":true,"href":"https:\/\/miradordeatarfe.es\/index.php?rest_route=%2Fwp%2Fv2%2Fcomments&post=8289"}],"version-history":[{"count":1,"href":"https:\/\/miradordeatarfe.es\/index.php?rest_route=\/wp\/v2\/posts\/8289\/revisions"}],"predecessor-version":[{"id":8291,"href":"https:\/\/miradordeatarfe.es\/index.php?rest_route=\/wp\/v2\/posts\/8289\/revisions\/8291"}],"wp:featuredmedia":[{"embeddable":true,"href":"https:\/\/miradordeatarfe.es\/index.php?rest_route=\/wp\/v2\/media\/8290"}],"wp:attachment":[{"href":"https:\/\/miradordeatarfe.es\/index.php?rest_route=%2Fwp%2Fv2%2Fmedia&parent=8289"}],"wp:term":[{"taxonomy":"category","embeddable":true,"href":"https:\/\/miradordeatarfe.es\/index.php?rest_route=%2Fwp%2Fv2%2Fcategories&post=8289"},{"taxonomy":"post_tag","embeddable":true,"href":"https:\/\/miradordeatarfe.es\/index.php?rest_route=%2Fwp%2Fv2%2Ftags&post=8289"}],"curies":[{"name":"wp","href":"https:\/\/api.w.org\/{rel}","templated":true}]}}