{"id":82891,"date":"2026-04-04T09:02:50","date_gmt":"2026-04-04T07:02:50","guid":{"rendered":"https:\/\/miradordeatarfe.es\/?p=82891"},"modified":"2026-03-31T11:59:43","modified_gmt":"2026-03-31T09:59:43","slug":"un-exito-que-refleja-nuestro-fracaso","status":"publish","type":"post","link":"https:\/\/miradordeatarfe.es\/?p=82891","title":{"rendered":"Un \u00e9xito que refleja nuestro fracaso"},"content":{"rendered":"<h3>Hace unos d\u00edas tuve ocasi\u00f3n de reunirme con un grupo de suscriptores del peri\u00f3dico para analizar c\u00f3mo el desarrollo de China est\u00e1 cambiando el mundo.<\/h3>\n<p>Creo que la actualidad b\u00e9lica del d\u00eda a d\u00eda nos dificulta ver la que es, sin duda, la gran historia de nuestro tiempo, y por eso escog\u00ed este tema para el encuentro. Uno de los aspectos que mencion\u00e9 fue la actitud soberbia de algunos de los empresarios espa\u00f1oles que me encontr\u00e9 en el gigante asi\u00e1tico a principios de siglo. \u00abHemos venido a ense\u00f1arles c\u00f3mo se hacen las cosas a los chinos\u00bb, recuerdo que me dijo uno en 2004. Poco despu\u00e9s tuvo que cerrar la f\u00e1brica de Jiangsu porque las marcas locales eran mejores y m\u00e1s baratas. Relaci\u00f3n calidad-precio, la variable que marca el mundo.<\/p>\n<p>Tras la charla, una joven ingeniera puso la apostilla a esa historia. \u00abAhora nos mandan a China para aprender, porque all\u00ed son expertos y van un paso por delante. Viajamos all\u00ed para ver lo que vendr\u00e1 en el futuro\u00bb, dijo. Es, sin duda, la constataci\u00f3n de una transformaci\u00f3n espectacular, sin parang\u00f3n. Y, afortunadamente, aunque a\u00fan existe mucho desconocimiento sobre China en nuestra sociedad, el inter\u00e9s que despierta es cada vez mayor. Adem\u00e1s, ahora que se puede visitar sin visado durante un m\u00e1ximo de 30 d\u00edas, cada vez m\u00e1s gente se anima a ver el pa\u00eds con sus propios ojos. No hay nada mejor que eso para certificar un hecho: nuestro sentimiento de superioridad no est\u00e1 en absoluto justificado. Y, como se\u00f1alaba la ingeniera, mejor ser\u00e1 que nos deshagamos de \u00e9l si no queremos que la sorpresa llegue con un pu\u00f1etazo.<\/p>\n<p>Lo curioso es que muchos ya lo ve\u00edan venir desde hace tiempo. Un empresario c\u00e1ntabro, del sector de la tecnolog\u00eda, me reconoci\u00f3 all\u00e1 por 2010 que el objetivo que se hab\u00eda marcado era que sus hijos acabasen trabajando para los chinos.\u00a0<img data-recalc-dims=\"1\" loading=\"lazy\" decoding=\"async\" class=\"size-medium wp-image-82892 alignleft\" src=\"https:\/\/i0.wp.com\/miradordeatarfe.es\/wp-content\/uploads\/2026\/03\/ZIG_3289-kbwB-560x337%40RC.webp?resize=300%2C181&#038;ssl=1\" alt=\"\" width=\"300\" height=\"181\" srcset=\"https:\/\/i0.wp.com\/miradordeatarfe.es\/wp-content\/uploads\/2026\/03\/ZIG_3289-kbwB-560x337%40RC.webp?resize=300%2C181&amp;ssl=1 300w, https:\/\/i0.wp.com\/miradordeatarfe.es\/wp-content\/uploads\/2026\/03\/ZIG_3289-kbwB-560x337%40RC.webp?w=558&amp;ssl=1 558w\" sizes=\"auto, (max-width: 300px) 100vw, 300px\" \/>En aquel momento me pareci\u00f3 algo un poco exagerado, pero no lo es. De hecho, acab\u00f3 vendiendo su empresa a un consorcio del gigante asi\u00e1tico.<\/p>\n<p>Viendo fotograf\u00edas de aquellos a\u00f1os me doy cuenta de que el cambio se ha dado en muchos otros \u00e1mbitos en los que dif\u00edcilmente podr\u00edamos haber previsto semejante transformaci\u00f3n. El medio ambiente, por ejemplo: las im\u00e1genes de entonces mostraban siempre ciudades grises cubiertas por una capa de \u2018nierda\u2019. Incluso me fui a Linfen, una localidad horrible en el cintur\u00f3n del carb\u00f3n del centro norte del pa\u00eds, para retratar el que entonces era el lugar m\u00e1s contaminado del mundo<\/p>\n<p>En mi \u00faltimo viaje, sin embargo, me encontr\u00e9 una realidad muy diferente, con calles mucho m\u00e1s limpias y, sobre todo, aire respirable. Es uno de los frutos de haber apostado sin medias tientas por las energ\u00edas renovables y la movilidad el\u00e9ctrica. Y es, tambi\u00e9n, un buen ejemplo de la ventaja que otorga tener un gobierno autoritario que se puede permitir el lujo de mirar a largo plazo y detallar cada cinco a\u00f1os el rumbo que debe tomar el pa\u00eds.<\/p>\n<p>Eso se suma a una capacidad manufacturera sin competencia. Es una combinaci\u00f3n imparable. Y buena muestra de ello es que, por primera vez en la historia, este a\u00f1o China contar\u00e1 con m\u00e1s potencia instalada en placas fotovoltaicas que la generada por las centrales t\u00e9rmicas de carb\u00f3n, que han sido tradicionalmente el motor del pa\u00eds. Si las previsiones se cumplen, la solar y la e\u00f3lica supondr\u00e1n a final de a\u00f1o m\u00e1s de la mitad de la generaci\u00f3n energ\u00e9tica del pa\u00eds, mientras que el carb\u00f3n supondr\u00e1 en torno a un tercio. En un momento como el actual, en el que la soberan\u00eda energ\u00e9tica es m\u00e1s importante que nunca, este es un logro extraordinario para un pa\u00eds no especialmente rico en hidrocarburos (teniendo en cuenta su tama\u00f1o).<\/p>\n<p><img data-recalc-dims=\"1\" loading=\"lazy\" decoding=\"async\" class=\"size-medium wp-image-82894 alignright\" src=\"https:\/\/i0.wp.com\/miradordeatarfe.es\/wp-content\/uploads\/2026\/03\/DJI_20250910161134_0846_D_ZIG-kbwB-560x337%40RC.jpg?resize=300%2C180&#038;ssl=1\" alt=\"\" width=\"300\" height=\"180\" srcset=\"https:\/\/i0.wp.com\/miradordeatarfe.es\/wp-content\/uploads\/2026\/03\/DJI_20250910161134_0846_D_ZIG-kbwB-560x337%40RC.jpg?resize=300%2C180&amp;ssl=1 300w, https:\/\/i0.wp.com\/miradordeatarfe.es\/wp-content\/uploads\/2026\/03\/DJI_20250910161134_0846_D_ZIG-kbwB-560x337%40RC.jpg?w=560&amp;ssl=1 560w\" sizes=\"auto, (max-width: 300px) 100vw, 300px\" \/>Adem\u00e1s, Pek\u00edn ha sabido hacer de esta transformaci\u00f3n un negocio formidable. Lidera el mercado global de placas fotovoltaicas y de bater\u00edas, y da pasos de gigante en la e\u00f3lica. Lo mismo sucede en la nuclear. Y exporta esta tecnolog\u00eda, que es tambi\u00e9n un arma de guerra diplom\u00e1tica. Se demuestra en Cuba, por ejemplo, donde China est\u00e1 ayudando al r\u00e9gimen comunista a sobrellevar mejor el bloqueo de combustibles impuesto por Donald Trump a trav\u00e9s de la instalaci\u00f3n de granjas solares que han logrado triplicar el peso de la fotovoltaica en la isla en solo un a\u00f1o. As\u00ed, el pa\u00eds desarrolla tecnolog\u00eda, escala su producci\u00f3n y la exporta al mundo sin que haya competencia posible. Relaci\u00f3n calidad-precio.<\/p>\n<p>El despertar del drag\u00f3n se estudiar\u00e1 en todo el mundo, pero, como ya he mencionado en m\u00e1s de una ocasi\u00f3n (perdonen si me hago repetitivo), no deber\u00eda ser menos objeto de estudio c\u00f3mo Occidente est\u00e1 perdiendo la ventaja que ten\u00eda. C\u00f3mo nos hemos dormido en los laureles, sobre una atalaya de egocentrismo. Y c\u00f3mo hemos pasado de crear ingenieros que iban a dar lecciones a China a formar otros que van all\u00ed a recibirlas. Todo en el trascurso de dos d\u00e9cadas en las que se ha agudizado una desindustrializaci\u00f3n preocupante que ya resulta pr\u00e1cticamente imposible detener.<\/p>\n<p>Hemos sustituido f\u00e1bricas por centros log\u00edsticos que incrementan nuestra dependencia del exterior y debilitan nuestra autonom\u00eda estrat\u00e9gica a la vez que hemos ido perdiendo la ventaja tecnol\u00f3gica y de productividad que justificaba el mayor bienestar de la poblaci\u00f3n. Y lo peor es que muchos a\u00fan desde\u00f1an a los chinos.<\/p>\n<p>Adem\u00e1s, de forma paralela, se han impuesto est\u00e1ndares medioambientales que han reducido la competitividad europea mientras un pa\u00eds que hace poco era el m\u00e1s contaminado del mundo se ha convertido ahora en la mayor fuerza para la transici\u00f3n energ\u00e9tica. Ser\u00eda imposible implementar nuestras pol\u00edticas verdes sin China, a la que no hace mucho se acusaba de crecer a costa del medio ambiente. Como hemos hecho todos, por cierto.<\/p>\n<p>Es todo por hoy. Espero haberte explicado bien algo de lo que est\u00e1 ocurriendo en el mundo.\u00a0<\/p>\n<p><a href=\"http:\/\/click.comunicacion.ideal.es\/?qs=eyJkZWtJZCI6IjY0MGQ0ZGE3LTI5ZTUtNDIwZS1hMzczLTg4OTUwYTQ5ZDVjOCIsImRla1ZlcnNpb24iOjEsIml2IjoiUHZUQTRYRjdzaERmMzg0YStCelNGUT09IiwiY2lwaGVyVGV4dCI6IkZVWXdIMTFQY1lMY1FsMEh4dmZnaXdNVmcwa0J4SGlqTFFtTGdBb25mTGcycjZpZ1dOOGJkT0pnODBLNDhxQVU4OHRJcUo0N01ESjN5ZncrYml5aHROTE0yTnpmZTk5ZTJ6NzB3T0Z4ZTdJUTM5L09HdmdjMGhVPSIsImF1dGhUYWciOiJ5ZncrYml5aHROTE0yTnpmZTk5ZTJ3PT0ifQ%3D%3D\" target=\"_blank\" rel=\"noopener\" data-saferedirecturl=\"https:\/\/www.google.com\/url?q=http:\/\/click.comunicacion.ideal.es\/?qs%3DeyJkZWtJZCI6IjY0MGQ0ZGE3LTI5ZTUtNDIwZS1hMzczLTg4OTUwYTQ5ZDVjOCIsImRla1ZlcnNpb24iOjEsIml2IjoiUHZUQTRYRjdzaERmMzg0YStCelNGUT09IiwiY2lwaGVyVGV4dCI6IkZVWXdIMTFQY1lMY1FsMEh4dmZnaXdNVmcwa0J4SGlqTFFtTGdBb25mTGcycjZpZ1dOOGJkT0pnODBLNDhxQVU4OHRJcUo0N01ESjN5ZncrYml5aHROTE0yTnpmZTk5ZTJ6NzB3T0Z4ZTdJUTM5L09HdmdjMGhVPSIsImF1dGhUYWciOiJ5ZncrYml5aHROTE0yTnpmZTk5ZTJ3PT0ifQ%253D%253D&amp;source=gmail&amp;ust=1774517692802000&amp;usg=AOvVaw2cp2BMjiULr2xqAgnertwf\">Zigor Aldama <\/a><\/p>\n<p>&nbsp;<\/p>\n","protected":false},"excerpt":{"rendered":"<p>Hace unos d\u00edas tuve ocasi\u00f3n de reunirme con un grupo de suscriptores del peri\u00f3dico para&#8230;<\/p>\n","protected":false},"author":1,"featured_media":82893,"comment_status":"closed","ping_status":"closed","sticky":false,"template":"","format":"standard","meta":{"_coblocks_attr":"","_coblocks_dimensions":"","_coblocks_responsive_height":"","_coblocks_accordion_ie_support":"","jetpack_post_was_ever_published":false,"_jetpack_newsletter_access":"","_jetpack_dont_email_post_to_subs":false,"_jetpack_newsletter_tier_id":0,"_jetpack_memberships_contains_paywalled_content":false,"_jetpack_memberships_contains_paid_content":false,"footnotes":"","jetpack_publicize_message":"","jetpack_publicize_feature_enabled":true,"jetpack_social_post_already_shared":true,"jetpack_social_options":{"image_generator_settings":{"template":"highway","default_image_id":0,"enabled":false},"version":2}},"categories":[10797,1161,44,6937],"tags":[],"class_list":["post-82891","post","type-post","status-publish","format-standard","has-post-thumbnail","hentry","category-ciencia","category-ciudadania","category-noticias-de-hoy","category-sociedad"],"jetpack_publicize_connections":[],"jetpack_featured_media_url":"https:\/\/i0.wp.com\/miradordeatarfe.es\/wp-content\/uploads\/2026\/03\/DJI_20250908192708_0611_D_ZIG-kbwB-U201375686378s7E-560x337%40RC-1.jpg?fit=560%2C337&ssl=1","jetpack_likes_enabled":true,"jetpack_sharing_enabled":true,"_links":{"self":[{"href":"https:\/\/miradordeatarfe.es\/index.php?rest_route=\/wp\/v2\/posts\/82891","targetHints":{"allow":["GET"]}}],"collection":[{"href":"https:\/\/miradordeatarfe.es\/index.php?rest_route=\/wp\/v2\/posts"}],"about":[{"href":"https:\/\/miradordeatarfe.es\/index.php?rest_route=\/wp\/v2\/types\/post"}],"author":[{"embeddable":true,"href":"https:\/\/miradordeatarfe.es\/index.php?rest_route=\/wp\/v2\/users\/1"}],"replies":[{"embeddable":true,"href":"https:\/\/miradordeatarfe.es\/index.php?rest_route=%2Fwp%2Fv2%2Fcomments&post=82891"}],"version-history":[{"count":1,"href":"https:\/\/miradordeatarfe.es\/index.php?rest_route=\/wp\/v2\/posts\/82891\/revisions"}],"predecessor-version":[{"id":82896,"href":"https:\/\/miradordeatarfe.es\/index.php?rest_route=\/wp\/v2\/posts\/82891\/revisions\/82896"}],"wp:featuredmedia":[{"embeddable":true,"href":"https:\/\/miradordeatarfe.es\/index.php?rest_route=\/wp\/v2\/media\/82893"}],"wp:attachment":[{"href":"https:\/\/miradordeatarfe.es\/index.php?rest_route=%2Fwp%2Fv2%2Fmedia&parent=82891"}],"wp:term":[{"taxonomy":"category","embeddable":true,"href":"https:\/\/miradordeatarfe.es\/index.php?rest_route=%2Fwp%2Fv2%2Fcategories&post=82891"},{"taxonomy":"post_tag","embeddable":true,"href":"https:\/\/miradordeatarfe.es\/index.php?rest_route=%2Fwp%2Fv2%2Ftags&post=82891"}],"curies":[{"name":"wp","href":"https:\/\/api.w.org\/{rel}","templated":true}]}}