{"id":8302,"date":"2016-04-17T09:20:04","date_gmt":"2016-04-17T07:20:04","guid":{"rendered":"http:\/\/miradordeatarfe.es\/?p=8302"},"modified":"2023-10-21T10:56:44","modified_gmt":"2023-10-21T08:56:44","slug":"prospeccion-geomagnetica-en-medina-elvira","status":"publish","type":"post","link":"https:\/\/miradordeatarfe.es\/?p=8302","title":{"rendered":"Prospecci\u00f3n geomagn\u00e9tica en Medina Elvira"},"content":{"rendered":"<h1><\/h1>\n<div id=\"main_main\">\n<div class=\"text\">Desde el 12 de Abril hasta el 2 de Mayo se reanudar\u00e1n las investigaciones en el yacimiento arqueol\u00f3gico de Medina Elvira.<!--more--><\/div>\n<div class=\"text\"><\/div>\n<div class=\"text\">Un grupo de 11 investigadores polacos dirigidos por el Prof. Marian R\u0119bkowski del Institute of Archaeology and Ethnology, Polish Academy of Science, llevar\u00e1n a cabo la primera fase de un proyecto de 3 a\u00f1os que ha sido financiado por el Gobierno de Polonia. M\u00e1s concretamente en esta fase del proyecto se llevar\u00e1 a cabo una prospecci\u00f3n geomagn\u00e9tica dirigida por el Prof. Tomasz Maria Herbich del mismo Institute of Archaeology and Ethnology, Polish Academy of Science. Se investigar\u00e1n diferentes zonas del yacimiento cubriendo una superficie que abarcar\u00e1 aproximadamente unas 15 Ha, lo que podr\u00e1 permitir localizar nuevas evidencias de restos arqueol\u00f3gicos adem\u00e1s de obtener datos sobre la organizaci\u00f3n espacial del yacimiento. Al mismo tiempo, siempre en esta fase del proyecto, otros investigadores llevar\u00e1n a cabo un escaneo l\u00e1ser de buena parte del yacimiento para su correcta documentaci\u00f3n.<\/div>\n<\/div>\n<p>&nbsp;<\/p>\n","protected":false},"excerpt":{"rendered":"<p>Desde el 12 de Abril hasta el 2 de Mayo se reanudar\u00e1n las investigaciones en&#8230;<\/p>\n","protected":false},"author":1,"featured_media":8303,"comment_status":"closed","ping_status":"closed","sticky":false,"template":"","format":"standard","meta":{"_coblocks_attr":"","_coblocks_dimensions":"","_coblocks_responsive_height":"","_coblocks_accordion_ie_support":"","jetpack_post_was_ever_published":false,"_jetpack_newsletter_access":"","_jetpack_dont_email_post_to_subs":false,"_jetpack_newsletter_tier_id":0,"_jetpack_memberships_contains_paywalled_content":false,"_jetpack_memberships_contains_paid_content":false,"footnotes":"","jetpack_publicize_message":"","jetpack_publicize_feature_enabled":true,"jetpack_social_post_already_shared":false,"jetpack_social_options":{"image_generator_settings":{"template":"highway","default_image_id":0,"enabled":false},"version":2}},"categories":[5359,10431],"tags":[81,79],"class_list":["post-8302","post","type-post","status-publish","format-standard","has-post-thumbnail","hentry","category-madinat-ilbira","category-medina-elvira-2","tag-atarfe","tag-medina-elvira"],"jetpack_publicize_connections":[],"jetpack_featured_media_url":"https:\/\/i0.wp.com\/miradordeatarfe.es\/wp-content\/uploads\/2016\/04\/IMG_9395.jpg?fit=480%2C270&ssl=1","jetpack_likes_enabled":true,"jetpack_sharing_enabled":true,"_links":{"self":[{"href":"https:\/\/miradordeatarfe.es\/index.php?rest_route=\/wp\/v2\/posts\/8302","targetHints":{"allow":["GET"]}}],"collection":[{"href":"https:\/\/miradordeatarfe.es\/index.php?rest_route=\/wp\/v2\/posts"}],"about":[{"href":"https:\/\/miradordeatarfe.es\/index.php?rest_route=\/wp\/v2\/types\/post"}],"author":[{"embeddable":true,"href":"https:\/\/miradordeatarfe.es\/index.php?rest_route=\/wp\/v2\/users\/1"}],"replies":[{"embeddable":true,"href":"https:\/\/miradordeatarfe.es\/index.php?rest_route=%2Fwp%2Fv2%2Fcomments&post=8302"}],"version-history":[{"count":1,"href":"https:\/\/miradordeatarfe.es\/index.php?rest_route=\/wp\/v2\/posts\/8302\/revisions"}],"predecessor-version":[{"id":8304,"href":"https:\/\/miradordeatarfe.es\/index.php?rest_route=\/wp\/v2\/posts\/8302\/revisions\/8304"}],"wp:featuredmedia":[{"embeddable":true,"href":"https:\/\/miradordeatarfe.es\/index.php?rest_route=\/wp\/v2\/media\/8303"}],"wp:attachment":[{"href":"https:\/\/miradordeatarfe.es\/index.php?rest_route=%2Fwp%2Fv2%2Fmedia&parent=8302"}],"wp:term":[{"taxonomy":"category","embeddable":true,"href":"https:\/\/miradordeatarfe.es\/index.php?rest_route=%2Fwp%2Fv2%2Fcategories&post=8302"},{"taxonomy":"post_tag","embeddable":true,"href":"https:\/\/miradordeatarfe.es\/index.php?rest_route=%2Fwp%2Fv2%2Ftags&post=8302"}],"curies":[{"name":"wp","href":"https:\/\/api.w.org\/{rel}","templated":true}]}}