{"id":831,"date":"2015-04-06T07:52:30","date_gmt":"2015-04-06T07:52:30","guid":{"rendered":"http:\/\/miradordeatarfe.es\/?p=831"},"modified":"2015-04-07T08:28:22","modified_gmt":"2015-04-07T08:28:22","slug":"mujeres-leyendo-por-alberto-granados","status":"publish","type":"post","link":"https:\/\/miradordeatarfe.es\/?p=831","title":{"rendered":"\u00abMujeres leyendo \u00bb por Alberto Granados"},"content":{"rendered":"<p>Hace un par de meses, pensando en que se aproximaba el D\u00eda de la Lectura en Andaluc\u00eda, decid\u00ed celebrar tal evento con una galer\u00eda pict\u00f3rica y eleg\u00ed un tema muy repetido: la mujer y la lectura. Es f\u00e1cil escribir en Google \u201cmujeres leyendo\u201d y darle a Im\u00e1genes. Se obtienen miles de resultados en milisegundos.<!--more--><\/p>\n<p>Eso hice y empec\u00e9 a reunir los cuadros de todas las \u00e9pocas que me iban gustando. Es una tarea inabarcable, as\u00ed que decid\u00ed poner punto final al llegar a lo que hoy os traigo aqu\u00ed. Reconozco que no soy el \u00fanico, pues aparecen montones de blogs que ya han hecho algo parecido, pero esta selecci\u00f3n es \u201cla m\u00eda\u201d.<\/p>\n<p><a href=\"https:\/\/albertogranados.files.wordpress.com\/2011\/12\/alexandr-deineka-muchacha-con-un-libro.jpg\"><img data-recalc-dims=\"1\" decoding=\"async\" class=\"aligncenter size-full wp-image-3200\" title=\"ALEXANDR DEINEKA Muchacha con un libro\" src=\"https:\/\/albertogranados.files.wordpress.com\/2011\/12\/alexandr-deineka-muchacha-con-un-libro.jpg?w=640\" alt=\"\" \/><\/a><\/p>\n<p>ALEXANDR DEINEKA, \u201cMuchacha con un libro\u201d<\/p>\n<p><a href=\"https:\/\/albertogranados.files.wordpress.com\/2011\/12\/alexej-harlamoff-las-actividades-literarias-de-una-damisela.jpg\"><img data-recalc-dims=\"1\" decoding=\"async\" class=\"aligncenter size-full wp-image-3201\" title=\"ALEXEJ HARLAMOFF Las actividades literarias de una damisela\" src=\"https:\/\/albertogranados.files.wordpress.com\/2011\/12\/alexej-harlamoff-las-actividades-literarias-de-una-damisela.jpg?w=640\" alt=\"\" \/><\/a><\/p>\n<p>ALEXEJ HARLAMOFF, \u201cLas actividades literarias de una damisela\u201d<\/p>\n<p><a href=\"https:\/\/albertogranados.files.wordpress.com\/2011\/12\/allan-r-banks-leyendo-en-una-tarde-soleada-sin-fecha.jpg\"><img data-recalc-dims=\"1\" decoding=\"async\" class=\"aligncenter size-full wp-image-3202\" title=\"ALEXEJ HARLAMOFF Las actividades literarias de una damisela\" src=\"https:\/\/albertogranados.files.wordpress.com\/2011\/12\/allan-r-banks-leyendo-en-una-tarde-soleada-sin-fecha.jpg?w=640\" alt=\"\" \/><\/a><\/p>\n<p>ALLAN R, BANKS, \u201cLeyendo en una tarde soleada\u201d<\/p>\n<p><a href=\"https:\/\/albertogranados.files.wordpress.com\/2011\/12\/antoine-wiertz-la-lectora-de-novelas-1853.jpg\"><img data-recalc-dims=\"1\" decoding=\"async\" class=\"aligncenter size-full wp-image-3203\" title=\"ANTOINE WIERTZ La lectora de novelas 1853\" src=\"https:\/\/albertogranados.files.wordpress.com\/2011\/12\/antoine-wiertz-la-lectora-de-novelas-1853.jpg?w=640\" alt=\"\" \/><\/a><\/p>\n<p>ANTOINE WIERTZ, \u201cLa lectora de novelas\u201d, 1853<\/p>\n<p><a href=\"https:\/\/albertogranados.files.wordpress.com\/2011\/12\/arthur-hughes-el-equipo-de-pesca-completo-1884.jpg\"><img data-recalc-dims=\"1\" decoding=\"async\" class=\"aligncenter size-full wp-image-3204\" title=\"ARTHUR HUGHES El equipo de pesca completo 1884\" src=\"https:\/\/albertogranados.files.wordpress.com\/2011\/12\/arthur-hughes-el-equipo-de-pesca-completo-1884.jpg?w=640\" alt=\"\" \/><\/a><\/p>\n<p>ARTHUR HUGHES, \u201cEl equipo de pesca completo\u201d, 1884<\/p>\n<p><a href=\"https:\/\/albertogranados.files.wordpress.com\/2011\/12\/berthe-morisot-la-lectura.jpg\"><img data-recalc-dims=\"1\" decoding=\"async\" class=\"aligncenter size-full wp-image-3205\" title=\"BERTHE MORISOT La lectura\" src=\"https:\/\/albertogranados.files.wordpress.com\/2011\/12\/berthe-morisot-la-lectura.jpg?w=640\" alt=\"\" \/><\/a><\/p>\n<p>BERTHE MORISOT, \u201cLa lectura\u201d<\/p>\n<p><a href=\"https:\/\/albertogranados.files.wordpress.com\/2011\/12\/charles-courtney-curran-chica-leyendo-1892.jpg\"><img data-recalc-dims=\"1\" decoding=\"async\" class=\"aligncenter size-full wp-image-3206\" title=\"CHARLES COURTNEY CURRAN Chica leyendo 1892\" src=\"https:\/\/albertogranados.files.wordpress.com\/2011\/12\/charles-courtney-curran-chica-leyendo-1892.jpg?w=640\" alt=\"\" \/><\/a><\/p>\n<p>CHARLES COURTNEY CURRAN, \u201cChica leyendo\u201d, 1892<\/p>\n<p><a href=\"https:\/\/albertogranados.files.wordpress.com\/2011\/12\/charles-perugini-in-the-orangery-fecha-desconocida.jpg\"><img data-recalc-dims=\"1\" decoding=\"async\" class=\"aligncenter size-full wp-image-3207\" title=\"CHARLES PERUGINI In the orangery fecha desconocida\" src=\"https:\/\/albertogranados.files.wordpress.com\/2011\/12\/charles-perugini-in-the-orangery-fecha-desconocida.jpg?w=640\" alt=\"\" \/><\/a><\/p>\n<p>CHARLES PERUGINI, \u201cIn the orangery\u201d<\/p>\n<p><a href=\"https:\/\/albertogranados.files.wordpress.com\/2011\/12\/claude-monet-en-el-prado.jpg\"><img data-recalc-dims=\"1\" decoding=\"async\" class=\"aligncenter size-full wp-image-3208\" title=\"CLAUDE MONET En el prado\" src=\"https:\/\/albertogranados.files.wordpress.com\/2011\/12\/claude-monet-en-el-prado.jpg?w=640\" alt=\"\" \/><\/a><\/p>\n<p>CLAUDE MONET, \u201cEn el prado\u201d<\/p>\n<p><a href=\"https:\/\/albertogranados.files.wordpress.com\/2011\/12\/delfin-enjolras-mujer-leyendo-junto-a-una-ventana.jpg\"><img data-recalc-dims=\"1\" decoding=\"async\" class=\"aligncenter size-full wp-image-3209\" title=\"DELFIN ENJOLRAS Mujer leyendo junto a una ventana\" src=\"https:\/\/albertogranados.files.wordpress.com\/2011\/12\/delfin-enjolras-mujer-leyendo-junto-a-una-ventana.jpg?w=640\" alt=\"\" \/><\/a><\/p>\n<p>DELFIN ENJOLRAS, \u201cMujer leyendo junto a una ventana\u201d<\/p>\n<p><a href=\"https:\/\/albertogranados.files.wordpress.com\/2011\/12\/edward-hopper-habitacic3b3n-de-hotel-1931.jpg\"><img data-recalc-dims=\"1\" decoding=\"async\" class=\"aligncenter size-full wp-image-3210\" title=\"EDWARD HOPPER Habitaci\u00f3n de hotel 1931\" src=\"https:\/\/albertogranados.files.wordpress.com\/2011\/12\/edward-hopper-habitacic3b3n-de-hotel-1931.jpg?w=640\" alt=\"\" \/><\/a><\/p>\n<p>EDWARD HOPPER, \u201cHabitaci\u00f3n de hotel\u201d, 1931<\/p>\n<p><a href=\"https:\/\/albertogranados.files.wordpress.com\/2011\/12\/edward-john-pointer-e-un-jardc3adn-1891.jpg\"><img data-recalc-dims=\"1\" decoding=\"async\" class=\"aligncenter size-full wp-image-3211\" title=\"EDWARD JOHN POINTER E un  jard\u00edn 1891\" src=\"https:\/\/albertogranados.files.wordpress.com\/2011\/12\/edward-john-pointer-e-un-jardc3adn-1891.jpg?w=640\" alt=\"\" \/><\/a><\/p>\n<p>EDWARD JOHN POINTER, \u201cEn un\u00a0 jard\u00edn\u201d, 1891<\/p>\n<p><a href=\"https:\/\/albertogranados.files.wordpress.com\/2011\/12\/edward-killingworth-johnson-tomando-cafc3a9-y-leyendo-en-el-jardc3adn.jpg\"><img data-recalc-dims=\"1\" decoding=\"async\" class=\"aligncenter size-full wp-image-3212\" title=\"EDWARD KILLINGWORTH JOHNSON Tomando caf\u00e9 y leyendo en el jard\u00edn\" src=\"https:\/\/albertogranados.files.wordpress.com\/2011\/12\/edward-killingworth-johnson-tomando-cafc3a9-y-leyendo-en-el-jardc3adn.jpg?w=640\" alt=\"\" \/><\/a><\/p>\n<p>EDWARD KILLINGWORTH JOHNSON, \u201cTomando caf\u00e9 y leyendo en el jard\u00edn\u201d<\/p>\n<p><a href=\"https:\/\/albertogranados.files.wordpress.com\/2011\/12\/edwin-harris-una-lectura-tranquila-fecha-desconocida.jpg\"><img data-recalc-dims=\"1\" decoding=\"async\" class=\"aligncenter size-full wp-image-3213\" title=\"EDWIN HARRIS Una lectura tranquila fecha desconocida\" src=\"https:\/\/albertogranados.files.wordpress.com\/2011\/12\/edwin-harris-una-lectura-tranquila-fecha-desconocida.jpg?w=640\" alt=\"\" \/><\/a><\/p>\n<p>EDWIN HARRIS, \u201cUna lectura tranquila\u201d<\/p>\n<p><a href=\"https:\/\/albertogranados.files.wordpress.com\/2011\/12\/erasmus-engert-jardc3adn-domc3a9stico-vienc3a9s.jpg\"><img data-recalc-dims=\"1\" decoding=\"async\" class=\"aligncenter size-full wp-image-3214\" title=\"ERASMUS ENGERT Jard\u00edn dom\u00e9stico vien\u00e9s\" src=\"https:\/\/albertogranados.files.wordpress.com\/2011\/12\/erasmus-engert-jardc3adn-domc3a9stico-vienc3a9s.jpg?w=640\" alt=\"\" \/><\/a><\/p>\n<p>ERASMUS ENGERT, \u201cJard\u00edn dom\u00e9stico vien\u00e9s\u201d<\/p>\n<p><a href=\"https:\/\/albertogranados.files.wordpress.com\/2011\/12\/felix-milius-un-atardecer.png\"><img data-recalc-dims=\"1\" decoding=\"async\" class=\"aligncenter size-full wp-image-3215\" title=\"FELIX MILIUS Un atardecer\" src=\"https:\/\/albertogranados.files.wordpress.com\/2011\/12\/felix-milius-un-atardecer.png?w=640\" alt=\"\" \/><\/a><\/p>\n<p>FELIX MILIUS, \u201cUn atardecer\u201d<\/p>\n<p><a href=\"https:\/\/albertogranados.files.wordpress.com\/2011\/12\/fernando-botero-mujer-leyendo.jpg\"><img data-recalc-dims=\"1\" decoding=\"async\" class=\"aligncenter size-full wp-image-3216\" title=\"FERNANDO BOTERO Mujer leyendo\" src=\"https:\/\/albertogranados.files.wordpress.com\/2011\/12\/fernando-botero-mujer-leyendo.jpg?w=640\" alt=\"\" \/><\/a><\/p>\n<p>FERNANDO BOTERO, \u201cMujer leyendo\u201d<\/p>\n<p><a href=\"https:\/\/albertogranados.files.wordpress.com\/2011\/12\/fragonard-la-lectora.jpg\"><img data-recalc-dims=\"1\" decoding=\"async\" class=\"aligncenter size-full wp-image-3217\" title=\"FRAGONARD La lectora\" src=\"https:\/\/albertogranados.files.wordpress.com\/2011\/12\/fragonard-la-lectora.jpg?w=640\" alt=\"\" \/><\/a><\/p>\n<p>FRAGONARD, \u201cLa lectora\u201d<\/p>\n<p><a href=\"https:\/\/albertogranados.files.wordpress.com\/2011\/12\/frank-benson-la-lectora-1910.jpg\"><img data-recalc-dims=\"1\" decoding=\"async\" class=\"aligncenter size-full wp-image-3218\" title=\"FRANK BENSON La lectora 1910\" src=\"https:\/\/albertogranados.files.wordpress.com\/2011\/12\/frank-benson-la-lectora-1910.jpg?w=640\" alt=\"\" \/><\/a><\/p>\n<p>FRANK BENSON, \u201cLa lectora\u201d, 1910<\/p>\n<p>El a\u00f1o pasado, al llegar este d\u00eda, hice mi particular manifiesto por la lectura. Se llamaba \u201cDejarte abrazar\u201d y apareci\u00f3 publicado en <a href=\"http:\/\/www.joselupianez.com\/diciembre10.pdf\">Pliegos de Albor\u00e1n<\/a>, la separata cultural de la revista El Faro de Motril, donde suelo colaborar. El texto es este:<\/p>\n<p><em>Leer es dejarse abrazar, mecer, acariciar, enga\u00f1ar, seducir\u2026 por algo tan dudoso, contradictorio y desleal\u00a0como un libro, un objeto extra\u00f1o incrustado en los entresijos de nuestro esp\u00edritu, algo ajenamente nuestro, que nos elige como un predador selecciona\u00a0a su presa.<\/em><\/p>\n<p><em>T\u00fa, lector, puedes llegar a pensar que eres quien elige un libro. \u00a1Torpe ingenuidad! Es su extra\u00f1a irrealidad (la campa\u00f1a previa de publicidad, la rese\u00f1a le\u00edda en un peri\u00f3dico, la recomendaci\u00f3n de alguien de tu entorno, la posici\u00f3n en el expositor de la librer\u00eda, el impacto visual de su portada\u2026) quien te\u00a0 selecciona\u00a0a ti\u00a0con un fatal determinismo para el que no tienes defensa alguna, pues llegado el libro a tus manos, lector, caer\u00e1s en el impulso at\u00e1vico de sentarte\u00a0en torno a una hoguera imaginaria, para escuchar lo que\u00a0te dice el cham\u00e1n, que\u00a0te desgrana, palabra a palabra, un universo que sin ser el tuyo, pasa irremisiblemente a ser\u00a0tu propia entidad,\u00a0tu ser m\u00e1s profundo, repitiendo una liturgia mil veces vista: la de dejarte seducir por lo que ese libro-cham\u00e1n quiera proponerte, sea buscar por\u00a0los siete mares a un obsesivo monstruo llamado Mobby Dick, perpetrar una venganza largamente meditada desde la prisi\u00f3n injusta de la isla de If, sentir la zozobra espiritual de una Ana Ozores o una Emma Bovary, dividida entre mil impulsos antag\u00f3nicos, comprobar en Macondo\u00a0que las estirpes condenadas a cien a\u00f1os de soledad no tendr\u00e1n otra oportunidad sobre la tierra, o seguir la atormentada biograf\u00eda del jorobado Orsini, cristalizada en las pavorosas estatuas, llenas de una convulsa belleza, con que llen\u00f3 su misterioso jard\u00edn.<\/em><\/p>\n<p><em>Y es que el libro, como una tentaci\u00f3n, est\u00e1 lleno de formas seductoras; como una cortesana experta, est\u00e1 lleno de promesas; como una criatura m\u00edtica, te propone perderte en un laberinto de emociones; como un simple objeto dom\u00e9stico, que te rodea\u00a0a diario, apenas perceptible, te llena de\u00a0peque\u00f1os placeres caseros, en cuyas redes caer\u00e1s inexorablemente.<\/em><\/p>\n<p><em>Libros: objetos que te liberan al tiempo que te hacen su presa, que te eligen en el momento en que los eliges, que te hacen suyo en el mismo momento en que decides adquirirlos, que te enredan en su trama y que te obligan a abrazar causas, en muchas ocasiones perdidas, absurdas, ajenas, inexplicables\u2026 Que juegan contigo tan caprichosamente\u00a0como los antiguos dioses jugaban con sus criaturas.<\/em><\/p>\n<p><em>Y\u00a0t\u00fa, lector, ingenuo e inerme, s\u00f3lo puedes doblegarte, aceptar tu irremediable destino de gozosa v\u00edctima; rendirte a tu libro, a la peripecia de sus personajes, a las pasiones que los azotan al mismo tiempo que a ti,\u00a0incauto lector, que te adentraste c\u00e1ndidamente en sus p\u00e1ginas; someterte a los ritmos, cadencias y tempos de su posesiva m\u00fasica, una m\u00fasica a cuyo son, bailar\u00e1s, como una diab\u00f3lica marioneta, lo que el libro determine; aceptar que cuando terminas su lectura, las situaciones, conflictos y personajes se han metido de manera inexorable en tu alma, de la que ya ser\u00e1n indisolubles; que cuando lo devuelves a la balda de tu estanter\u00eda, cuando abandonas a esos personajes, algo se rompe en tu universo interior, pues es una dolorosa despedida, si no una traum\u00e1tica separaci\u00f3n en toda regla, aunque abierta a eventuales reencuentros, a relecturas\u2026 <\/em><\/p>\n<p><em>De este modo, el libro, finalmente, te poseer\u00e1, lector,\u00a0y no tendr\u00e1s m\u00e1s remedio que dejarte abrazar por la fatalidad del destino, extra\u00f1amente decidido por ese objeto que t\u00fa pusiste, ingenuo, entre tus manos.<\/em><\/p>\n<p><em>\u00a0<\/em><\/p>\n<p><a href=\"https:\/\/albertogranados.files.wordpress.com\/2011\/12\/franz-von-defregger-mujer-leyendo-una-carta.jpg\"><img data-recalc-dims=\"1\" decoding=\"async\" class=\"aligncenter size-full wp-image-3284\" title=\"FRANZ VON DEFREGGER Mujer leyendo una carta\" src=\"https:\/\/albertogranados.files.wordpress.com\/2011\/12\/franz-von-defregger-mujer-leyendo-una-carta.jpg?w=640\" alt=\"\" \/><\/a><\/p>\n<p>FRANZ VON DEFREGGER, \u201cMujer leyendo una carta\u201d<\/p>\n<p><a href=\"https:\/\/albertogranados.files.wordpress.com\/2011\/12\/frederick-daniel-hardy-leyendo-junto-al-fuego2.jpg\"><img data-recalc-dims=\"1\" decoding=\"async\" class=\"aligncenter size-full wp-image-3288\" title=\"FREDERICK DANIEL HARDY Leyendo junto al fuego\" src=\"https:\/\/albertogranados.files.wordpress.com\/2011\/12\/frederick-daniel-hardy-leyendo-junto-al-fuego2.jpg?w=640\" alt=\"\" \/><\/a><\/p>\n<p>FREDERICK DANIEL HARDY, \u201cLeyendo junto al fuego\u201d<\/p>\n<p><a href=\"https:\/\/albertogranados.files.wordpress.com\/2011\/12\/hans-heyerdahl-en-la-ventana-1881.jpg\"><img data-recalc-dims=\"1\" decoding=\"async\" class=\"aligncenter size-full wp-image-3289\" title=\"HANS HEYERDAHL En la ventana 1881\" src=\"https:\/\/albertogranados.files.wordpress.com\/2011\/12\/hans-heyerdahl-en-la-ventana-1881.jpg?w=640\" alt=\"\" \/><\/a>HANS HEYERDAHL, \u201cEn la ventana\u201d, 1881<\/p>\n<p><a href=\"https:\/\/albertogranados.files.wordpress.com\/2011\/12\/isadore-weiner-muchacha-leyendo-1938.jpg\"><img data-recalc-dims=\"1\" decoding=\"async\" class=\"aligncenter size-full wp-image-3290\" title=\"ISADORE WEINER Muchacha leyendo 1938\" src=\"https:\/\/albertogranados.files.wordpress.com\/2011\/12\/isadore-weiner-muchacha-leyendo-1938.jpg?w=640\" alt=\"\" \/><\/a><\/p>\n<p>ISADORE WEINER, \u00a0\u201cMuchacha leyendo\u201d, 1938<\/p>\n<p><a href=\"https:\/\/albertogranados.files.wordpress.com\/2011\/12\/james-jebusa-shannon-cuentos-de-la-selva-1895.jpg\"><img data-recalc-dims=\"1\" decoding=\"async\" class=\"aligncenter size-full wp-image-3291\" title=\"JAMES JEBUSA SHANNON Cuentos de la selva,  1895\" src=\"https:\/\/albertogranados.files.wordpress.com\/2011\/12\/james-jebusa-shannon-cuentos-de-la-selva-1895.jpg?w=640\" alt=\"\" \/><\/a><\/p>\n<p>JAMES JEBUSA SHANNON, \u201cCuentos de la selva\u201d,\u00a0 1895<\/p>\n<p><a href=\"https:\/\/albertogranados.files.wordpress.com\/2011\/12\/james-sant-cuentos-de-hadas.jpg\"><img data-recalc-dims=\"1\" decoding=\"async\" class=\"aligncenter size-full wp-image-3292\" title=\"JAMES SANT Cuentos de hadas\" src=\"https:\/\/albertogranados.files.wordpress.com\/2011\/12\/james-sant-cuentos-de-hadas.jpg?w=640\" alt=\"\" \/><\/a><\/p>\n<p>JAMES SANT, \u201cCuentos de hadas\u201d<\/p>\n<p><a href=\"https:\/\/albertogranados.files.wordpress.com\/2011\/12\/james-tissot-el-escondite-1877.jpg\"><img data-recalc-dims=\"1\" decoding=\"async\" class=\"aligncenter size-full wp-image-3293\" title=\"JAMES TISSOT El escondite 1877\" src=\"https:\/\/albertogranados.files.wordpress.com\/2011\/12\/james-tissot-el-escondite-1877.jpg?w=640\" alt=\"\" \/><\/a><\/p>\n<p>JAMES TISSOT, \u201cEl escondite\u201d, 1877<\/p>\n<p><a href=\"https:\/\/albertogranados.files.wordpress.com\/2011\/12\/james-tissot-kathleen-newton-en-un-sillc3b3n.jpg\"><img data-recalc-dims=\"1\" decoding=\"async\" class=\"aligncenter size-full wp-image-3294\" title=\"JAMES TISSOT Kathleen Newton en un sill\u00f3n\" src=\"https:\/\/albertogranados.files.wordpress.com\/2011\/12\/james-tissot-kathleen-newton-en-un-sillc3b3n.jpg?w=640\" alt=\"\" \/><\/a><\/p>\n<p>JAMES TISSOT, \u201cKathleen Newton en un sill\u00f3n\u201d<\/p>\n<p><a href=\"https:\/\/albertogranados.files.wordpress.com\/2011\/12\/jean-jacques-henner-la-lectora-1.jpg\"><img data-recalc-dims=\"1\" decoding=\"async\" class=\"aligncenter size-full wp-image-3295\" title=\"JEAN JACQUES HENNER La lectora 1\" src=\"https:\/\/albertogranados.files.wordpress.com\/2011\/12\/jean-jacques-henner-la-lectora-1.jpg?w=640\" alt=\"\" \/><\/a><\/p>\n<p>JEAN JACQUES HENNER, \u201cLa lectora\u201d (1)<\/p>\n<p><a href=\"https:\/\/albertogranados.files.wordpress.com\/2011\/12\/jean-jacques-henner-la-lectora-2-1880.jpg\"><img data-recalc-dims=\"1\" decoding=\"async\" class=\"aligncenter size-full wp-image-3296\" title=\"JEAN JACQUES HENNER La lectora 2 1880\" src=\"https:\/\/albertogranados.files.wordpress.com\/2011\/12\/jean-jacques-henner-la-lectora-2-1880.jpg?w=640\" alt=\"\" \/><\/a>JEAN JACQUES HENNER, \u201cLa lectora\u201d (2) ,1880<\/p>\n<p><a href=\"https:\/\/albertogranados.files.wordpress.com\/2011\/12\/lee-kaula-la-madre-lectora.jpg\"><img data-recalc-dims=\"1\" decoding=\"async\" class=\"aligncenter size-full wp-image-3297\" title=\"LEE KAULA La madre lectora\" src=\"https:\/\/albertogranados.files.wordpress.com\/2011\/12\/lee-kaula-la-madre-lectora.jpg?w=640\" alt=\"\" \/><\/a><\/p>\n<p>LEE KAULA, \u201cLa madre lectora\u201d<\/p>\n<p><a href=\"https:\/\/albertogranados.files.wordpress.com\/2011\/12\/ludovico-marchetti-un-buen-libro.jpg\"><img data-recalc-dims=\"1\" decoding=\"async\" class=\"aligncenter size-full wp-image-3298\" title=\"LUDOVICO MARCHETTI Un buen libro\" src=\"https:\/\/albertogranados.files.wordpress.com\/2011\/12\/ludovico-marchetti-un-buen-libro.jpg?w=640\" alt=\"\" \/><\/a><\/p>\n<p>LUDOVICO MARCHETTI, \u201cUn buen libro\u201d<\/p>\n<p><a href=\"https:\/\/albertogranados.files.wordpress.com\/2011\/12\/mary-stevenson-cassatt-lydia-leyendo-en-el-jardc3adn.jpg\"><img data-recalc-dims=\"1\" decoding=\"async\" class=\"aligncenter size-full wp-image-3299\" title=\"MARY STEVENSON CASSATT Lydia leyendo en el jard\u00edn\" src=\"https:\/\/albertogranados.files.wordpress.com\/2011\/12\/mary-stevenson-cassatt-lydia-leyendo-en-el-jardc3adn.jpg?w=640\" alt=\"\" \/><\/a><\/p>\n<p>MARY STEVENSON CASSATT, \u201cLydia leyendo en el jard\u00edn\u201d<\/p>\n<p><a href=\"https:\/\/albertogranados.files.wordpress.com\/2011\/12\/matisse-mujer-leyendo.jpg\"><img data-recalc-dims=\"1\" decoding=\"async\" class=\"aligncenter size-full wp-image-3300\" title=\"MATISSE Mujer Leyendo\" src=\"https:\/\/albertogranados.files.wordpress.com\/2011\/12\/matisse-mujer-leyendo.jpg?w=640\" alt=\"\" \/><\/a><\/p>\n<p>MATISSE, \u201cMujer Leyendo\u201d<\/p>\n<p><a href=\"https:\/\/albertogranados.files.wordpress.com\/2011\/12\/monet-una-mujer-leyendo-1872.jpg\"><img data-recalc-dims=\"1\" decoding=\"async\" class=\"aligncenter size-full wp-image-3301\" title=\"MONET, Una mujer leyendo 1872\" src=\"https:\/\/albertogranados.files.wordpress.com\/2011\/12\/monet-una-mujer-leyendo-1872.jpg?w=640\" alt=\"\" \/><\/a><\/p>\n<p>MONET, \u201cUna mujer leyendo\u201d, 1872<\/p>\n<p><a href=\"https:\/\/albertogranados.files.wordpress.com\/2011\/12\/paul-gustav-fischer-leyendo-en-la-terraza.jpg\"><img data-recalc-dims=\"1\" decoding=\"async\" class=\"aligncenter size-full wp-image-3305\" title=\"PAUL GUSTAV FISCHER Leyendo en la terraza\" src=\"https:\/\/albertogranados.files.wordpress.com\/2011\/12\/paul-gustav-fischer-leyendo-en-la-terraza.jpg?w=640\" alt=\"\" \/><\/a><\/p>\n<p>PAUL GUSTAV FISCHER, \u201cLeyendo en la terraza\u201d<\/p>\n<p><a href=\"https:\/\/albertogranados.files.wordpress.com\/2011\/12\/richard-jack-the-apple-1901.jpg\"><img data-recalc-dims=\"1\" decoding=\"async\" class=\"aligncenter size-full wp-image-3306\" title=\"RICHARD JACK The apple 1901\" src=\"https:\/\/albertogranados.files.wordpress.com\/2011\/12\/richard-jack-the-apple-1901.jpg?w=640\" alt=\"\" \/><\/a><\/p>\n<p>RICHARD JACK, \u201cLa manzana\u201d, 1901<\/p>\n<p><a href=\"https:\/\/albertogranados.files.wordpress.com\/2011\/12\/robert_james_gordon2.jpg\"><img data-recalc-dims=\"1\" decoding=\"async\" class=\"aligncenter size-full wp-image-3310\" title=\"Robert_James_Gordon\" src=\"https:\/\/albertogranados.files.wordpress.com\/2011\/12\/robert_james_gordon2.jpg?w=640\" alt=\"\" \/><\/a><\/p>\n<p>ROBERT JAMES GORDON, \u201cMujer leyendo\u201d<\/p>\n<p><a href=\"https:\/\/albertogranados.files.wordpress.com\/2011\/12\/susan-ricker-knox-leyendo-en-el-jardc3adn.jpg\"><img data-recalc-dims=\"1\" decoding=\"async\" class=\"aligncenter size-full wp-image-3311\" title=\"SUSAN RICKER KNOX Leyendo en el jard\u00edn\" src=\"https:\/\/albertogranados.files.wordpress.com\/2011\/12\/susan-ricker-knox-leyendo-en-el-jardc3adn.jpg?w=640\" alt=\"\" \/><\/a><\/p>\n<p>SUSAN RICKER KNOX, \u201cLeyendo en el jard\u00edn\u201d<\/p>\n<p><a href=\"https:\/\/albertogranados.files.wordpress.com\/2011\/12\/tamara-de-lempicka.jpg\"><img data-recalc-dims=\"1\" decoding=\"async\" class=\"aligncenter size-full wp-image-3312\" title=\"TAMARA DE LEMPICKA\" src=\"https:\/\/albertogranados.files.wordpress.com\/2011\/12\/tamara-de-lempicka.jpg?w=640\" alt=\"\" \/><\/a><\/p>\n<p>TAMARA DE LEMPICKA, \u201cMujer leyendo\u201d<\/p>\n<p><a href=\"https:\/\/albertogranados.files.wordpress.com\/2011\/12\/tavik-frantic5a1ek-c5a1imon-vilma-leyendo-un-libro.jpg\"><img data-recalc-dims=\"1\" decoding=\"async\" class=\"aligncenter size-full wp-image-3313\" title=\"TAVIK FRANTI\u0160EK \u0160IMON Vilma leyendo un libro\" src=\"https:\/\/albertogranados.files.wordpress.com\/2011\/12\/tavik-frantic5a1ek-c5a1imon-vilma-leyendo-un-libro.jpg?w=640\" alt=\"\" \/><\/a><\/p>\n<p>TAVIK FRANTI\u0160EK \u0160IMON, \u201cVilma leyendo un libro\u201d<\/p>\n<p><a href=\"https:\/\/albertogranados.files.wordpress.com\/2011\/12\/theodore-roussel-the-reading-girl-1868.gif\"><img data-recalc-dims=\"1\" decoding=\"async\" class=\"aligncenter size-full wp-image-3314\" title=\"THEODORE ROUSSEL The reading girl 1868\" src=\"https:\/\/albertogranados.files.wordpress.com\/2011\/12\/theodore-roussel-the-reading-girl-1868.gif?w=640\" alt=\"\" \/><\/a><\/p>\n<p>THEODORE ROUSSEL, \u201cLa muchacha leyendo\u201d, 1868<\/p>\n<p><a href=\"https:\/\/albertogranados.files.wordpress.com\/2011\/12\/william-paxton-el-peric3b3dico-de-la-mac3b1ana.jpg\"><img data-recalc-dims=\"1\" decoding=\"async\" class=\"aligncenter size-full wp-image-3315\" title=\"WILLIAM PAXTON El peri\u00f3dico de la ma\u00f1ana\" src=\"https:\/\/albertogranados.files.wordpress.com\/2011\/12\/william-paxton-el-peric3b3dico-de-la-mac3b1ana.jpg?w=640\" alt=\"\" \/><\/a><\/p>\n<p>WILLIAM PAXTON, \u201cEl peri\u00f3dico de la ma\u00f1ana\u201d<\/p>\n<p>Y en esta galer\u00eda, no pod\u00eda faltar <a href=\"https:\/\/albertogranados.wordpress.com\/2011\/12\/05\/investigacion-sobre-un-cuadro\/\">mi misteriosa dama contemplativa<\/a>, cuya historia se est\u00e1 decantando y que pronto aparecer\u00e1 por aqu\u00ed:<\/p>\n<p><a href=\"https:\/\/albertogranados.files.wordpress.com\/2011\/12\/la-desconocida-dama-contemplativa.jpg\"><img data-recalc-dims=\"1\" decoding=\"async\" class=\"aligncenter size-full wp-image-3316\" title=\"La desconocida dama contemplativa\" src=\"https:\/\/albertogranados.files.wordpress.com\/2011\/12\/la-desconocida-dama-contemplativa.jpg?w=640\" alt=\"\" \/><\/a><\/p>\n<p>Ahora que se cierran bibliotecas y se desaloja a los lectores, ahora que\u00a0vienen tiempos de recortes, os deseo, m\u00e1s que nunca, una feliz lectura.<\/p>\n<p>Alberto Granados<\/p>\n","protected":false},"excerpt":{"rendered":"<p>Hace un par de meses, pensando en que se aproximaba el D\u00eda de la Lectura&#8230;<\/p>\n","protected":false},"author":1,"featured_media":832,"comment_status":"closed","ping_status":"closed","sticky":false,"template":"","format":"standard","meta":{"_coblocks_attr":"","_coblocks_dimensions":"","_coblocks_responsive_height":"","_coblocks_accordion_ie_support":"","jetpack_post_was_ever_published":false,"_jetpack_newsletter_access":"","_jetpack_dont_email_post_to_subs":false,"_jetpack_newsletter_tier_id":0,"_jetpack_memberships_contains_paywalled_content":false,"_jetpack_memberships_contains_paid_content":false,"footnotes":"","jetpack_publicize_message":"","jetpack_publicize_feature_enabled":true,"jetpack_social_post_already_shared":false,"jetpack_social_options":{"image_generator_settings":{"template":"highway","default_image_id":0,"enabled":false},"version":2}},"categories":[39,15],"tags":[19],"class_list":["post-831","post","type-post","status-publish","format-standard","has-post-thumbnail","hentry","category-opinion-de-alberto-granados","category-ultimas-noticias","tag-mujeres"],"jetpack_publicize_connections":[],"jetpack_featured_media_url":"https:\/\/i0.wp.com\/miradordeatarfe.es\/wp-content\/uploads\/2015\/03\/muj.jpg?fit=258%2C195&ssl=1","jetpack_likes_enabled":true,"jetpack_sharing_enabled":true,"_links":{"self":[{"href":"https:\/\/miradordeatarfe.es\/index.php?rest_route=\/wp\/v2\/posts\/831","targetHints":{"allow":["GET"]}}],"collection":[{"href":"https:\/\/miradordeatarfe.es\/index.php?rest_route=\/wp\/v2\/posts"}],"about":[{"href":"https:\/\/miradordeatarfe.es\/index.php?rest_route=\/wp\/v2\/types\/post"}],"author":[{"embeddable":true,"href":"https:\/\/miradordeatarfe.es\/index.php?rest_route=\/wp\/v2\/users\/1"}],"replies":[{"embeddable":true,"href":"https:\/\/miradordeatarfe.es\/index.php?rest_route=%2Fwp%2Fv2%2Fcomments&post=831"}],"version-history":[{"count":1,"href":"https:\/\/miradordeatarfe.es\/index.php?rest_route=\/wp\/v2\/posts\/831\/revisions"}],"predecessor-version":[{"id":833,"href":"https:\/\/miradordeatarfe.es\/index.php?rest_route=\/wp\/v2\/posts\/831\/revisions\/833"}],"wp:featuredmedia":[{"embeddable":true,"href":"https:\/\/miradordeatarfe.es\/index.php?rest_route=\/wp\/v2\/media\/832"}],"wp:attachment":[{"href":"https:\/\/miradordeatarfe.es\/index.php?rest_route=%2Fwp%2Fv2%2Fmedia&parent=831"}],"wp:term":[{"taxonomy":"category","embeddable":true,"href":"https:\/\/miradordeatarfe.es\/index.php?rest_route=%2Fwp%2Fv2%2Fcategories&post=831"},{"taxonomy":"post_tag","embeddable":true,"href":"https:\/\/miradordeatarfe.es\/index.php?rest_route=%2Fwp%2Fv2%2Ftags&post=831"}],"curies":[{"name":"wp","href":"https:\/\/api.w.org\/{rel}","templated":true}]}}