{"id":83150,"date":"2026-04-24T11:27:42","date_gmt":"2026-04-24T09:27:42","guid":{"rendered":"https:\/\/miradordeatarfe.es\/?p=83150"},"modified":"2026-04-19T00:41:52","modified_gmt":"2026-04-18T22:41:52","slug":"nuestro-personaje-arsenio-granados-por-jose-enrique-granados","status":"publish","type":"post","link":"https:\/\/miradordeatarfe.es\/?p=83150","title":{"rendered":"NUESTRO PERSONAJE ARSENIO GRANADOS por Jos\u00e9 Enrique Granados"},"content":{"rendered":"<h2 style=\"text-align: justify;\">ART\u00cdCULO PUBLICADO EN EL MIRADOR DE ATARFE EN PAPEL N\u00ba 1 EN FEBRERO DE 2001<\/h2>\n<h3 style=\"text-align: justify;\">\u00abMira que cachas tiene esta navaja\u00bb dec\u00eda su bisabuelo<\/h3>\n<p style=\"text-align: justify;\"><em>En plena \u00e9poca carnavalesca, donde la mascarada da rienda suelta a la fantas\u00eda y en donde cada qui\u00e9n busca ser cada cual, la redacci\u00f3n del Mirador de Atarfe, al que auguro un futuro brillante y esplendoroso, me invita a que colabore en la secci\u00f3n del peri\u00f3dico que han titulado \u201cNuestros personajes\u201d.<\/em><\/p>\n<p style=\"text-align: justify;\"><em>Acepto con sumo agrado tal ofrecimiento, siendo mi sorpresa may\u00fascula cuando me indican que la persona seleccionada para esta secci\u00f3n en este n\u00famero es Arsenio Granados Ram\u00edrez. <\/em><\/p>\n<p style=\"text-align: justify;\"><em>Evidentemente, no puedo ser imparcial al tratar el asunto. Me enorgullece, en tanto que si hoy soy lo que soy, se lo debo a \u00e9l. A \u00e9l y a quien en su sombra, mi madre, han hecho posible que los principios de respeto, tolerancia y libertad, alumbren mi forma de ser e impronten en m\u00ed los valores para conseguir una sociedad m\u00e1s justa.\u00a0<\/em><\/p>\n<p style=\"text-align: justify;\"><em>De procedencia trabajadora, Arsenio Granados vino al mundo en el 5\u00ba cumplea\u00f1os de la II Rep\u00fablica Espa\u00f1ola. Por azar, naci\u00f3 en Albolote pero a los pocos d\u00edas de ver la luz se traslada a Atarfe, lugar que nunca ha abandonado. Desde muy ni\u00f1o, aprendi\u00f3 el oficio familiar, barbero, y al quedar hu\u00e9rfano de padre, qued\u00f3 al frente de la barber\u00eda, la barber\u00eda del \u201cNi\u00f1o Cachas\u201d.<\/em><\/p>\n<p style=\"text-align: justify;\"><em><strong>\u00bfArsenio, porque el \u201cNi\u00f1o Cachas\u201d?<\/strong><\/em><br \/>\n<em>Este apodo que llevamos hace alusi\u00f3n al oficio de barbero. Mis antepasados eran todos barberos: mi padre, mi abuelo, mi bisabuelo&#8230; Me cont\u00f3 mi padre que antes las navajas ten\u00edan las mangas, las cachas, de color negro. Mi bisabuelo compr\u00f3 una navaja nueva con las cachas de color blanco, as\u00ed que a todo el mundo que pasaba por la barber\u00eda, le mostraba orgulloso el color blanco de la herramienta: mira que cachas tiene esta navaja. As\u00ed comenz\u00f3 todo, el Ni\u00f1o Cachas, el Cachas.<\/em><\/p>\n<p style=\"text-align: justify;\"><em><strong>\u00bfQu\u00e9 han significado las barber\u00edas en los pueblos?<\/strong><\/em><br \/>\n<em>Las barber\u00edas han sido los mentideros de los pueblos, la antesala de la noticia, las tertulias. La nuestra al estar situada primeramente, en la plaza del ayuntamiento, era un lugar privilegiado donde se daba cita la gente, ya no s\u00f3lo para arreglarse, sino tambi\u00e9n para hablar, para debatir, para exponer sus ideas. Durante la dictadura, la barber\u00eda era un hervidero de gente de diferentes ideolog\u00edas, exponiendo sus ideas. Recuerdo como muchas tardes, el maestro Jes\u00fas V\u00edlchez, se aposentaba en la silla de barbero y hablaba de las bondades del r\u00e9gimen y de lo que se hab\u00eda librado Espa\u00f1a, gracias al caudillo.<\/em><br \/>\n<em>Paralelamente y en anonimato, la gente se intercambiaba libros editados en la Uni\u00f3n Sovi\u00e9tica, que hablaban de comunismo&#8230; Sin duda, un crisol de opiniones donde el respeto imperaba y donde la chispa y el humor dominaban por encima de todo. Me acuerdo de \u201cEl Ni\u00f1o Manuel Garc\u00eda\u201d, detr\u00e1s de la puerta con su gracejo e iron\u00edas. Son tantas y tantas las personas que han pasado por la barber\u00eda, de las que de todas, algo he aprendido. \u00bfCuantas veces han entrado preguntando por fulano o mengano?. \u00bfCuantos, Arsenio donde est\u00e1 la calle tal? Posteriormente este papel de las barber\u00edas se fue diluyendo y en los \u00faltimos a\u00f1os, cambiaron los temas de conversaci\u00f3n, siendo predominantes los temas deportivos.<\/em><\/p>\n<p style=\"text-align: justify;\"><em><strong>\u00bfVendedor de prensa?<\/strong><\/em><br \/>\n<em>Cuando comenz\u00f3 la distribuci\u00f3n de los peri\u00f3dicos por la provincia, al ser la barber\u00eda un lugar donde se abr\u00eda muy temprano, me ofrecieron la posibilidad de venderlos, as\u00ed como ejercer de corresponsal administrativo gestionando las suscripciones y la publicidad. Ese es el germen del puesto de venta de prensa que hoy mantenemos abierto.<\/em><\/p>\n<p style=\"text-align: justify;\"><em><strong>\u00bfHa cambiado Atarfe?<\/strong><\/em><br \/>\n<em>El cambio ha sido sustancial hacia lo positivo y lo negativo. Hoy en d\u00eda gozamos de unos servicios magn\u00edficos: sanitarios, educativos, culturales&#8230; Sin embargo, es patente el decaimiento que vive la calle. Antes, la calle era m\u00e1s viva. Hab\u00eda siempre un gran ambiente, hab\u00eda gente, la calle Real era un hervidero de personas&#8230; Hoy, al llegar la noche la calle se queda vac\u00eda&#8230; Los bares, las cafeter\u00edas, los bailes, las terrazas. La gente de otros pueblos ven\u00eda al cine y a pasear a Atarfe, porque el pueblo ofrec\u00eda todo esto al igual que Granada capital. Hoy asistimos impasivos al declive de nuestros establecimientos, porque han cambiado las costumbres, porque otras poblaciones cercanas a la nuestra han aumentado su oferta o simplemente porque nos han cambiado los tiempos.<\/em><\/p>\n<p style=\"text-align: justify;\"><em><strong>\u00bfUn deseo?<\/strong><\/em><br \/>\n<em>Que nuestro pueblo avance por el camino de la libertad y la tolerancia hac\u00eda cotas m\u00e1s altas de bienestar y progreso<\/em><\/p>\n","protected":false},"excerpt":{"rendered":"<p>ART\u00cdCULO PUBLICADO EN EL MIRADOR DE ATARFE EN PAPEL N\u00ba 1 EN FEBRERO DE 2001&#8230;<\/p>\n","protected":false},"author":1,"featured_media":83151,"comment_status":"closed","ping_status":"closed","sticky":false,"template":"","format":"standard","meta":{"_coblocks_attr":"","_coblocks_dimensions":"","_coblocks_responsive_height":"","_coblocks_accordion_ie_support":"","jetpack_post_was_ever_published":false,"_jetpack_newsletter_access":"","_jetpack_dont_email_post_to_subs":false,"_jetpack_newsletter_tier_id":0,"_jetpack_memberships_contains_paywalled_content":false,"_jetpack_memberships_contains_paid_content":false,"footnotes":"","jetpack_publicize_message":"","jetpack_publicize_feature_enabled":true,"jetpack_social_post_already_shared":true,"jetpack_social_options":{"image_generator_settings":{"template":"highway","default_image_id":0,"enabled":false},"version":2}},"categories":[1225,186,44,6539],"tags":[],"class_list":["post-83150","post","type-post","status-publish","format-standard","has-post-thumbnail","hentry","category-ha-de-atarfe","category-instituciones","category-noticias-de-hoy","category-personajes-de-ataref"],"jetpack_publicize_connections":[],"jetpack_featured_media_url":"https:\/\/i0.wp.com\/miradordeatarfe.es\/wp-content\/uploads\/2026\/04\/Captura20260406113200.png?fit=150%2C223&ssl=1","jetpack_likes_enabled":true,"jetpack_sharing_enabled":true,"_links":{"self":[{"href":"https:\/\/miradordeatarfe.es\/index.php?rest_route=\/wp\/v2\/posts\/83150","targetHints":{"allow":["GET"]}}],"collection":[{"href":"https:\/\/miradordeatarfe.es\/index.php?rest_route=\/wp\/v2\/posts"}],"about":[{"href":"https:\/\/miradordeatarfe.es\/index.php?rest_route=\/wp\/v2\/types\/post"}],"author":[{"embeddable":true,"href":"https:\/\/miradordeatarfe.es\/index.php?rest_route=\/wp\/v2\/users\/1"}],"replies":[{"embeddable":true,"href":"https:\/\/miradordeatarfe.es\/index.php?rest_route=%2Fwp%2Fv2%2Fcomments&post=83150"}],"version-history":[{"count":1,"href":"https:\/\/miradordeatarfe.es\/index.php?rest_route=\/wp\/v2\/posts\/83150\/revisions"}],"predecessor-version":[{"id":83152,"href":"https:\/\/miradordeatarfe.es\/index.php?rest_route=\/wp\/v2\/posts\/83150\/revisions\/83152"}],"wp:featuredmedia":[{"embeddable":true,"href":"https:\/\/miradordeatarfe.es\/index.php?rest_route=\/wp\/v2\/media\/83151"}],"wp:attachment":[{"href":"https:\/\/miradordeatarfe.es\/index.php?rest_route=%2Fwp%2Fv2%2Fmedia&parent=83150"}],"wp:term":[{"taxonomy":"category","embeddable":true,"href":"https:\/\/miradordeatarfe.es\/index.php?rest_route=%2Fwp%2Fv2%2Fcategories&post=83150"},{"taxonomy":"post_tag","embeddable":true,"href":"https:\/\/miradordeatarfe.es\/index.php?rest_route=%2Fwp%2Fv2%2Ftags&post=83150"}],"curies":[{"name":"wp","href":"https:\/\/api.w.org\/{rel}","templated":true}]}}