{"id":83206,"date":"2026-04-09T10:42:18","date_gmt":"2026-04-09T08:42:18","guid":{"rendered":"https:\/\/miradordeatarfe.es\/?p=83206"},"modified":"2026-04-08T09:46:17","modified_gmt":"2026-04-08T07:46:17","slug":"iii-edicion-del-certamen-de-pintura-al-aire-libre-de-atarfe","status":"publish","type":"post","link":"https:\/\/miradordeatarfe.es\/?p=83206","title":{"rendered":"III edici\u00f3n del Certamen de Pintura al Aire Libre de Atarfe"},"content":{"rendered":"<h3>EL DOMINGO 19 DE ABRIL DE 2026 SE CELEBRAR\u00c1 LA 3\u00aa EDICI\u00d3N DEL CERTAMEN DE PINTURA AL AIRE LIBRE<\/h3>\n<p>Podr\u00e1n participar artistas mayores de 8 a\u00f1os de cualquier procedencia. a t\u00e9cnica de ejecuci\u00f3n ser\u00e1 libre y la tem\u00e1tica ser\u00e1 el pueblo de Atarfe, sus calles, paisajes, personajes, parques, monumentos, etc.<\/p>\n<p>Habr\u00e1 Premios en met\u00e1lico:<\/p>\n<p>3 Premios Categor\u00eda General (19 a\u00f1os o m\u00e1s)<\/p>\n<p>Premio Infantil (8 a 12 a\u00f1os)<\/p>\n<p>Premio Juvenil (13 a 18 a\u00f1os)<\/p>\n<p>Adem\u00e1s, la Fundaci\u00f3n Sierra Elvira otorgar\u00e1 premios a los artistas locales que no hayan sido premiados en la Categor\u00eda General\u00a0Las obras participantes ser\u00e1n expuestas durante 15 d\u00edas en la sala de exposiciones del C.C. Medina Elvira<\/p>\n<p><img data-recalc-dims=\"1\" loading=\"lazy\" decoding=\"async\" class=\"alignnone wp-image-83207 size-full\" src=\"https:\/\/i0.wp.com\/miradordeatarfe.es\/wp-content\/uploads\/2026\/04\/certamen-pintura-abril-2026.png?resize=640%2C907&#038;ssl=1\" alt=\"\" width=\"640\" height=\"907\" srcset=\"https:\/\/i0.wp.com\/miradordeatarfe.es\/wp-content\/uploads\/2026\/04\/certamen-pintura-abril-2026.png?w=1248&amp;ssl=1 1248w, https:\/\/i0.wp.com\/miradordeatarfe.es\/wp-content\/uploads\/2026\/04\/certamen-pintura-abril-2026.png?resize=212%2C300&amp;ssl=1 212w, https:\/\/i0.wp.com\/miradordeatarfe.es\/wp-content\/uploads\/2026\/04\/certamen-pintura-abril-2026.png?resize=723%2C1024&amp;ssl=1 723w, https:\/\/i0.wp.com\/miradordeatarfe.es\/wp-content\/uploads\/2026\/04\/certamen-pintura-abril-2026.png?resize=768%2C1088&amp;ssl=1 768w, https:\/\/i0.wp.com\/miradordeatarfe.es\/wp-content\/uploads\/2026\/04\/certamen-pintura-abril-2026.png?resize=1084%2C1536&amp;ssl=1 1084w, https:\/\/i0.wp.com\/miradordeatarfe.es\/wp-content\/uploads\/2026\/04\/certamen-pintura-abril-2026.png?resize=1024%2C1451&amp;ssl=1 1024w\" sizes=\"auto, (max-width: 640px) 100vw, 640px\" \/><\/p>\n","protected":false},"excerpt":{"rendered":"<p>EL DOMINGO 19 DE ABRIL DE 2026 SE CELEBRAR\u00c1 LA 3\u00aa EDICI\u00d3N DEL CERTAMEN DE&#8230;<\/p>\n","protected":false},"author":1,"featured_media":83208,"comment_status":"closed","ping_status":"closed","sticky":false,"template":"","format":"standard","meta":{"_coblocks_attr":"","_coblocks_dimensions":"","_coblocks_responsive_height":"","_coblocks_accordion_ie_support":"","jetpack_post_was_ever_published":false,"_jetpack_newsletter_access":"","_jetpack_dont_email_post_to_subs":false,"_jetpack_newsletter_tier_id":0,"_jetpack_memberships_contains_paywalled_content":false,"_jetpack_memberships_contains_paid_content":false,"footnotes":"","jetpack_publicize_message":"","jetpack_publicize_feature_enabled":true,"jetpack_social_post_already_shared":true,"jetpack_social_options":{"image_generator_settings":{"template":"highway","default_image_id":0,"enabled":false},"version":2}},"categories":[2,6916,44],"tags":[],"class_list":["post-83206","post","type-post","status-publish","format-standard","has-post-thumbnail","hentry","category-atarfe","category-ayuntamiento-de-atarfe","category-noticias-de-hoy"],"jetpack_publicize_connections":[],"jetpack_featured_media_url":"https:\/\/i0.wp.com\/miradordeatarfe.es\/wp-content\/uploads\/2026\/04\/IMG_20260407_104018-scaled.jpg?fit=1920%2C2560&ssl=1","jetpack_likes_enabled":true,"jetpack_sharing_enabled":true,"_links":{"self":[{"href":"https:\/\/miradordeatarfe.es\/index.php?rest_route=\/wp\/v2\/posts\/83206","targetHints":{"allow":["GET"]}}],"collection":[{"href":"https:\/\/miradordeatarfe.es\/index.php?rest_route=\/wp\/v2\/posts"}],"about":[{"href":"https:\/\/miradordeatarfe.es\/index.php?rest_route=\/wp\/v2\/types\/post"}],"author":[{"embeddable":true,"href":"https:\/\/miradordeatarfe.es\/index.php?rest_route=\/wp\/v2\/users\/1"}],"replies":[{"embeddable":true,"href":"https:\/\/miradordeatarfe.es\/index.php?rest_route=%2Fwp%2Fv2%2Fcomments&post=83206"}],"version-history":[{"count":1,"href":"https:\/\/miradordeatarfe.es\/index.php?rest_route=\/wp\/v2\/posts\/83206\/revisions"}],"predecessor-version":[{"id":83209,"href":"https:\/\/miradordeatarfe.es\/index.php?rest_route=\/wp\/v2\/posts\/83206\/revisions\/83209"}],"wp:featuredmedia":[{"embeddable":true,"href":"https:\/\/miradordeatarfe.es\/index.php?rest_route=\/wp\/v2\/media\/83208"}],"wp:attachment":[{"href":"https:\/\/miradordeatarfe.es\/index.php?rest_route=%2Fwp%2Fv2%2Fmedia&parent=83206"}],"wp:term":[{"taxonomy":"category","embeddable":true,"href":"https:\/\/miradordeatarfe.es\/index.php?rest_route=%2Fwp%2Fv2%2Fcategories&post=83206"},{"taxonomy":"post_tag","embeddable":true,"href":"https:\/\/miradordeatarfe.es\/index.php?rest_route=%2Fwp%2Fv2%2Ftags&post=83206"}],"curies":[{"name":"wp","href":"https:\/\/api.w.org\/{rel}","templated":true}]}}