{"id":83259,"date":"2026-04-29T11:00:27","date_gmt":"2026-04-29T09:00:27","guid":{"rendered":"https:\/\/miradordeatarfe.es\/?p=83259"},"modified":"2026-04-25T12:50:03","modified_gmt":"2026-04-25T10:50:03","slug":"atarfe-orientados-hasta-la-medula-3","status":"publish","type":"post","link":"https:\/\/miradordeatarfe.es\/?p=83259","title":{"rendered":"ATARFE: \u00abOrientados hasta la m\u00e9dula\u00bb"},"content":{"rendered":"<div dir=\"auto\">\n<h2>El 100% de las inscripciones de esta carrera y las consumiciones de barra ser\u00e1n destinadas a la fundaci\u00f3n Josep Carreras para investigaci\u00f3n contra la leucemia<\/h2>\n<\/div>\n<div dir=\"auto\"><main id=\"jupiterx-main\" class=\"jupiterx-main\"><\/p>\n<div class=\"elementor elementor-61773 elementor-location-single post-100070 eventos type-eventos status-publish has-post-thumbnail hentry\" data-elementor-type=\"single-post\" data-elementor-id=\"61773\" data-elementor-post-type=\"elementor_library\">\n<section class=\"elementor-section elementor-top-section elementor-element elementor-element-d8fd303 elementor-section-boxed elementor-section-height-default elementor-section-height-default\" data-id=\"d8fd303\" data-element_type=\"section\" data-e-type=\"section\">\n<div class=\"elementor-container elementor-column-gap-default\">\n<div class=\"elementor-column elementor-col-50 elementor-top-column elementor-element elementor-element-c13ea82\" data-id=\"c13ea82\" data-element_type=\"column\" data-e-type=\"column\">\n<div class=\"elementor-widget-wrap elementor-element-populated\">\n<div class=\"elementor-element elementor-element-cebbc2f elementor-widget elementor-widget-theme-post-content\" data-id=\"cebbc2f\" data-element_type=\"widget\" data-e-type=\"widget\" data-widget_type=\"theme-post-content.default\">\n<div class=\"elementor-widget-container\">\n<p>Este 2026 se celebra la quinta edici\u00f3n de la mayor <strong>carrera de orientaci\u00f3n solidaria de Espa\u00f1a, ORIENTADOS HASTA LA M\u00c9DULA<\/strong>. Esta prueba deportiva est\u00e1 organizada por la <a href=\"https:\/\/heroeshastalamedula.com\/\"><strong>Asociaci\u00f3n H\u00e9roes hasta la m\u00e9dula<\/strong><\/a> junto al <a href=\"https:\/\/www.oveleta.com\/\"><strong>Club de Orientaci\u00f3n Veleta<\/strong><\/a>. Todo un acontecimiento lleno de solidaridad con el objetivo de sumar kil\u00f3metros a la lucha contra la leucemia: naturaleza, deporte, familia, amigos, m\u00fasica en directo, animaci\u00f3n, talleres para ni\u00f1os, paella y barra solidaria te esperan en un ambiente \u00fanico. El 100% de la recaudaci\u00f3n ir\u00e1 destinado a la <strong>l\u00ednea de investigaci\u00f3n de leucemia infantil del Dr. Pablo Men\u00e9ndez<\/strong> del Instituto de Investigaci\u00f3n contra la Leucemia Josep Carreras.<\/p>\n<p><strong>LUGAR: <\/strong>\u00c1rea Recreativa de El Lago, Atarfe (Granada)<\/p>\n<p><strong>FECHA:<\/strong> 17 de mayo de 2026<\/p>\n<p><strong>HORARIO:<\/strong> carrera durante la ma\u00f1ana y actividades durante todo el d\u00eda, \u00a1pr\u00f3ximamente m\u00e1s informaci\u00f3n de las mismas!<\/p>\n<p><strong>INSCRIPCIONES:<\/strong> la carrera de orientaci\u00f3n dispone de multitud de categor\u00edas para familias e individual, ya que se puede hacer corriendo o andando. Haz tu inscripci\u00f3n <a href=\"https:\/\/www.oveleta.com\/omedula\/omedula-2026\/o-medula-2026-inscripciones\">aqu\u00ed<\/a>.<\/p>\n<p>Si quieres unirte como empresa y colaborar o ser uno de los patrocinadores, escribe a <a href=\"mailto:heroeshastalamedula@gmail.com\">heroeshastalamedula@gmail.com<\/a>.<\/p>\n<p><strong>\u00a1Muchas gracias a la organizaci\u00f3n, patrocinadores, colaboradores y a todos los asistentes por ser IMPARABLES a nuestro lado!<\/strong><\/p>\n<\/div>\n<\/div>\n<\/div>\n<\/div>\n<div class=\"elementor-column elementor-col-50 elementor-top-column elementor-element elementor-element-7b069f8\" data-id=\"7b069f8\" data-element_type=\"column\" data-e-type=\"column\">\n<div class=\"elementor-widget-wrap elementor-element-populated\">\n<div class=\"elementor-element elementor-element-53509bf elementor-widget elementor-widget-theme-post-featured-image elementor-widget-image elementor-sticky\" data-id=\"53509bf\" data-element_type=\"widget\" data-e-type=\"widget\" data-settings=\"{&quot;sticky&quot;:&quot;top&quot;,&quot;sticky_on&quot;:[&quot;desktop&quot;],&quot;sticky_offset&quot;:100,&quot;sticky_parent&quot;:&quot;yes&quot;,&quot;sticky_effects_offset&quot;:0,&quot;sticky_anchor_link_offset&quot;:0}\" data-widget_type=\"theme-post-featured-image.default\">\n<div class=\"elementor-widget-container\">1<picture class=\"attachment-large size-large wp-image-100071\"><source srcset=\"https:\/\/fcarreras.org\/wp-content\/uploads\/2026\/02\/Cartell-Orientados-631x1024.jpg.webp 631w, https:\/\/fcarreras.org\/wp-content\/uploads\/2026\/02\/Cartell-Orientados-185x300.jpg.webp 185w, https:\/\/fcarreras.org\/wp-content\/uploads\/2026\/02\/Cartell-Orientados-768x1247.jpg.webp 768w, https:\/\/fcarreras.org\/wp-content\/uploads\/2026\/02\/Cartell-Orientados.jpg.webp 772w\" type=\"image\/webp\" sizes=\"(max-width: 631px) 100vw, 631px\" \/><img data-recalc-dims=\"1\" loading=\"lazy\" decoding=\"async\" src=\"https:\/\/i0.wp.com\/fcarreras.org\/wp-content\/uploads\/2026\/02\/Cartell-Orientados-631x1024.jpg?resize=631%2C1024&#038;ssl=1\" sizes=\"auto, (max-width: 631px) 100vw, 631px\" srcset=\"https:\/\/fcarreras.org\/wp-content\/uploads\/2026\/02\/Cartell-Orientados-631x1024.jpg 631w, https:\/\/fcarreras.org\/wp-content\/uploads\/2026\/02\/Cartell-Orientados-185x300.jpg 185w, https:\/\/fcarreras.org\/wp-content\/uploads\/2026\/02\/Cartell-Orientados-768x1247.jpg 768w, https:\/\/fcarreras.org\/wp-content\/uploads\/2026\/02\/Cartell-Orientados.jpg 772w\" alt=\"\" width=\"631\" height=\"1024\" \/> <\/picture><\/div>\n<\/div>\n<\/div>\n<\/div>\n<\/div>\n<\/section>\n<section class=\"elementor-section elementor-top-section elementor-element elementor-element-dc1c878 elementor-section-boxed elementor-section-height-default elementor-section-height-default\" data-id=\"dc1c878\" data-element_type=\"section\" data-e-type=\"section\">\n<div class=\"elementor-container elementor-column-gap-default\">\n<div class=\"elementor-column elementor-col-100 elementor-top-column elementor-element elementor-element-d678a31\" data-id=\"d678a31\" data-element_type=\"column\" data-e-type=\"column\">\n<div class=\"elementor-widget-wrap elementor-element-populated\">\n<div class=\"elementor-element elementor-element-8429641 elementor-widget elementor-widget-spacer\" data-id=\"8429641\" data-element_type=\"widget\" data-e-type=\"widget\" data-widget_type=\"spacer.default\">\n<div class=\"elementor-widget-container\">\n<div class=\"elementor-spacer\">\n<div class=\"elementor-spacer-inner\">\u00a0<\/div>\n<\/div>\n<\/div>\n<\/div>\n<\/div>\n<\/div>\n<\/div>\n<\/section>\n<\/div>\n<p><\/main><\/p>\n<footer class=\"jupiterx-footer\" role=\"contentinfo\"><\/footer>\n<footer class=\"elementor elementor-243\" data-elementor-type=\"footer\" data-elementor-id=\"243\" data-elementor-post-type=\"elementor_library\">\n<section class=\"elementor-section elementor-top-section elementor-element elementor-element-662e448 elementor-section-content-middle elementor-section-boxed elementor-section-height-default elementor-section-height-default\" data-id=\"662e448\" data-element_type=\"section\" data-e-type=\"section\" data-settings=\"{&quot;background_background&quot;:&quot;gradient&quot;}\">\n<div class=\"elementor-container elementor-column-gap-default\">\n<div class=\"elementor-column elementor-col-33 elementor-top-column elementor-element elementor-element-eee1729\" data-id=\"eee1729\" data-element_type=\"column\" data-e-type=\"column\">\n<div class=\"elementor-widget-wrap elementor-element-populated\">\n<div class=\"elementor-element elementor-element-728bbf9 elementor-widget elementor-widget-image\" data-id=\"728bbf9\" data-element_type=\"widget\" data-e-type=\"widget\" data-widget_type=\"image.default\">\n<div class=\"elementor-widget-container\"><img loading=\"lazy\" decoding=\"async\" class=\"attachment-full size-full wp-image-51474\" src=\"https:\/\/fcarreras.org\/wp-content\/uploads\/2022\/07\/Logo_Footer_Castellano.svg\" alt=\"Logo Fundaci\u00f3n Josep Carreras contra la leucemia\" width=\"348\" height=\"73\" \/><\/div>\n<\/div>\n<div class=\"elementor-element elementor-element-43715cc elementor-widget-mobile__width-inherit elementor-widget__width-initial elementor-widget elementor-widget-text-editor\" data-id=\"43715cc\" data-element_type=\"widget\" data-e-type=\"widget\" data-widget_type=\"text-editor.default\">\n<div class=\"elementor-widget-container\">\n<p>Fundaci\u00f3n Internacional Josep Carreras<br \/>\nMuntaner 383, 2\u00ba<br \/>\n08021-Barcelona (Espa\u00f1a)<\/p>\n<\/div>\n<\/div>\n<div class=\"elementor-element elementor-element-57a5f62 elementor-widget-mobile__width-initial elementor-widget elementor-widget-text-editor\" data-id=\"57a5f62\" data-element_type=\"widget\" data-e-type=\"widget\" data-widget_type=\"text-editor.default\">\n<div class=\"elementor-widget-container\">\n<p>T 93 414 55 66<\/p>\n<\/div>\n<\/div>\n<\/div>\n<\/div>\n<div class=\"elementor-column elementor-col-33 elementor-top-column elementor-element elementor-element-7cd1c65\" data-id=\"7cd1c65\" data-element_type=\"column\" data-e-type=\"column\">\n<div class=\"elementor-widget-wrap elementor-element-populated\">\n<div class=\"elementor-element elementor-element-d77bfbf elementor-widget__width-initial elementor-widget elementor-widget-global elementor-global-342 elementor-widget-raven-button\" data-id=\"d77bfbf\" data-element_type=\"widget\" data-e-type=\"widget\" data-settings=\"{&quot;turn_to_popup_action_button&quot;:&quot;no&quot;}\" data-widget_type=\"raven-button.default\">\n<div class=\"elementor-widget-container\">\n<div class=\"raven-widget-wrapper\">\u00a0<\/div>\n<\/div>\n<\/div>\n<\/div>\n<\/div>\n<\/div>\n<\/section>\n<\/footer>\n<\/div>\n<div dir=\"auto\">\u00a0<\/div>\n<div dir=\"auto\">Es una oportunidad perfecta para disfrutar del deporte en la naturaleza mientras apoyamos la labor de la Fundaci\u00f3n Josep Carreras contra la leucemia.\u00a0<\/div>\n<div dir=\"auto\">\u00a1No te quedes sin tu dorsal y ven a ser parte de este equipo de h\u00e9roes!<\/div>\n<div dir=\"auto\">\u00a0<\/div>\n<div dir=\"auto\"><span class=\"yt-core-attributed-string yt-core-attributed-string--white-space-pre-wrap\" dir=\"auto\"><span class=\"yt-core-attributed-string--link-inherit-color\" dir=\"auto\">El pr\u00f3ximo domingo 17 de Mayo, s\u00famate a la lucha contra la Leucemia Infantil en Orientados hasta la M\u00e9dula 2026, \u00c1rea Recreativa El Lago de Atarfe, Granada. El 100% de la recaudaci\u00f3n va destinado a la investigaci\u00f3n contra la Leucemia Infantil, concretamente al grupo de investigaci\u00f3n de la Fundaci\u00f3n Josep Carreras que dirige el Dr. Pablo Men\u00e9ndez. \u00a1POR UN FUTURO SIN LEUCEMIA INFANTIL, INSCR\u00cdBETE!<\/span><\/span><\/div>\n<div dir=\"auto\"><span class=\"html-span xexx8yu xyri2b x18d9i69 x1c1uobl x1hl2dhg x16tdsg8 x1vvkbs x3nfvp2 x1j61x8r x1fcty0u xdj266r xat24cr xm2jcoa x1mpyi22 xxymvpz xlup9mm x1kky2od\"><img loading=\"lazy\" decoding=\"async\" class=\"xz74otr x15mokao x1ga7v0g x16uus16 xbiv7yw\" src=\"https:\/\/static.xx.fbcdn.net\/images\/emoji.php\/v9\/t51\/1\/16\/1f449.png\" alt=\"&#x1f449;\" width=\"16\" height=\"16\" \/><\/span> Inscripciones aqu\u00ed: <span class=\"html-span xdj266r x14z9mp xat24cr x1lziwak xexx8yu xyri2b x18d9i69 x1c1uobl x1hl2dhg x16tdsg8 x1vvkbs\"><a class=\"x1i10hfl xjbqb8w x1ejq31n x18oe1m7 x1sy0etr xstzfhl x972fbf x10w94by x1qhh985 x14e42zd x9f619 x1ypdohk xt0psk2 x3ct3a4 xdj266r x14z9mp xat24cr x1lziwak xexx8yu xyri2b x18d9i69 x1c1uobl x16tdsg8 x1hl2dhg xggy1nq x1a2a7pz xkrqix3 x1sur9pj x1fey0fg x1s688f\" tabindex=\"0\" role=\"link\" href=\"https:\/\/www.oveleta.com\/omedula\/omedula-2026\/o-medula-2026-inscripciones?fbclid=IwZXh0bgNhZW0CMTAAYnJpZBEwM05zSVhGOHMzdXVCYnlqbXNydGMGYXBwX2lkEDIyMjAzOTE3ODgyMDA4OTIAAR6TePalTm-FHKCmlKGL1FYcnak43wKo_NcchvRduO4fUlqsQZb2PKnLpEu8Ig_aem_o6K83pdLqUGzgruNNUgm5Q\" target=\"_blank\" rel=\"nofollow noopener noreferrer\">https:\/\/www.oveleta.com\/&#8230;\/o-medula-2026-inscripciones<\/a><\/span><\/div>\n<div dir=\"auto\">\u00a0<\/div>\n<div dir=\"auto\">\u00a0<\/div>\n<div dir=\"auto\">\u00a0<\/div>\n","protected":false},"excerpt":{"rendered":"<p>El 100% de las inscripciones de esta carrera y las consumiciones de barra ser\u00e1n destinadas&#8230;<\/p>\n","protected":false},"author":1,"featured_media":83260,"comment_status":"closed","ping_status":"closed","sticky":false,"template":"","format":"standard","meta":{"_coblocks_attr":"","_coblocks_dimensions":"","_coblocks_responsive_height":"","_coblocks_accordion_ie_support":"","jetpack_post_was_ever_published":false,"_jetpack_newsletter_access":"","_jetpack_dont_email_post_to_subs":false,"_jetpack_newsletter_tier_id":0,"_jetpack_memberships_contains_paywalled_content":false,"_jetpack_memberships_contains_paid_content":false,"footnotes":"","jetpack_publicize_message":"","jetpack_publicize_feature_enabled":true,"jetpack_social_post_already_shared":true,"jetpack_social_options":{"image_generator_settings":{"template":"highway","default_image_id":0,"enabled":false},"version":2}},"categories":[2,1161,182,186,44],"tags":[],"class_list":["post-83259","post","type-post","status-publish","format-standard","has-post-thumbnail","hentry","category-atarfe","category-ciudadania","category-deportes","category-instituciones","category-noticias-de-hoy"],"jetpack_publicize_connections":[],"jetpack_featured_media_url":"https:\/\/i0.wp.com\/miradordeatarfe.es\/wp-content\/uploads\/2026\/04\/Cartell-Orientados-631x1024.jpg.webp?fit=529%2C507&ssl=1","jetpack_likes_enabled":true,"jetpack_sharing_enabled":true,"_links":{"self":[{"href":"https:\/\/miradordeatarfe.es\/index.php?rest_route=\/wp\/v2\/posts\/83259","targetHints":{"allow":["GET"]}}],"collection":[{"href":"https:\/\/miradordeatarfe.es\/index.php?rest_route=\/wp\/v2\/posts"}],"about":[{"href":"https:\/\/miradordeatarfe.es\/index.php?rest_route=\/wp\/v2\/types\/post"}],"author":[{"embeddable":true,"href":"https:\/\/miradordeatarfe.es\/index.php?rest_route=\/wp\/v2\/users\/1"}],"replies":[{"embeddable":true,"href":"https:\/\/miradordeatarfe.es\/index.php?rest_route=%2Fwp%2Fv2%2Fcomments&post=83259"}],"version-history":[{"count":2,"href":"https:\/\/miradordeatarfe.es\/index.php?rest_route=\/wp\/v2\/posts\/83259\/revisions"}],"predecessor-version":[{"id":83409,"href":"https:\/\/miradordeatarfe.es\/index.php?rest_route=\/wp\/v2\/posts\/83259\/revisions\/83409"}],"wp:featuredmedia":[{"embeddable":true,"href":"https:\/\/miradordeatarfe.es\/index.php?rest_route=\/wp\/v2\/media\/83260"}],"wp:attachment":[{"href":"https:\/\/miradordeatarfe.es\/index.php?rest_route=%2Fwp%2Fv2%2Fmedia&parent=83259"}],"wp:term":[{"taxonomy":"category","embeddable":true,"href":"https:\/\/miradordeatarfe.es\/index.php?rest_route=%2Fwp%2Fv2%2Fcategories&post=83259"},{"taxonomy":"post_tag","embeddable":true,"href":"https:\/\/miradordeatarfe.es\/index.php?rest_route=%2Fwp%2Fv2%2Ftags&post=83259"}],"curies":[{"name":"wp","href":"https:\/\/api.w.org\/{rel}","templated":true}]}}