{"id":8329,"date":"2016-04-22T07:19:44","date_gmt":"2016-04-22T07:19:44","guid":{"rendered":"http:\/\/miradordeatarfe.es\/?p=8329"},"modified":"2016-04-19T08:55:23","modified_gmt":"2016-04-19T08:55:23","slug":"ayudas-economicas-a-jovenes-sabes-solicitarlas-compartelo","status":"publish","type":"post","link":"https:\/\/miradordeatarfe.es\/?p=8329","title":{"rendered":"Ayudas econ\u00f3micas a j\u00f3venes, \u00bfsabes solicitarlas? \u00a1COMP\u00c1RTELO!"},"content":{"rendered":"<p>Han aprobado una propuesta del \u00e1rea de Juventud para ayudar a los j\u00f3venes de familias desfavorecidas a sufragar los gastos derivados de la obtenci\u00f3n del permiso de conducir, clase B.<!--more--><\/p>\n<div><\/div>\n<p><a href=\"https:\/\/i0.wp.com\/indignado.es\/wp-content\/uploads\/2016\/04\/ayudas-jovenes-680x377.png\" rel=\"attachment wp-att-1259\"><img data-recalc-dims=\"1\" loading=\"lazy\" decoding=\"async\" class=\"wp-image-1259 size-full aligncenter\" src=\"https:\/\/i0.wp.com\/indignado.es\/wp-content\/uploads\/2016\/04\/ayudas-jovenes-680x377.png?resize=640%2C355\" sizes=\"auto, (max-width: 680px) 100vw, 680px\" srcset=\"http:\/\/indignado.es\/wp-content\/uploads\/2016\/04\/ayudas-jovenes-680x377-300x166.png 300w, http:\/\/indignado.es\/wp-content\/uploads\/2016\/04\/ayudas-jovenes-680x377.png 680w\" alt=\"ayudas-jovenes-680x377\" width=\"640\" height=\"355\" \/><\/a><\/p>\n<p>Uno de los colectivos que se ha visto m\u00e1s afectado por la alta tasa de desempleo en Espa\u00f1a a consecuencia de la crisis son los j\u00f3venes. En este art\u00edculo vamos a mostrar cu\u00e1les son las posibles ayudas y programas con los que pueden contar actualmente.<\/p>\n<div>\u00a0La medida pretende mejorar las posibilidades de acceso a un empleo ya que uno de los requisitos cada vez m\u00e1s demandados por las ofertas de trabajo es el estar en posesi\u00f3n del carnet de conducir.<\/div>\n<div class=\"seccion-content\">\n<h2>1 . La Estrategia de Emprendimiento y Empleo Joven<\/h2>\n<p>La Estrategia de Emprendimiento y Empleo Joven se aprob\u00f3 en 2013 y hasta 2016 tiene como objetivo facilitar la inserci\u00f3n laboral para reducir el alto porcentaje de paro en Espa\u00f1a. Para ello el programa cuenta con cien medidas destinadas a combatir el desempleo juvenil.<\/p>\n<div><\/div>\n<p>De entre los objetivos que se pretenden destacan los siguientes:<\/p>\n<ol>\n<li>La mejora de la empleabilidad de los j\u00f3venes<\/li>\n<li>Lograr la estabilidad laboral y empleos de calidad.<\/li>\n<li>Conseguir la igualdad de oportunidades en el mercado laboral<\/li>\n<li>Fomentar el emprendimiento entre los j\u00f3venes<\/li>\n<\/ol>\n<p>A trav\u00e9s de la puesta en marcha de este plan<strong> se pretende conseguir la inserci\u00f3n laboral efectiva de los j\u00f3venes<\/strong>, bien sea por cuenta ajena o a trav\u00e9s de la actitud emprendedora de \u00e9stos.<\/p>\n<p>De entre las medidas orientadas a estos objetivos podemos destacar como<strong><em> las m\u00e1s importantes las siguientes:<\/em><\/strong><\/p>\n<table style=\"height: 854px;\" width=\"1184\">\n<tbody>\n<tr>\n<td width=\"611\">1. Ampliaci\u00f3n de aquellos programas de formaci\u00f3n en los que se obtenga un certificado de profesionalidad y exista compromiso de contrataci\u00f3n una vez se hayan superado.<\/td>\n<\/tr>\n<tr>\n<td width=\"611\">2. Fomentar entre los j\u00f3venes que abandonaron sus estudios a que obtengan el t\u00edtulo de Educaci\u00f3n Secundaria Obligatoria<\/td>\n<\/tr>\n<tr>\n<td width=\"611\">3. <strong>Tarifa Plana para aut\u00f3nomos<\/strong>. Aquellos j\u00f3venes que se den de alta como aut\u00f3nomos por primera vez, pagar\u00e1n una cuota m\u00ednima de 50 euros a la Seguridad Social durante los primeros seis meses. Posteriormente, sobre la base m\u00ednima, tendr\u00e1n una reducci\u00f3n del 50% durante los siguientes seis meses. Pasados estos se continuar\u00e1 con una reducci\u00f3n y una bonificaci\u00f3n del 30% durante dieciocho meses. El objetivo ser\u00e1 promover la inserci\u00f3n laboral a aquellos j\u00f3venes que deciden emprender.<\/td>\n<\/tr>\n<tr>\n<td width=\"611\">4. Durante nueve meses los j\u00f3venes menores de treinta a\u00f1os que est\u00e9n percibiendo una <a href=\"http:\/\/cursosinemweb.es\/prestacion-por-desempleo\/\">prestaci\u00f3n por desempleo<\/a>, podr\u00e1n compatibilizarla con el inicio de una actividad por cuenta propia.<\/td>\n<\/tr>\n<tr>\n<td width=\"611\">5. <strong>Podr\u00e1 capitalizarse el paro hasta el 100%<\/strong> siempre que se destine al capital social de sociedades mercantiles de nueva creaci\u00f3n.<\/td>\n<\/tr>\n<tr>\n<td width=\"611\">6. Podr\u00e1n reanudarse la prestaci\u00f3n por desempleo cuando finalice una actividad realizada por cuenta propia. Con esta medida se pretende proteger a la persona a la que le ha resultado inviable su proyecto.<\/td>\n<\/tr>\n<tr>\n<td width=\"611\">7. Aquellos j\u00f3venes que realicen contrataciones indefinidas a personas mayores de 45 a\u00f1os que sean desempleadas de larga duraci\u00f3n podr\u00e1n beneficiarse de la cuota de empresa\u00a0 a la Seguridad Social del 100% durante el primer a\u00f1o.<\/td>\n<\/tr>\n<tr>\n<td width=\"611\">8. Las Cooperativas y Sociedades laborales que incorporen a socios trabajadores a menores de treinta a\u00f1os tendr\u00e1n una bonificaci\u00f3n de 800\u20ac durante tres a\u00f1os.<\/td>\n<\/tr>\n<tr>\n<td width=\"611\">9. Reducciones a las empresas de hasta del 100% de las cuotas de la Seguridad Social si contratan a j\u00f3venes desempleados que compatibilicen el trabajo con acciones formativas.<\/td>\n<\/tr>\n<tr>\n<td width=\"611\">10. Las microempresas y aut\u00f3nomos que contraten a j\u00f3venes con car\u00e1cter indefinido podr\u00e1n beneficiarse durante un a\u00f1o de una reducci\u00f3n del 100% de la cuota a la Seguridad Social.<\/td>\n<\/tr>\n<tr>\n<td width=\"611\">11. Se fomentar\u00e1 el contrato en \u201cpr\u00e1cticas\u201d para aquellos j\u00f3venes que acceden a su primer empleo una vez terminada su formaci\u00f3n, obteniendo la empresa una reducci\u00f3n del \u00a050% de la cuota la Seguridad Social<\/td>\n<\/tr>\n<\/tbody>\n<\/table>\n<\/div>\n<div class=\"seccion-content\">\n<h2>2. El Sistema de Garant\u00eda Juvenil<\/h2>\n<p>El Sistema de Garant\u00eda Juvenil se encuadra dentro del plan descrito en punto anterior de Estrategia de Emprendimiento y Empleo Joven y pretende la incorporaci\u00f3n al mercado laboral de los j\u00f3venes mayores de diecis\u00e9is a\u00f1os menores de veinticinco procur\u00e1ndoles una efectiva formaci\u00f3n profesional adem\u00e1s de establecerse bonificaciones a las empresas que contraten j\u00f3venes inscritos en el Sistema de Garant\u00eda Juvenil.<\/p>\n<p>Para poder ser beneficiario de este programa, los j\u00f3venes deber\u00e1n inscribirse en el <a href=\"http:\/\/www.empleo.gob.es\/es\/garantiajuvenil\/accesoJovenes.html\">Fichero del Sistema Nacional de Garant\u00eda Juvenil<\/a>. Para poder registrarse en el Fichero deber\u00e1 realizarse la inscripci\u00f3n de forma telem\u00e1tica. Las personas en riesgo de exclusi\u00f3n social y discapacitadas podr\u00e1n inscribirse de forma presencial.<\/p>\n<p>Los requisitos que se exigen para poder acogerse al programa son los siguientes:<\/p>\n<ul>\n<li>Tener entre 16 y 25 a\u00f1os.<\/li>\n<li>Tener nacionalidad espa\u00f1ola, europea o de alg\u00fan pa\u00eds con acuerdo o ser extranjero que disponga de\u00a0autorizaci\u00f3n para residir en Espa\u00f1a.<\/li>\n<li>Estar empadronado en alguna localidad espa\u00f1ola.<\/li>\n<li>No haber trabajado en los \u00faltimos 30 d\u00edas.<\/li>\n<li>No haber recibido educaci\u00f3n en los \u00faltimos 90 d\u00edas.<\/li>\n<li>No haber recibido formaci\u00f3n en los \u00faltimos 30 d\u00edas.<\/li>\n<li>Adquirir una participaci\u00f3n activa.<\/li>\n<\/ul>\n<p>El portal de Garant\u00eda Juvenil ser\u00e1 la plataforma a trav\u00e9s de la cual, los j\u00f3venes acceder\u00e1n al Registro en el Fichero, pretendiendo ser un punto de encuentro entre ellos, las diferentes administraciones p\u00fablicas y las empresas interesadas en contratar.<\/p>\n<p>Para que los j\u00f3venes puedan recibir toda la informaci\u00f3n que necesiten, el servicio de atenci\u00f3n telef\u00f3nica es el <strong>060<\/strong> y el correo electr\u00f3nico es <a href=\"mailto:info.garantiajuvenil@meyss.es\">info.garantiajuvenil@meyss.es<\/a><\/p>\n<\/div>\n<div class=\"seccion-content\">\n<h2>3. La Tarifa Plana para j\u00f3venes aut\u00f3nomos<\/h2>\n<p>De entre las medidas adoptadas en la Estrategia de Emprendimiento y Empleo Joven destaca la tarifa plana para j\u00f3venes aut\u00f3nomos que hemos descrito en apartados anteriores. Conozcamos un poco m\u00e1s en profundidad en qu\u00e9 consiste:<\/p>\n<p>La tarifa plana en el r\u00e9gimen de aut\u00f3nomos consiste en que durante los 30 primeros meses se aplican una serie de bonificaciones en la cuota de la Seguridad Social:<\/p>\n<ul>\n<li><strong>Reducci\u00f3n del 80%<\/strong>: Durante los 6 primeros meses el joven tiene una tarifa plana de 53\u20ac al mes, teniendo en cuenta que la base de cotizaci\u00f3n es la m\u00e1s baja.<\/li>\n<li><strong>Siguientes 6 meses<\/strong>: Tendr\u00e1n una reducci\u00f3n del 50% en la mensualidad, teniendo que abonar alrededor de 127 euros.<\/li>\n<li><strong>Reducci\u00f3n del 30%<\/strong>: En este caso se abonar\u00e1n durante los siguientes 3 meses la cantidad de 180 euros aproximadamente.<\/li>\n<li><strong>15 \u00faltimos meses<\/strong>: Durante los \u00faltimos 15 meses se obtiene una reducci\u00f3n del 30%, por lo que la persona pagar\u00e1 en torno a los 180 euros cada mes.<\/li>\n<\/ul>\n<p>Los<strong> requisitos <\/strong>para solicitar la ayuda de la tarifa plana son los siguientes<strong>:<\/strong><\/p>\n<ul>\n<li>Ser j\u00f3venes menores de 35 a\u00f1os.<\/li>\n<li>No haber estado dado de alta los \u00faltimos cinco a\u00f1os anteriores.<\/li>\n<li>No tener trabajadores a su cargo.<\/li>\n<\/ul>\n<p>En cuanto a los j\u00f3venes discapacitados, los menores de 35 a\u00f1os tienen una deducci\u00f3n del 80% durante los 12 primeros meses, por lo que pagar\u00e1n 53 euros cada mes, el resto de meses hasta cumplir 4 a\u00f1os m\u00e1s tienen una bonificaci\u00f3n del 50%, teniendo que pagar alrededor de\u00a0<strong>127 euros<\/strong>.<\/p>\n<p>Con la \u00faltima reforma, las personas que superen los 35 a\u00f1os y cumplan el requisito 2 y 3 pueden solicitar esta ayuda.<\/p>\n<\/div>\n<div class=\"seccion-content\">\n<h2>4. La Renta B\u00e1sica de Emancipaci\u00f3n<\/h2>\n<p>Otra de las ayudas que exist\u00edan era la Renta B\u00e1sica de Emancipaci\u00f3n que se configuraba como un conjunto de ayudas orientas a facilitar los j\u00f3venes el acceso a una vivienda de alquiler. Desde el 1 de enero de 2012, la ayuda ha sido derogada por lo que \u00fanicamente pueden continuar percibi\u00e9ndola aquellas personas que la tengan ya reconocida antes del 31 de diciembre de 2011, puesto que no pueden beneficiarse\u00a0nuevos j\u00f3venes.<\/p>\n<p>La renta b\u00e1sica de emancipaci\u00f3n se regula en Real Decreto 1472\/2007 y consiste en una ayuda mensual durante 48 meses hasta cumplir la edad de treinta a\u00f1os, adem\u00e1s de un pr\u00e9stamo para la fianza y un pago \u00fanico de ayuda al aval.<\/p>\n<\/div>\n<div class=\"seccion-content\">\n<h2>5. Otras Ayudas a j\u00f3venes desempleados<\/h2>\n<p>Adem\u00e1s de las medidas y ayudas anteriormente descritas, <strong>los j\u00f3venes desempleados podr\u00e1n acceder a otras <a href=\"http:\/\/cursosinemweb.es\/ayudas-prestaciones-para-desempleados\/\">prestaciones y subsidios<\/a><\/strong> siempre que re\u00fanan los requisitos que se establecen en cada uno de ellos:<\/p>\n<ol>\n<li>Los j\u00f3venes desempleados que hayan cotizado en empleos anteriores un m\u00ednimo de 360 d\u00edas podr\u00e1n solicitar la prestaci\u00f3n por desempleo.<\/li>\n<li>Si no cuentan con cotizaciones suficientes pero si poseen hijos a cargo podr\u00e1n solicitar e<a href=\"http:\/\/cursosinemweb.es\/subsidio-por-desempleo\/\">subsidio por desempleo por insuficiencia de cotizaci\u00f3n<\/a>.<\/li>\n<li>Una vez que hayan agotado las prestaciones anteriores, podr\u00e1n solicitar el <a href=\"http:\/\/cursosinemweb.es\/ayuda-de-400-euros-plan-prepara\/\">Plan Prepara<\/a>.<\/li>\n<li>Las diferentes comunidades aut\u00f3nomas tambi\u00e9n gestionan los denominados <a href=\"http:\/\/cursosinemweb.es\/salarios-sociales\/\">salarios sociales<\/a> o <a href=\"http:\/\/cursosinemweb.es\/las-rentas-de-insercion-autonomicas\/\">rentas de insersci\u00f3n auton\u00f3micas<\/a> para aquellas personas que se encuentran en riesgo de exclusi\u00f3n social.<\/li>\n<\/ol>\n<p>Es importante recordar que los j\u00f3venes desempleados deber\u00e1n inscribirse como demandantes de empleo en el SEPE para poder:<\/p>\n<ul>\n<li><strong>Recibir diversos cursos de formaci\u00f3n<\/strong>: Los j\u00f3venes pueden acceder a cursos de formaci\u00f3n de manera gratuita para completar su formaci\u00f3n y obtener los certificados de profesionalidad correspondientes<\/li>\n<li><strong>Estar en la bolsa de empleo<\/strong>: Los j\u00f3venes que sean demandantes de empleo entrar\u00e1n formar parte de una bolsa de trabajo.<\/li>\n<li><strong>Orientaci\u00f3n laboral<\/strong>: Tienen derecho a la orientaci\u00f3n laboral y al asesoramiento por parte de profesionales.<\/li>\n<\/ul>\n<p>Una vez inscrito como demandante de empleo se tendr\u00e1n\u00a0que sellar el paro de manera peri\u00f3dica. Encontrar\u00e1s m\u00e1s informaci\u00f3n sobre esto en nuestra entrada\u00a0<a href=\"http:\/\/cursosinemweb.es\/como-sellar-el-paro-por-internet\/\">c\u00f3mo sellar el paro por Internet<\/a>.<\/p>\n<\/div>\n<h3><\/h3>\n<p>&nbsp;<\/p>\n<div><\/div>\n<p>Fuente:\u00a0<a href=\"http:\/\/cursosinemweb.es\/ayudas-economicas-para-jovenes\/\">http:\/\/cursosinemweb.es\/ayudas-economicas-para-jovenes\/<\/a><\/p>\n","protected":false},"excerpt":{"rendered":"<p>Han aprobado una propuesta del \u00e1rea de Juventud para ayudar a los j\u00f3venes de familias&#8230;<\/p>\n","protected":false},"author":1,"featured_media":8330,"comment_status":"closed","ping_status":"closed","sticky":false,"template":"","format":"standard","meta":{"_coblocks_attr":"","_coblocks_dimensions":"","_coblocks_responsive_height":"","_coblocks_accordion_ie_support":"","jetpack_post_was_ever_published":false,"_jetpack_newsletter_access":"","_jetpack_dont_email_post_to_subs":false,"_jetpack_newsletter_tier_id":0,"_jetpack_memberships_contains_paywalled_content":false,"_jetpack_memberships_contains_paid_content":false,"footnotes":"","jetpack_publicize_message":"","jetpack_publicize_feature_enabled":true,"jetpack_social_post_already_shared":false,"jetpack_social_options":{"image_generator_settings":{"template":"highway","default_image_id":0,"enabled":false},"version":2}},"categories":[1161,44,15],"tags":[1012,156,2509],"class_list":["post-8329","post","type-post","status-publish","format-standard","has-post-thumbnail","hentry","category-ciudadania","category-noticias-de-hoy","category-ultimas-noticias","tag-derechos","tag-paro","tag-subvenciones"],"jetpack_publicize_connections":[],"jetpack_featured_media_url":"https:\/\/i0.wp.com\/miradordeatarfe.es\/wp-content\/uploads\/2016\/04\/parojuvenil3.jpg?fit=700%2C438&ssl=1","jetpack_likes_enabled":true,"jetpack_sharing_enabled":true,"_links":{"self":[{"href":"https:\/\/miradordeatarfe.es\/index.php?rest_route=\/wp\/v2\/posts\/8329","targetHints":{"allow":["GET"]}}],"collection":[{"href":"https:\/\/miradordeatarfe.es\/index.php?rest_route=\/wp\/v2\/posts"}],"about":[{"href":"https:\/\/miradordeatarfe.es\/index.php?rest_route=\/wp\/v2\/types\/post"}],"author":[{"embeddable":true,"href":"https:\/\/miradordeatarfe.es\/index.php?rest_route=\/wp\/v2\/users\/1"}],"replies":[{"embeddable":true,"href":"https:\/\/miradordeatarfe.es\/index.php?rest_route=%2Fwp%2Fv2%2Fcomments&post=8329"}],"version-history":[{"count":1,"href":"https:\/\/miradordeatarfe.es\/index.php?rest_route=\/wp\/v2\/posts\/8329\/revisions"}],"predecessor-version":[{"id":8331,"href":"https:\/\/miradordeatarfe.es\/index.php?rest_route=\/wp\/v2\/posts\/8329\/revisions\/8331"}],"wp:featuredmedia":[{"embeddable":true,"href":"https:\/\/miradordeatarfe.es\/index.php?rest_route=\/wp\/v2\/media\/8330"}],"wp:attachment":[{"href":"https:\/\/miradordeatarfe.es\/index.php?rest_route=%2Fwp%2Fv2%2Fmedia&parent=8329"}],"wp:term":[{"taxonomy":"category","embeddable":true,"href":"https:\/\/miradordeatarfe.es\/index.php?rest_route=%2Fwp%2Fv2%2Fcategories&post=8329"},{"taxonomy":"post_tag","embeddable":true,"href":"https:\/\/miradordeatarfe.es\/index.php?rest_route=%2Fwp%2Fv2%2Ftags&post=8329"}],"curies":[{"name":"wp","href":"https:\/\/api.w.org\/{rel}","templated":true}]}}