{"id":8332,"date":"2016-04-21T06:53:51","date_gmt":"2016-04-21T06:53:51","guid":{"rendered":"http:\/\/miradordeatarfe.es\/?p=8332"},"modified":"2016-04-20T08:07:40","modified_gmt":"2016-04-20T08:07:40","slug":"francia-eleva-el-salario-minimo-de-sus-trabajadores-a-1-425-euros","status":"publish","type":"post","link":"https:\/\/miradordeatarfe.es\/?p=8332","title":{"rendered":"Francia eleva el salario m\u00ednimo de sus trabajadores a 1.425 euros"},"content":{"rendered":"<div class=\"article-intro\">\n<ul>\n<li style=\"text-align: justify;\">El aumento del 2% se har\u00e1 efectivo en el pa\u00eds vecino a partir del pr\u00f3ximo 1 de julio. Su salario m\u00ednimo ascender\u00e1 a 9,4 euros por hora, frente a los 2,6 de Espa\u00f1a. El Ejecutivo explica que esta subida tiene en cuenta la inflaci\u00f3n del 1,4%.<\/li>\n<\/ul>\n<\/div>\n<p style=\"text-align: justify;\"><!--more--><\/p>\n<div class=\"article-text\" style=\"text-align: justify;\">\n<p>El Gobierno socialista del franc\u00e9s\u00a0Fran\u00e7ois Hollande ha decidido elevar el salario m\u00ednimo de los trabajadores franceses un 2%, hasta los 1.425 euros, <strong>a partir del pr\u00f3ximo 1 de julio<\/strong> de 2012, seg\u00fan inform\u00f3 el Ministerio de Empleo galo.El Ejecutivo explica que este aumento del 2%<strong> tiene en cuenta la inflaci\u00f3n del 1,4% registrada desde la \u00faltima revisi\u00f3n<\/strong> del dato en diciembre de 2011, a lo que el Gobierno ha a\u00f1adido un incremento adicional del 0,6%, el m\u00e1s elevado que se aplica desde 1997.De esta manera el salario m\u00ednimo en Francia ascender\u00e1 a 9,4 euros por hora, lo que equivale a 1.425,67 euros brutos mensuales para un trabajador con una<strong> jornada laboral de 35 horas semanales<\/strong>, 21,5 euros m\u00e1s que hasta ahora.<\/p>\n<h4>Un respiro a los ingresos m\u00e1s bajos<\/h4>\n<p>Con esta medida, el Gobierno pretende tener en cuenta la \u00abaspiraci\u00f3n leg\u00edtima\u00bb a un aumento de los ingresos m\u00e1s bajos, ya que el salario m\u00ednimo no ha registrado una subida superior a la estricta aplicaci\u00f3n de los criterios legales de revalorizaci\u00f3n <strong>desde hace seis a\u00f1os.<\/strong>Asimismo, tambi\u00e9n aclara que la revalorizaci\u00f3n procede de un equilibrio entre el apoyo al poder adquisitivo de los ciudadanos y una progresi\u00f3n \u00abmedida\u00bb del salario m\u00ednimo teniendo en cuenta la \u00ab<strong>complicada situaci\u00f3n econ\u00f3mica y la fragilidad de las empresas<\/strong>, especialmente las m\u00e1s peque\u00f1as\u00bb.<\/p>\n<h4>En Espa\u00f1a: 641, 40 euros mensuales<\/h4>\n<p>El pasado mes de diciembre, el reci\u00e9n aprobado Gobierno de Mariano Rajoy<strong> aprob\u00f3 la congelaci\u00f3n del salario m\u00ednimo<\/strong> interprofesional (SMI) para 2012 en los\u00a0 641,40 euros mensuales, a causa de la \u00abdif\u00edcil coyuntura econ\u00f3mica\u00bb, seg\u00fan confirm\u00f3 la ministra portavoz del Gobierno, Soraya S\u00e1enz de Santamar\u00eda, en rueda de prensa tras el Consejo de Ministros.<\/p>\n<p>Tras subir un 1,3% en 2010, el SMI qued\u00f3 fijado en <strong>21,38 euros al d\u00eda, 2,6 euros la hora <\/strong>o 641,40 euros al mes y en c\u00f3mputo anual en ning\u00fan caso por debajo de los 8.979,60 euros.<\/p>\n<\/div>\n<div class=\"article-text\" style=\"text-align: justify;\"><\/div>\n<div class=\"article-text\" style=\"text-align: justify;\"><a href=\"http:\/\/m.20minutos.es\/noticia\/1525127\/0\/francia-eleva\/salario-minimo-trabajadores\/1425-euros\/?utm_source=Facebook&amp;utm_medium=Social&amp;utm_campaign=Mobile-web\">http:\/\/m.20minutos.es\/noticia\/1525127\/0\/francia-eleva\/salario-minimo-trabajadores\/1425-euros\/?utm_source=Facebook&amp;utm_medium=Social&amp;utm_campaign=Mobile-web<\/a><\/div>\n","protected":false},"excerpt":{"rendered":"<p>El aumento del 2% se har\u00e1 efectivo en el pa\u00eds vecino a partir del pr\u00f3ximo&#8230;<\/p>\n","protected":false},"author":1,"featured_media":8333,"comment_status":"closed","ping_status":"closed","sticky":false,"template":"","format":"standard","meta":{"_coblocks_attr":"","_coblocks_dimensions":"","_coblocks_responsive_height":"","_coblocks_accordion_ie_support":"","jetpack_post_was_ever_published":false,"_jetpack_newsletter_access":"","_jetpack_dont_email_post_to_subs":false,"_jetpack_newsletter_tier_id":0,"_jetpack_memberships_contains_paywalled_content":false,"_jetpack_memberships_contains_paid_content":false,"footnotes":"","jetpack_publicize_message":"","jetpack_publicize_feature_enabled":true,"jetpack_social_post_already_shared":false,"jetpack_social_options":{"image_generator_settings":{"template":"highway","default_image_id":0,"enabled":false},"version":2}},"categories":[1161,186,44,15],"tags":[725,1646,1983],"class_list":["post-8332","post","type-post","status-publish","format-standard","has-post-thumbnail","hentry","category-ciudadania","category-instituciones","category-noticias-de-hoy","category-ultimas-noticias","tag-espana","tag-francia","tag-salario-minimo"],"jetpack_publicize_connections":[],"jetpack_featured_media_url":"https:\/\/i0.wp.com\/miradordeatarfe.es\/wp-content\/uploads\/2016\/04\/67313-620-282.jpg?fit=620%2C282&ssl=1","jetpack_likes_enabled":true,"jetpack_sharing_enabled":true,"_links":{"self":[{"href":"https:\/\/miradordeatarfe.es\/index.php?rest_route=\/wp\/v2\/posts\/8332","targetHints":{"allow":["GET"]}}],"collection":[{"href":"https:\/\/miradordeatarfe.es\/index.php?rest_route=\/wp\/v2\/posts"}],"about":[{"href":"https:\/\/miradordeatarfe.es\/index.php?rest_route=\/wp\/v2\/types\/post"}],"author":[{"embeddable":true,"href":"https:\/\/miradordeatarfe.es\/index.php?rest_route=\/wp\/v2\/users\/1"}],"replies":[{"embeddable":true,"href":"https:\/\/miradordeatarfe.es\/index.php?rest_route=%2Fwp%2Fv2%2Fcomments&post=8332"}],"version-history":[{"count":2,"href":"https:\/\/miradordeatarfe.es\/index.php?rest_route=\/wp\/v2\/posts\/8332\/revisions"}],"predecessor-version":[{"id":8335,"href":"https:\/\/miradordeatarfe.es\/index.php?rest_route=\/wp\/v2\/posts\/8332\/revisions\/8335"}],"wp:featuredmedia":[{"embeddable":true,"href":"https:\/\/miradordeatarfe.es\/index.php?rest_route=\/wp\/v2\/media\/8333"}],"wp:attachment":[{"href":"https:\/\/miradordeatarfe.es\/index.php?rest_route=%2Fwp%2Fv2%2Fmedia&parent=8332"}],"wp:term":[{"taxonomy":"category","embeddable":true,"href":"https:\/\/miradordeatarfe.es\/index.php?rest_route=%2Fwp%2Fv2%2Fcategories&post=8332"},{"taxonomy":"post_tag","embeddable":true,"href":"https:\/\/miradordeatarfe.es\/index.php?rest_route=%2Fwp%2Fv2%2Ftags&post=8332"}],"curies":[{"name":"wp","href":"https:\/\/api.w.org\/{rel}","templated":true}]}}