{"id":8336,"date":"2016-04-19T08:40:46","date_gmt":"2016-04-19T08:40:46","guid":{"rendered":"http:\/\/miradordeatarfe.es\/?p=8336"},"modified":"2016-04-19T08:35:48","modified_gmt":"2016-04-19T08:35:48","slug":"el-ayuntamiento-de-atarfe-pide-ser-acusacion-particular-en-el-caso-medina-elvira-como-afectado","status":"publish","type":"post","link":"https:\/\/miradordeatarfe.es\/?p=8336","title":{"rendered":"El Ayuntamiento de Atarfe pide ser acusaci\u00f3n particular en el caso Medina Elvira como \u00abafectado\u00bb"},"content":{"rendered":"<div class=\"normal\">\n<div class=\"single\">\n<p>Actualmente el municipio es considerado responsable civil subsidiario, por lo que pide poder mantener la doble condici\u00f3n \u00b7 El alcalde estima en 300 millones de euros el incremento de la deuda en caso de ser condenados<span class=\"autor\"><span class=\"autor\"> <a title=\"Entradas de Luis F. Ruiz\" href=\"http:\/\/www.ahoragranada.com\/author\/luis-f-ruiz\/\" rel=\"author\">Luis F. Ruiz<\/a><\/span><\/span><!--more--><\/p>\n<div class=\"contenedor\">\n<p>El Ayuntamiento de <strong>Atarfe <\/strong>ha solicitado al Juzgado de Instrucci\u00f3n 4 de <strong>Granada<\/strong>, que investiga la causa relativa a las licencias de primera ocupaci\u00f3n en un residencial de lujo denominado \u2018Medina Elvira Golf\u2019. En el residencial, pr\u00f3ximo al Embalse del Cubillas, se preve\u00eda la construcci\u00f3n de 3.500 viviendas de las cuales se construyeron 990. De estas se acabaron un total de 430 y se vendieron alrededor de 70, ha destacado el alcalde del municipio.<\/p>\n<p>En el escrito que la localidad ha remitido al juez, dado a conocer por el Ayuntamiento este lunes, se solicita la personaci\u00f3n como acusaci\u00f3n particular al mismo tiempo que se advierte que no se les ha hecho \u201cofrecimiento de acciones\u201d.<\/p>\n<p>Para ello basa su argumentario en la resulta de las actuaciones que el acusado Tom\u00e1s Ruiz Maeso, alcalde de <strong>Atarfe<\/strong> hasta 2015, \u201cpag\u00f3\u201d a un constructor 250.000 euros de caudales p\u00fablicos del municipio \u201csin justificaci\u00f3n alguna\u201d. Del mismo modo argumenta el Ayuntamiento que el equipo de Delitos Econ\u00f3micos de la Guardia Civil constata que de la cantidad de unos 3 millones de euros que deb\u00eda haber recibido \u201cha dejado de percibir de la mercantil Vladiglof S.A. 1,98 millones de euros y que por tanto dicha deuda ir\u00eda en detrimento del Patrimonio Municipal de <strong>Atarfe<\/strong>\u201c.<\/p>\n<p>Tambi\u00e9n incluye en el argumentario que los acusados usaron la empresa p\u00fablica Proyecto Atarfe para que se hiciese cargo de una deuda de dos millones de euros que una empresa deb\u00eda a una entidad financiera, \u201csin que conste el motivo que justifique por qu\u00e9 una empresa p\u00fablica asume la deuda de un particular en favor de un banco\u201d.<\/p>\n<p>El alcalde de la localidad, Francisco Rodr\u00edguez Quesada (Por Atarfe S\u00ed), ha explicado a los periodistas que la asunci\u00f3n de la responsabilidad civil subsidiaria supone \u201cun grave retroceso a la situaci\u00f3n econ\u00f3mica que ya tiene el Ayuntamiento\u201d, del que ha recordado que es \u201cv\u00edctima de todas las acciones irresponsables y presuntamente delictivas de anteriores mandatarios\u201d.<\/p>\n<p>Por ello ha calculado que de producirse una sentencia contraria a los intereses municipales la deuda pasar\u00eda de los 70 millones de euros actuales a los 300 millones de euros: \u201cEstamos en la UVI y queremos que se demuestre que somos v\u00edctimas de la acci\u00f3n de estos mandatarios\u201d, ha se\u00f1alado.<\/p>\n<p>A corto plazo, ha manifestado, la situaci\u00f3n podr\u00eda \u201cestrangular\u201d al Ayuntamiento, y por ello ha reivindicado la colaboraci\u00f3n de todos los \u00f3rganos administrativos y los partidos pol\u00edticos, \u201cespecialmente del PSOE\u201d, al que ha reclamado \u201cun pacto para afrontar la complicada situaci\u00f3n\u201d.<\/p>\n<p>Por su parte, la concejal de Urbanismo y Teniente de alcalde, Rosa F\u00e9lix, ha argumentado que los delitos que se han cometido \u201cvan en contra del Consistorio y de los intereses p\u00fablicos\u201d y que el Ayuntamiento ha estado \u201cmediatizado para servir a los intereses de una asociaci\u00f3n que ha realizado diversos delitos en la causa\u201d.<\/p>\n<p>Teniendo en cuenta la deuda, ha a\u00f1adido, se ha solicitado ser acusaci\u00f3n particular y en el caso de que se mantuviera la situaci\u00f3n respecto a la responsabilidad civil subsidiaria \u201cse acepte la doble condici\u00f3n en la causa\u201d.<\/p>\n<\/div>\n<\/div>\n<\/div>\n<p>PUBLICADO EN : AHORA GRANADA<\/p>\n<p>IDEAL PUBLICA LO SIGUIENTE:<\/p>\n<p>El Ayuntamiento de Atarfe ha solicitado al Juzgado de Instrucci\u00f3n 4 de Granada poder personarse como acusaci\u00f3n particular en la causa del macrocomplejo conocido como Medina Elvira, en la que el juez lo considerara responsable civil subsidiario, y pedir\u00e1 que el Tribunal de Cuentas lo audite.<\/p>\n<p>El alcalde de Atarfe, Francisco Rodr\u00edguez, de Por Atarfe S\u00ed, ha recordado que la petici\u00f3n de personarse como acusaci\u00f3n particular se produce despu\u00e9s de que la Audiencia de Granada devolviera al juez instructor la causa de Medina Elvira para que el Ayuntamiento sea responsable civil subsidiario.<\/p>\n<p>En la causa de Medina Elvira est\u00e1n imputados los exalcaldes de Atarfe V\u00edctor S\u00e1nchez y Tom\u00e1s Ruiz, ambos del PSOE, por las presuntas irregularidades cometidas en la macrourbanizaci\u00f3n, que se dise\u00f1\u00f3 entre 2004 y 2005 para construir 3.500 viviendas que afectaban a una zona de especial protecci\u00f3n e inclu\u00eda un campo de gol abandonado desde 2012.<\/p>\n<p>Rodr\u00edguez ha subrayado que se sienten \u00abv\u00edctimas\u00bb de las acciones irresponsables y \u00abposiblemente delictivas\u00bb de anteriores gobiernos, que han dejado ya una deuda de 70 millones de euros, cuant\u00eda a la que se podr\u00edan sumar otros 300 millones de responsabilidad civil subsidiaria de Medina Elvira, que provoc\u00f3 p\u00e9rdidas valoradas en m\u00e1s de mil millones de euros por las entidades bancarias.<\/p>\n<p>Atarfe ha justificado su situaci\u00f3n de v\u00edctima ante el juez instructor con los documentos y escuchas practicadas por la Guardia Civil y que apuntan que el exalcalde Tom\u00e1s Ruiz pag\u00f3 partidas que no le correspond\u00edan al Ayuntamiento, dej\u00f3 de cobrar otras y ejecut\u00f3 avales para repartirlos \u00abcomo buenos hermanos\u00bb, seg\u00fan el documento presentado por el municipio y al que ha tenido acceso Efe.<\/p>\n<p>Seg\u00fan los datos del equipo de delitos inform\u00e1ticos de la Guardia Civil que recoge la petici\u00f3n judicial del equipo de Gobierno, el Ayuntamiento cobr\u00f3 algo m\u00e1s de un mill\u00f3n de los m\u00e1s de tres que debi\u00f3 ingresar por la gesti\u00f3n de los terrenos de Medina Elvira, entre otras partidas \u00abque no se ajustan a derecho\u00bb.<\/p>\n<p>La concejal de Urbanismo y Vivienda de Atarfe, Rosa Mar\u00eda F\u00e9lix, ha explicado que por este tipo de comportamientos se sienten v\u00edctimas, aunque ha recalcado que responder\u00e1n a las demandas de los afectados por la urbanizaci\u00f3n y que piden al menos compatibilizar las dos posiciones en sede judicial.<\/p>\n<p>Adem\u00e1s, ha anunciado que pedir\u00e1n al Tribunal de Cuentas que realice una auditor\u00eda del municipio sobre los a\u00f1os con posibles delitos que no hayan prescrito, una solicitud que formalizar\u00e1n en breve para dotar de transparencia al municipio.<\/p>\n<p>F\u00e9lix ha recalcado que el actual equipo y los 18.000 vecinos de Atarfe no son responsables sino v\u00edctimas y el alcalde ha apuntado que las consecuencias de \u00abnoches de delirios, viajes a Cuba, corridas de toros o desmanes urban\u00edsticos\u00bb dejan al municipio en \u00abla UVI\u00bb y con una complicada gesti\u00f3n, por lo que han pedido responsabilidad y apoyo a los partidos de la oposici\u00f3n.<\/p>\n","protected":false},"excerpt":{"rendered":"<p>Actualmente el municipio es considerado responsable civil subsidiario, por lo que pide poder mantener la&#8230;<\/p>\n","protected":false},"author":1,"featured_media":8338,"comment_status":"closed","ping_status":"closed","sticky":false,"template":"","format":"standard","meta":{"_coblocks_attr":"","_coblocks_dimensions":"","_coblocks_responsive_height":"","_coblocks_accordion_ie_support":"","jetpack_post_was_ever_published":false,"_jetpack_newsletter_access":"","_jetpack_dont_email_post_to_subs":false,"_jetpack_newsletter_tier_id":0,"_jetpack_memberships_contains_paywalled_content":false,"_jetpack_memberships_contains_paid_content":false,"footnotes":"","jetpack_publicize_message":"","jetpack_publicize_feature_enabled":true,"jetpack_social_post_already_shared":false,"jetpack_social_options":{"image_generator_settings":{"template":"highway","default_image_id":0,"enabled":false},"version":2}},"categories":[2,44,15],"tags":[81,64,922],"class_list":["post-8336","post","type-post","status-publish","format-standard","has-post-thumbnail","hentry","category-atarfe","category-noticias-de-hoy","category-ultimas-noticias","tag-atarfe","tag-corrupcion","tag-viviendas"],"jetpack_publicize_connections":[],"jetpack_featured_media_url":"https:\/\/i0.wp.com\/miradordeatarfe.es\/wp-content\/uploads\/2016\/04\/23_01_2016-Medina-Elvira-Atarfe-LFR-47-958x538.jpg?fit=958%2C538&ssl=1","jetpack_likes_enabled":true,"jetpack_sharing_enabled":true,"_links":{"self":[{"href":"https:\/\/miradordeatarfe.es\/index.php?rest_route=\/wp\/v2\/posts\/8336","targetHints":{"allow":["GET"]}}],"collection":[{"href":"https:\/\/miradordeatarfe.es\/index.php?rest_route=\/wp\/v2\/posts"}],"about":[{"href":"https:\/\/miradordeatarfe.es\/index.php?rest_route=\/wp\/v2\/types\/post"}],"author":[{"embeddable":true,"href":"https:\/\/miradordeatarfe.es\/index.php?rest_route=\/wp\/v2\/users\/1"}],"replies":[{"embeddable":true,"href":"https:\/\/miradordeatarfe.es\/index.php?rest_route=%2Fwp%2Fv2%2Fcomments&post=8336"}],"version-history":[{"count":3,"href":"https:\/\/miradordeatarfe.es\/index.php?rest_route=\/wp\/v2\/posts\/8336\/revisions"}],"predecessor-version":[{"id":8355,"href":"https:\/\/miradordeatarfe.es\/index.php?rest_route=\/wp\/v2\/posts\/8336\/revisions\/8355"}],"wp:featuredmedia":[{"embeddable":true,"href":"https:\/\/miradordeatarfe.es\/index.php?rest_route=\/wp\/v2\/media\/8338"}],"wp:attachment":[{"href":"https:\/\/miradordeatarfe.es\/index.php?rest_route=%2Fwp%2Fv2%2Fmedia&parent=8336"}],"wp:term":[{"taxonomy":"category","embeddable":true,"href":"https:\/\/miradordeatarfe.es\/index.php?rest_route=%2Fwp%2Fv2%2Fcategories&post=8336"},{"taxonomy":"post_tag","embeddable":true,"href":"https:\/\/miradordeatarfe.es\/index.php?rest_route=%2Fwp%2Fv2%2Ftags&post=8336"}],"curies":[{"name":"wp","href":"https:\/\/api.w.org\/{rel}","templated":true}]}}