{"id":83481,"date":"2026-04-26T11:14:23","date_gmt":"2026-04-26T09:14:23","guid":{"rendered":"https:\/\/miradordeatarfe.es\/?p=83481"},"modified":"2026-04-26T13:23:56","modified_gmt":"2026-04-26T11:23:56","slug":"la-atarfena-la-primera-influencer-de-granada","status":"publish","type":"post","link":"https:\/\/miradordeatarfe.es\/?p=83481","title":{"rendered":"La Atarfe\u00f1a, la primera influencer de Granada"},"content":{"rendered":"<h3 class=\"v-a-sub-t \" style=\"text-align: justify;\">Susana Poyatos rinde tributo con una colecci\u00f3n a Luisa Jim\u00e9nez, torera, amiga de Lorca, modelo y actriz que marc\u00f3 tendencia a principios del siglo XX<\/h3>\n<p class=\"v-p\" style=\"text-align: justify;\">Susana era adolescente cuando una se\u00f1ora que superaba los setenta, \u00abde porte majestuoso\u00bb, visit\u00f3 su casa en la calle Sevilla. Se llamaba Mar\u00eda Luisa y era la t\u00eda de su madre. La joven qued\u00f3 fascinada por la presencia de aquella mujer y comenz\u00f3 a investigar sobre su vida. Cada nuevo dato resultaba m\u00e1s sorprendente que el anterior. Torera, amiga de Federico Garc\u00eda Lorca, encarcelada como presunta esp\u00eda, actriz en Hollywood, esquiadora en Sierra Nevada&#8230; pero sobre todo una dama que vest\u00eda quimonos japoneses cuando paseaba por el centro de Granada a principios del siglo XX. S\u00ed, aquel personajazo era Mar\u00eda Luisa Jim\u00e9nez &#8216;La Atarfe\u00f1a&#8217;. Falleci\u00f3 en 1983, pero si viviera hoy d\u00eda, ser\u00eda una influencer con millones de seguidores en redes sociales.<\/p>\n<p class=\"v-p\" style=\"text-align: justify;\">Por eso, por la impronta que dej\u00f3 Mar\u00eda Luisa en Susana, esta le ha dedicado a aquella, su t\u00eda abuela, una colecci\u00f3n de moda que se pudo ver hace unos a\u00f1os en la mism\u00edsima Madrid Fashion Week y que este domingo se podr\u00e1 observar (18.00 horas en el Mori Lab Club), convenientemente actualizada, en una exposici\u00f3n organizada en Granada con motivo de una jornada sobre la Ruta de la Seda. Porque la seda es, en efecto, el tejido b\u00e1sico con el que la granadina Susana Poyatos, uno de los grandes referentes de la alta costura en Andaluc\u00eda, confeccion\u00f3 esta serie bajo el influjo de la Atarfe\u00f1a y que titul\u00f3 gen\u00e9ricamente &#8216;Luisa&#8217;.<\/p>\n<div class=\"v-c-cmp v-c-cmp--m\" style=\"text-align: justify;\">\n<div class=\"v-cmp-m \">\n<div class=\"v-a v-a--cmp-m v-c-cmp--m-z\">\n<div class=\"v-a-img-c \">\n<figure class=\"v-a-fig\">\n<div class=\"v-a-link\"><img data-recalc-dims=\"1\" loading=\"lazy\" decoding=\"async\" class=\"v-a-img alignleft\" src=\"https:\/\/i0.wp.com\/s1.ppllstatics.com\/ideal\/www\/multimedia\/2026\/04\/24\/Reportaje%20sobre%20colecci%C3%B3n%20de%20moda%20dedicada%20a%20la%20Atarfe%C3%B1a.%20Foto%20de%20Jorge%20Pastor%20%285%29-U45802200712MvJ-748x524%40Ideal.jpg?resize=581%2C407&#038;ssl=1\" alt=\"Susana ultima uno de los looks que expondr\u00e1 este domingo.\" width=\"581\" height=\"407\" data-voc-vtm-id=\"in-text-traffic\" \/><\/div><figcaption class=\"v-fc \"><span class=\"v-fc__t\">Susana ultima uno de los looks que expondr\u00e1 este domingo. <\/span> <span class=\"v-fc__p\"> JORGE PASTOR <\/span><\/figcaption><\/figure>\n<\/div>\n<\/div>\n<\/div>\n<\/div>\n<p class=\"v-p\" style=\"text-align: justify;\">M\u00e1s all\u00e1 de los espectaculares dise\u00f1os \u2013todos se pueden adquirir en su tienda de la calle San Ant\u00f3n\u2013, Susana plasma su arte pintando sobre los vestidos figuras femeninas inspiradas en la Atarfe\u00f1a, de la que existen infinidad de fotograf\u00edas que resaltan su estilo \u00fanico. \u00abEl micado, que tiene una rigidez similar a la de un lienzo, me permite dibujar como si fuera un \u00f3leo o utilizando rotuladores textiles\u00bb, comenta Susana Poyatos, quien agrega que las prendas suelen llevar estampados de lunares y est\u00e1n meticulosamente rematadas a mano en su taller de Granada.<\/p>\n<p class=\"v-p\" style=\"text-align: justify;\">Susana ha investigado en profundidad la vida y obra de su pariente, aunque tambi\u00e9n hay expertos que la han estudiado con detalle. La profesora de la Universidad de Granada, Ana G\u00f3mez Rom\u00e1n, le dedic\u00f3 hace un par de a\u00f1os una conferencia en Guadix. S\u00ed, en Guadix porque Mar\u00eda Luisa Jim\u00e9nez Carvajal naci\u00f3 el 12 de noviembre de 1911 en la localidad accitana, en el seno de una familia formada por ocho hermanos. Muy joven, con tan solo nueve a\u00f1os, se march\u00f3 a Granada junto a su familia. En 1912 su padre Alfonso abri\u00f3 el famoso hotel San Pedro en la plaza Campoverde. Famoso porque all\u00ed se alojaban los matadores de toros que oficiaban en el coso granadino, que por aquel entonces se hallaba en los Jardines del Triunfo.<\/p>\n<p class=\"v-p\" style=\"text-align: justify;\">Y all\u00ed, en el Hotel San Pedro, fue donde Luisa conoci\u00f3 en 1931 al diestro de Atarfe Miguel Morilla Espinar, con el que se cas\u00f3. Un matrimonio que dur\u00f3 poco porque el morlaco Estrellito lo corne\u00f3 mortalmente el 2 de septiembre de 1934 en la Plaza del Triunfo. Su hijo Miguel, que en aquel momento ten\u00eda diecisiete meses, a\u00fan vive \u2013tambi\u00e9n sus nietas Bego\u00f1a y Susana\u2013. Un a\u00f1o despu\u00e9s, Luisa se hizo torera por amor y por mantener indeleble el esp\u00edritu del Atarfe\u00f1o. No vest\u00eda de luces, sino de corto, con pantal\u00f3n negro, chaquetilla de piqu\u00e9 blanco, camisa y gorra. Tambi\u00e9n llevaba una cinta negra en su brazo izquierdo en recuerdo de su marido. Luisa lleg\u00f3 a lidiar entre treinta y cuarenta becerradas durante un a\u00f1o.<\/p>\n<p class=\"v-p\" style=\"text-align: justify;\">Cuando estall\u00f3 la Guerra Civil fue detenida en la zona republicana tras refugiarse en Almer\u00eda. Le acusaron de facilitar informaci\u00f3n al bando golpista de Franco. Estuvo encarcelada entre febrero de 1937 y marzo de 1939.<\/p>\n<div class=\"v-c-cmp v-n-mrg\" style=\"text-align: justify;\">\n<h3 class=\"v-cmp-suh\">Versos que la inmortalizaron<\/h3>\n<\/div>\n<p class=\"v-p\" style=\"text-align: justify;\">Pero Luisa Jim\u00e9nez pas\u00f3 a la posteridad porque el mism\u00edsimo Federico Garc\u00eda Lorca, con el que coincid\u00eda en los c\u00edrculos art\u00edsticos de Granada \u2013acud\u00eda a ellos acompa\u00f1ando a su marido\u2013, le dedic\u00f3 un precioso poema. \u00abGrana\u00edna y morena, ritmo y rango, aire, clavel y albahaca, un fino cuerpo, en la castiza capa y en los labios, los ecos gitanos de un tango\u00bb, escribi\u00f3 Lorca en los primeros versos.<\/p>\n<div class=\"v-c-cmp v-c-cmp--s\">\n<div class=\"v-cmp-m \">\n<div class=\"v-a v-a--cmp-m v-c-cmp--m-p\">\n<div class=\"v-a-img-c \">\n<figure class=\"v-a-fig\">\n<div class=\"v-a-link\" style=\"text-align: justify;\"><img data-recalc-dims=\"1\" loading=\"lazy\" decoding=\"async\" class=\"v-a-img alignleft\" src=\"https:\/\/i0.wp.com\/s3.ppllstatics.com\/ideal\/www\/multimedia\/2026\/04\/24\/Luisa%20%2810%29-U25036108263MVT-650x975%40Ideal.jpeg?resize=143%2C215&#038;ssl=1\" alt=\"Luisa con quimono.\" width=\"143\" height=\"215\" data-voc-vtm-id=\"in-text-traffic\" \/><\/div><figcaption class=\"v-fc \"><span class=\"v-fc__t\"> Luisa con quimono. <\/span> <span class=\"v-fc__p\"> IDEAL <\/span><\/figcaption><\/figure>\n<\/div>\n<\/div>\n<\/div>\n<\/div>\n<p class=\"v-p\" style=\"text-align: justify;\">\u00abLuisa \u2013explica Susana Poyatos\u2013 destac\u00f3 junto a su hermana Pepita por su deslumbrante belleza y su distinci\u00f3n al vestir\u00bb. \u00abSiempre manifest\u00f3 una personalidad singular, liberal e independiente, rasgos poco comunes en su \u00e9poca\u00bb. Susana comenta que la biograf\u00eda de Luisa, a la que tambi\u00e9n llamaban Luisita Jim\u00e9nez o La Pasionaria del Albaic\u00edn, est\u00e1 trufada de an\u00e9cdotas casi novelescas: desde una propuesta de interpretar una pel\u00edcula en Hollywood hasta ese episodio oscuro que la recluy\u00f3 durante dos a\u00f1os en las prisiones de \u00dabeda y Baza. Su esp\u00edritu inquieto la llev\u00f3 a ser pionera en diferentes \u00e1mbitos. Hay documentos gr\u00e1ficos que la muestran desliz\u00e1ndose por las laderas de Sierra Nevada, rompiendo moldes sociales.<\/p>\n<p>Luisa, que fue modelo de Lilia Busse y Eugenia Loutchinsky, pose\u00eda una capacidad innata de marcar tendencia. Iba a Madrid a adquirir calzado a medida y luc\u00eda ba\u00f1adores que desafiaban los convencionalismos. Fue, sin lugar a dudas, la primera influencer de Granada.<\/p>\n<p>&nbsp;<\/p>\n<div class=\"v-c-cmp\" style=\"text-align: justify;\">\n<div class=\"v-cmp-cmb\">\n<figure class=\"v-cmp-cmb__fig\">\n<div class=\"v-cmp-cmb__c\"><img data-recalc-dims=\"1\" loading=\"lazy\" decoding=\"async\" class=\"alignnone wp-image-83482  aligncenter\" src=\"https:\/\/i0.wp.com\/miradordeatarfe.es\/wp-content\/uploads\/2026\/04\/Screenshot-2026-04-25-at-11-06-56-La-Atarfena-la-primera-influencer-de-Granada-Ideal.png?resize=640%2C747&#038;ssl=1\" alt=\"\" width=\"640\" height=\"747\" srcset=\"https:\/\/i0.wp.com\/miradordeatarfe.es\/wp-content\/uploads\/2026\/04\/Screenshot-2026-04-25-at-11-06-56-La-Atarfena-la-primera-influencer-de-Granada-Ideal.png?w=687&amp;ssl=1 687w, https:\/\/i0.wp.com\/miradordeatarfe.es\/wp-content\/uploads\/2026\/04\/Screenshot-2026-04-25-at-11-06-56-La-Atarfena-la-primera-influencer-de-Granada-Ideal.png?resize=257%2C300&amp;ssl=1 257w\" sizes=\"auto, (max-width: 640px) 100vw, 640px\" \/><\/div><figcaption class=\"v-fc\"><span class=\"v-fc__t\"> Trabajando en el estudio. <\/span> <span class=\"v-fc__p\"> JORGE PASTOR <\/span><\/figcaption><\/figure>\n<\/div>\n<\/div>\n<p class=\"v-p\" style=\"text-align: justify;\"><span class=\"v-fc__p\"><strong> JORGE PASTOR<\/strong> <\/span><\/p>\n<p>FOTO: <span class=\"v-fc__t\">Luisa, tocada con sombrero, deslumbr\u00f3 por su estilo.<\/span> <span class=\"v-fc__p\">IDEAL<\/span><\/p>\n<p>https:\/\/www.ideal.es\/culturas\/atarfena-primera-influencer-granada-20260424183632-nt.html#vca=fixed-btn&#038;vso=elideal&#038;vmc=unknow&#038;vli=culturas<\/p>\n","protected":false},"excerpt":{"rendered":"<p>Susana Poyatos rinde tributo con una colecci\u00f3n a Luisa Jim\u00e9nez, torera, amiga de Lorca, modelo&#8230;<\/p>\n","protected":false},"author":1,"featured_media":83484,"comment_status":"closed","ping_status":"closed","sticky":false,"template":"","format":"standard","meta":{"_coblocks_attr":"","_coblocks_dimensions":"","_coblocks_responsive_height":"","_coblocks_accordion_ie_support":"","jetpack_post_was_ever_published":false,"_jetpack_newsletter_access":"","_jetpack_dont_email_post_to_subs":false,"_jetpack_newsletter_tier_id":0,"_jetpack_memberships_contains_paywalled_content":false,"_jetpack_memberships_contains_paid_content":false,"footnotes":"","jetpack_publicize_message":"","jetpack_publicize_feature_enabled":true,"jetpack_social_post_already_shared":true,"jetpack_social_options":{"image_generator_settings":{"template":"highway","default_image_id":0,"enabled":false},"version":2}},"categories":[2,1161,186,44,6539],"tags":[],"class_list":["post-83481","post","type-post","status-publish","format-standard","has-post-thumbnail","hentry","category-atarfe","category-ciudadania","category-instituciones","category-noticias-de-hoy","category-personajes-de-ataref"],"jetpack_publicize_connections":[],"jetpack_featured_media_url":"https:\/\/i0.wp.com\/miradordeatarfe.es\/wp-content\/uploads\/2026\/04\/Luisa-3-R4yxNM1QkDlvUhLv6sHpaVO-1200x840%40Ideal.webp?fit=1200%2C840&ssl=1","jetpack_likes_enabled":true,"jetpack_sharing_enabled":true,"_links":{"self":[{"href":"https:\/\/miradordeatarfe.es\/index.php?rest_route=\/wp\/v2\/posts\/83481","targetHints":{"allow":["GET"]}}],"collection":[{"href":"https:\/\/miradordeatarfe.es\/index.php?rest_route=\/wp\/v2\/posts"}],"about":[{"href":"https:\/\/miradordeatarfe.es\/index.php?rest_route=\/wp\/v2\/types\/post"}],"author":[{"embeddable":true,"href":"https:\/\/miradordeatarfe.es\/index.php?rest_route=\/wp\/v2\/users\/1"}],"replies":[{"embeddable":true,"href":"https:\/\/miradordeatarfe.es\/index.php?rest_route=%2Fwp%2Fv2%2Fcomments&post=83481"}],"version-history":[{"count":3,"href":"https:\/\/miradordeatarfe.es\/index.php?rest_route=\/wp\/v2\/posts\/83481\/revisions"}],"predecessor-version":[{"id":83486,"href":"https:\/\/miradordeatarfe.es\/index.php?rest_route=\/wp\/v2\/posts\/83481\/revisions\/83486"}],"wp:featuredmedia":[{"embeddable":true,"href":"https:\/\/miradordeatarfe.es\/index.php?rest_route=\/wp\/v2\/media\/83484"}],"wp:attachment":[{"href":"https:\/\/miradordeatarfe.es\/index.php?rest_route=%2Fwp%2Fv2%2Fmedia&parent=83481"}],"wp:term":[{"taxonomy":"category","embeddable":true,"href":"https:\/\/miradordeatarfe.es\/index.php?rest_route=%2Fwp%2Fv2%2Fcategories&post=83481"},{"taxonomy":"post_tag","embeddable":true,"href":"https:\/\/miradordeatarfe.es\/index.php?rest_route=%2Fwp%2Fv2%2Ftags&post=83481"}],"curies":[{"name":"wp","href":"https:\/\/api.w.org\/{rel}","templated":true}]}}