{"id":83487,"date":"2026-05-01T11:20:59","date_gmt":"2026-05-01T09:20:59","guid":{"rendered":"https:\/\/miradordeatarfe.es\/?p=83487"},"modified":"2026-05-01T10:20:43","modified_gmt":"2026-05-01T08:20:43","slug":"nuria-garay-amaro-mujer-referente-en-andalucia","status":"publish","type":"post","link":"https:\/\/miradordeatarfe.es\/?p=83487","title":{"rendered":"La atarfe\u00f1a Nuria Garay Amaro mujer referente en Andaluc\u00eda"},"content":{"rendered":"<h3 class=\"gb-text gb-text-f403a400\" style=\"text-align: justify;\">Las 36 mujeres referentes de Andaluc\u00eda.\u00a0Andaluc\u00eda se proyecta hacia el futuro impulsada por el talento, la determinaci\u00f3n y la visi\u00f3n de mujeres que est\u00e1n transformando cada \u00e1mbito de su sociedad.<\/h3>\n<p style=\"text-align: justify;\"><img data-recalc-dims=\"1\" loading=\"lazy\" decoding=\"async\" class=\"alignnone wp-image-83488 size-full\" src=\"https:\/\/i0.wp.com\/miradordeatarfe.es\/wp-content\/uploads\/2026\/04\/mujeres-lideres-andalucia-1.jpg?resize=640%2C360&#038;ssl=1\" alt=\"\" width=\"640\" height=\"360\" srcset=\"https:\/\/i0.wp.com\/miradordeatarfe.es\/wp-content\/uploads\/2026\/04\/mujeres-lideres-andalucia-1.jpg?w=1920&amp;ssl=1 1920w, https:\/\/i0.wp.com\/miradordeatarfe.es\/wp-content\/uploads\/2026\/04\/mujeres-lideres-andalucia-1.jpg?resize=300%2C169&amp;ssl=1 300w, https:\/\/i0.wp.com\/miradordeatarfe.es\/wp-content\/uploads\/2026\/04\/mujeres-lideres-andalucia-1.jpg?resize=1024%2C576&amp;ssl=1 1024w, https:\/\/i0.wp.com\/miradordeatarfe.es\/wp-content\/uploads\/2026\/04\/mujeres-lideres-andalucia-1.jpg?resize=768%2C432&amp;ssl=1 768w, https:\/\/i0.wp.com\/miradordeatarfe.es\/wp-content\/uploads\/2026\/04\/mujeres-lideres-andalucia-1.jpg?resize=1536%2C864&amp;ssl=1 1536w, https:\/\/i0.wp.com\/miradordeatarfe.es\/wp-content\/uploads\/2026\/04\/mujeres-lideres-andalucia-1.jpg?resize=1320%2C743&amp;ssl=1 1320w\" sizes=\"auto, (max-width: 640px) 100vw, 640px\" \/><\/p>\n<p style=\"text-align: justify;\">Desde el medio Mujeres L\u00edderes, y en el marco de las actividades conmemorativas del 8 de Marzo, D\u00eda Internacional de la Mujer, estamos preparando un suplemento especial dedicado al liderazgo femenino en Andaluc\u00eda. Ser\u00e1 una edici\u00f3n monogr\u00e1fica en la que reuniremos voces, trayectorias y proyectos impulsados por mujeres que, desde todos los rincones de la comunidad, est\u00e1n transformando la econom\u00eda, el medio ambiente, la cultura, la ciencia, la educaci\u00f3n, el deporte o la innovaci\u00f3n social con una mirada propia y un compromiso firme con la igualdad.\u200b<\/p>\n<p style=\"text-align: justify;\">Como avance de este trabajo,\u00a0 publicamos la lista de las 36 Mujeres L\u00edderes de Andaluc\u00eda, galardonadas en las diferentes ediciones provinciales. Son perfiles que van desde la investigaci\u00f3n biom\u00e9dica a la alta tecnolog\u00eda aplicada a la salud, desde la econom\u00eda azul y la agricultura sostenible hasta la creaci\u00f3n art\u00edstica, la divulgaci\u00f3n cient\u00edfica, el emprendimiento rural, la comunicaci\u00f3n con prop\u00f3sito o el liderazgo en sectores tradicionalmente masculinizados como la construcci\u00f3n o la seguridad.\u200b<\/p>\n<p style=\"text-align: justify;\">Este primer reconocimiento colectivo, que hoy compartimos con nuestras lectoras y lectores, es solo el inicio de un relato m\u00e1s amplio que el suplemento especial permitir\u00e1 desarrollar con profundidad: el de una Andaluc\u00eda que innova con rostro de mujer y que demuestra, con datos y ejemplos concretos, que apoyar el liderazgo femenino es una apuesta estrat\u00e9gica de futuro.<\/p>\n<p style=\"text-align: justify;\">En el art\u00edculo que puedes encontrar en este enlace, publicamos<strong> las mujeres destacas de la provincia de Granada<\/strong>:<a href=\"https:\/\/mlmujereslideres.com\/mujeres-referentes-andalucia\/?fbclid=IwY2xjawRUyt5leHRuA2FlbQIxMQBzcnRjBmFwcF9pZBAyMjIwMzkxNzg4MjAwODkyAAEekKSrsHy2SvarTmwVx1YwJbyoiH0GbuO-fpuNtakJLaqCIF5-Toc5EPXQ1gg_aem_fUwvzbaczkWMUqUbqfoH6g\"> https:\/\/mlmujereslideres.com\/mujeres-referentes-andalucia\/?fbclid=IwY2xjawRUyt5leHRuA2FlbQIxMQBzcnRjBmFwcF9pZBAyMjIwMzkxNzg4MjAwODkyAAEekKSrsHy2SvarTmwVx1YwJbyoiH0GbuO-fpuNtakJLaqCIF5-Toc5EPXQ1gg_aem_fUwvzbaczkWMUqUbqfoH6g<\/a><\/p>\n<h3 class=\"wp-block-heading\" style=\"text-align: justify;\">Granada y Costa Tropical<\/h3>\n<h4 class=\"wp-block-heading\" style=\"text-align: justify;\">Angela Polo Correa<\/h4>\n<figure class=\"wp-block-image size-full\" style=\"text-align: justify;\"><img data-recalc-dims=\"1\" loading=\"lazy\" decoding=\"async\" class=\"wp-image-878\" src=\"https:\/\/i0.wp.com\/mlmujereslideres.com\/wp-content\/uploads\/2026\/03\/m-angela-polo-costa.jpg?resize=640%2C427&#038;ssl=1\" sizes=\"auto, (max-width: 960px) 100vw, 960px\" srcset=\"https:\/\/mlmujereslideres.com\/wp-content\/uploads\/2026\/03\/m-angela-polo-costa.jpg 960w, https:\/\/mlmujereslideres.com\/wp-content\/uploads\/2026\/03\/m-angela-polo-costa-300x200.jpg 300w, https:\/\/mlmujereslideres.com\/wp-content\/uploads\/2026\/03\/m-angela-polo-costa-768x512.jpg 768w\" alt=\"M Angela Polo Costa\" width=\"640\" height=\"427\" \/><\/figure>\n<p style=\"text-align: justify;\">Desde hace 20 a\u00f1os, esta empresaria motrile\u00f1a dirige su propia agencia de seguros, enfoc\u00e1ndose en el empoderamiento femenino y el liderazgo empresarial. Es presidenta de la Asociaci\u00f3n de Empresarias EMAS y ha participado en la creaci\u00f3n de un sindicato para monitores de Escuelas Taller.\u00a0Asimismo, ha formado parte del comit\u00e9 de la Asociaci\u00f3n de Empresarios de la Costa Tropical (AECOST).<\/p>\n<h4 class=\"wp-block-heading\" style=\"text-align: justify;\">Mar\u00eda de la O Palomares Alabarce<\/h4>\n<figure class=\"wp-block-image size-large\" style=\"text-align: justify;\"><img data-recalc-dims=\"1\" loading=\"lazy\" decoding=\"async\" class=\"wp-image-879\" src=\"https:\/\/i0.wp.com\/mlmujereslideres.com\/wp-content\/uploads\/2026\/03\/maria-palomares-costa-682x1024.jpg?resize=640%2C961&#038;ssl=1\" sizes=\"auto, (max-width: 682px) 100vw, 682px\" srcset=\"https:\/\/mlmujereslideres.com\/wp-content\/uploads\/2026\/03\/maria-palomares-costa-682x1024.jpg 682w, https:\/\/mlmujereslideres.com\/wp-content\/uploads\/2026\/03\/maria-palomares-costa-200x300.jpg 200w, https:\/\/mlmujereslideres.com\/wp-content\/uploads\/2026\/03\/maria-palomares-costa-768x1153.jpg 768w, https:\/\/mlmujereslideres.com\/wp-content\/uploads\/2026\/03\/maria-palomares-costa-1023x1536.jpg 1023w, https:\/\/mlmujereslideres.com\/wp-content\/uploads\/2026\/03\/maria-palomares-costa.jpg 1066w\" alt=\"Maria Palomares Costa\" width=\"640\" height=\"961\" \/><\/figure>\n<p style=\"text-align: justify;\">Directora t\u00e9cnica del Club Gimnasia R\u00edtmica Costa Tropical en Granada, lleva m\u00e1s de 30 a\u00f1os promoviendo el deporte y los valores de esfuerzo y compa\u00f1erismo. Es pionera en la inclusi\u00f3n de g\u00e9nero en su disciplina y lidera eventos ben\u00e9ficos que fortalecen la cohesi\u00f3n social, consolidando su club como un referente de salud y empoderamiento femenino en la costa.<\/p>\n<h4 class=\"wp-block-heading\" style=\"text-align: justify;\">Mar\u00eda Jos\u00e9 Gil Rodr\u00edguez<\/h4>\n<figure class=\"wp-block-image size-large\" style=\"text-align: justify;\"><img data-recalc-dims=\"1\" loading=\"lazy\" decoding=\"async\" class=\"wp-image-877\" src=\"https:\/\/i0.wp.com\/mlmujereslideres.com\/wp-content\/uploads\/2026\/03\/M-jose-gil-granada-1024x737.jpg?resize=640%2C461&#038;ssl=1\" sizes=\"auto, (max-width: 1024px) 100vw, 1024px\" srcset=\"https:\/\/mlmujereslideres.com\/wp-content\/uploads\/2026\/03\/M-jose-gil-granada-1024x737.jpg 1024w, https:\/\/mlmujereslideres.com\/wp-content\/uploads\/2026\/03\/M-jose-gil-granada-300x216.jpg 300w, https:\/\/mlmujereslideres.com\/wp-content\/uploads\/2026\/03\/M-jose-gil-granada-768x553.jpg 768w, https:\/\/mlmujereslideres.com\/wp-content\/uploads\/2026\/03\/M-jose-gil-granada-1536x1106.jpg 1536w, https:\/\/mlmujereslideres.com\/wp-content\/uploads\/2026\/03\/M-jose-gil-granada.jpg 1560w\" alt=\"M Jose Gil Granada\" width=\"640\" height=\"461\" \/><\/figure>\n<p style=\"text-align: justify;\">Ingeniera de caminos, canales y puertos por la Universidad de Granada, cuenta con m\u00e1steres en Prevenci\u00f3n de Riesgos Laborales y en Conservaci\u00f3n y Explotaci\u00f3n de Carreteras. Actualmente ampl\u00eda su formaci\u00f3n en Inteligencia Artificial y Sostenibilidad. Es fundadora y CEO de MJ Ingenier\u00eda, empresa especializada en obra civil y edificaci\u00f3n. Adem\u00e1s, desempe\u00f1a el cargo de secretaria general en la Asociaci\u00f3n de Mujeres por los Objetivos de Desarrollo Sostenible (MODS).<\/p>\n<h4 class=\"wp-block-heading\" style=\"text-align: justify;\">Mar\u00eda Jos\u00e9 S\u00e1nchez P\u00e9rez<\/h4>\n<figure class=\"wp-block-image size-large\" style=\"text-align: justify;\"><img data-recalc-dims=\"1\" loading=\"lazy\" decoding=\"async\" class=\"wp-image-874\" src=\"https:\/\/i0.wp.com\/mlmujereslideres.com\/wp-content\/uploads\/2026\/03\/MJose-Sanchez-granada-1024x784.jpg?resize=640%2C490&#038;ssl=1\" sizes=\"auto, (max-width: 1024px) 100vw, 1024px\" srcset=\"https:\/\/mlmujereslideres.com\/wp-content\/uploads\/2026\/03\/MJose-Sanchez-granada-1024x784.jpg 1024w, https:\/\/mlmujereslideres.com\/wp-content\/uploads\/2026\/03\/MJose-Sanchez-granada-300x230.jpg 300w, https:\/\/mlmujereslideres.com\/wp-content\/uploads\/2026\/03\/MJose-Sanchez-granada-768x588.jpg 768w, https:\/\/mlmujereslideres.com\/wp-content\/uploads\/2026\/03\/MJose-Sanchez-granada-1536x1176.jpg 1536w, https:\/\/mlmujereslideres.com\/wp-content\/uploads\/2026\/03\/MJose-Sanchez-granada.jpg 1809w\" alt=\"Mjose Sanchez Granada\" width=\"640\" height=\"490\" \/><\/figure>\n<p style=\"text-align: justify;\">M\u00e9dica y epidemi\u00f3loga del c\u00e1ncer en Granada, es una investigadora altamente citada a nivel mundial y referente internacional en medicina de precisi\u00f3n. Dirige el Registro de C\u00e1ncer de Granada y lidera numerosos proyectos europeos, combinando la ciencia de vanguardia con un compromiso activo por la divulgaci\u00f3n a pacientes y la igualdad de g\u00e9nero en la academia.<\/p>\n<h4 class=\"wp-block-heading\" style=\"text-align: justify;\">Marta Cuadros Celorrio<\/h4>\n<figure class=\"wp-block-image size-full\" style=\"text-align: justify;\"><img data-recalc-dims=\"1\" loading=\"lazy\" decoding=\"async\" class=\"wp-image-880\" src=\"https:\/\/i0.wp.com\/mlmujereslideres.com\/wp-content\/uploads\/2026\/03\/marta-cuadros-costa.png?resize=640%2C640&#038;ssl=1\" sizes=\"auto, (max-width: 900px) 100vw, 900px\" srcset=\"https:\/\/mlmujereslideres.com\/wp-content\/uploads\/2026\/03\/marta-cuadros-costa.png 900w, https:\/\/mlmujereslideres.com\/wp-content\/uploads\/2026\/03\/marta-cuadros-costa-300x300.png 300w, https:\/\/mlmujereslideres.com\/wp-content\/uploads\/2026\/03\/marta-cuadros-costa-150x150.png 150w, https:\/\/mlmujereslideres.com\/wp-content\/uploads\/2026\/03\/marta-cuadros-costa-768x768.png 768w\" alt=\"Marta Cuadros Costa\" width=\"640\" height=\"640\" \/><\/figure>\n<p style=\"text-align: justify;\">Marta Cuadros, catedr\u00e1tica de Bioqu\u00edmica y Biolog\u00eda Molecular en la Facultad de Medicina de la Universidad de Granada, es una destacada figura en el \u00e1mbito acad\u00e9mico y cient\u00edfico espa\u00f1ol. Su trabajo, particularmente reconocido por la Real Academia de Medicina y Cirug\u00eda de Andaluc\u00eda Oriental, se centra en el tratamiento neoadyuvante en el c\u00e1ncer de recto, donde ha identificado marcadores metab\u00f3licos y moleculares de respuesta que prometen mejorar el diagn\u00f3stico y tratamiento de esta enfermedad.<\/p>\n<h4 class=\"wp-block-heading\" style=\"text-align: justify;\">Nuria Garay Amaro<\/h4>\n<figure class=\"wp-block-image size-large\" style=\"text-align: justify;\"><img data-recalc-dims=\"1\" loading=\"lazy\" decoding=\"async\" class=\"wp-image-875\" src=\"https:\/\/i0.wp.com\/mlmujereslideres.com\/wp-content\/uploads\/2026\/03\/nuria-garay-granada-1024x915.jpg?resize=640%2C572&#038;ssl=1\" sizes=\"auto, (max-width: 1024px) 100vw, 1024px\" srcset=\"https:\/\/mlmujereslideres.com\/wp-content\/uploads\/2026\/03\/nuria-garay-granada-1024x915.jpg 1024w, https:\/\/mlmujereslideres.com\/wp-content\/uploads\/2026\/03\/nuria-garay-granada-300x268.jpg 300w, https:\/\/mlmujereslideres.com\/wp-content\/uploads\/2026\/03\/nuria-garay-granada-768x686.jpg 768w, https:\/\/mlmujereslideres.com\/wp-content\/uploads\/2026\/03\/nuria-garay-granada-1536x1372.jpg 1536w, https:\/\/mlmujereslideres.com\/wp-content\/uploads\/2026\/03\/nuria-garay-granada.jpg 2048w\" alt=\"Nuria Garay Granada\" width=\"640\" height=\"572\" \/><\/figure>\n<p style=\"text-align: justify;\">Fundadora de EducaConArte en Granada, ha creado una empresa referente en innovaci\u00f3n social y educativa que utiliza el arte para la inclusi\u00f3n de colectivos vulnerables. Su historia de resiliencia personal, pasando de la exclusi\u00f3n educativa al \u00e9xito empresarial, es un ejemplo de liderazgo transformador que hoy genera empleo estable y desarrolla proyectos en varias provincias andaluzas.<\/p>\n<h4 class=\"wp-block-heading\" style=\"text-align: justify;\">Soledad G\u00f3mez<\/h4>\n<figure class=\"wp-block-image size-large\" style=\"text-align: justify;\"><img data-recalc-dims=\"1\" loading=\"lazy\" decoding=\"async\" class=\"wp-image-876\" src=\"https:\/\/i0.wp.com\/mlmujereslideres.com\/wp-content\/uploads\/2026\/03\/soledad-gomez-granada-1024x634.jpg?resize=640%2C396&#038;ssl=1\" sizes=\"auto, (max-width: 1024px) 100vw, 1024px\" srcset=\"https:\/\/mlmujereslideres.com\/wp-content\/uploads\/2026\/03\/soledad-gomez-granada-1024x634.jpg 1024w, https:\/\/mlmujereslideres.com\/wp-content\/uploads\/2026\/03\/soledad-gomez-granada-300x186.jpg 300w, https:\/\/mlmujereslideres.com\/wp-content\/uploads\/2026\/03\/soledad-gomez-granada-768x476.jpg 768w, https:\/\/mlmujereslideres.com\/wp-content\/uploads\/2026\/03\/soledad-gomez-granada-1536x951.jpg 1536w, https:\/\/mlmujereslideres.com\/wp-content\/uploads\/2026\/03\/soledad-gomez-granada.jpg 1904w\" alt=\"Soledad Gomez Granada\" width=\"640\" height=\"396\" \/><\/figure>\n<p style=\"text-align: justify;\">Gestora cultural, docente y muse\u00f3loga con casi veinte a\u00f1os de experiencia, se sit\u00faa a medio camino entre el patrimonio cultural, la educaci\u00f3n y la tecnolog\u00eda. En 2019 fund\u00f3 Ideosmedia Estudio Creativo, empresa dedicada a la innovaci\u00f3n en cultura y educaci\u00f3n. Combina su faceta profesional con la docencia, impartiendo charlas y cursos para diversas instituciones y participando en m\u00e1steres y posgrados. Su trabajo ha sido fundamental para el desarrollo de proyectos culturales innovadores que integran nuevas tecnolog\u00edas y metodolog\u00edas educativas.<\/p>\n<h4 class=\"wp-block-heading\" style=\"text-align: justify;\">Ver\u00f3nica Callej\u00f3n Jim\u00e9nez<\/h4>\n<figure class=\"wp-block-image size-large\" style=\"text-align: justify;\"><img data-recalc-dims=\"1\" loading=\"lazy\" decoding=\"async\" class=\"wp-image-881\" src=\"https:\/\/i0.wp.com\/mlmujereslideres.com\/wp-content\/uploads\/2026\/03\/veronica-callejon-costa-1024x576.jpg?resize=640%2C360&#038;ssl=1\" sizes=\"auto, (max-width: 1024px) 100vw, 1024px\" srcset=\"https:\/\/mlmujereslideres.com\/wp-content\/uploads\/2026\/03\/veronica-callejon-costa-1024x576.jpg 1024w, https:\/\/mlmujereslideres.com\/wp-content\/uploads\/2026\/03\/veronica-callejon-costa-300x169.jpg 300w, https:\/\/mlmujereslideres.com\/wp-content\/uploads\/2026\/03\/veronica-callejon-costa-768x432.jpg 768w, https:\/\/mlmujereslideres.com\/wp-content\/uploads\/2026\/03\/veronica-callejon-costa-1536x864.jpg 1536w, https:\/\/mlmujereslideres.com\/wp-content\/uploads\/2026\/03\/veronica-callejon-costa.jpg 1600w\" alt=\"Veronica Callejon Costa\" width=\"640\" height=\"360\" \/><\/figure>\n<p style=\"text-align: justify;\">Comunicadora granadina especializada en igualdad y cultura, utiliza la palabra y los cuentacuentos como herramientas para educar en valores desde edades tempranas. Su labor en campa\u00f1as de prevenci\u00f3n de la violencia de g\u00e9nero y su enfoque en la educaci\u00f3n patrimonial con perspectiva de g\u00e9nero han sido premiados por su impacto positivo en la juventud<\/p>\n","protected":false},"excerpt":{"rendered":"<p>Las 36 mujeres referentes de Andaluc\u00eda.\u00a0Andaluc\u00eda se proyecta hacia el futuro impulsada por el talento,&#8230;<\/p>\n","protected":false},"author":1,"featured_media":83489,"comment_status":"closed","ping_status":"closed","sticky":false,"template":"","format":"standard","meta":{"_coblocks_attr":"","_coblocks_dimensions":"","_coblocks_responsive_height":"","_coblocks_accordion_ie_support":"","jetpack_post_was_ever_published":false,"_jetpack_newsletter_access":"","_jetpack_dont_email_post_to_subs":false,"_jetpack_newsletter_tier_id":0,"_jetpack_memberships_contains_paywalled_content":false,"_jetpack_memberships_contains_paid_content":false,"footnotes":"","jetpack_publicize_message":"","jetpack_publicize_feature_enabled":true,"jetpack_social_post_already_shared":true,"jetpack_social_options":{"image_generator_settings":{"template":"highway","default_image_id":0,"enabled":false},"version":2}},"categories":[2,186,44,6539],"tags":[],"class_list":["post-83487","post","type-post","status-publish","format-standard","has-post-thumbnail","hentry","category-atarfe","category-instituciones","category-noticias-de-hoy","category-personajes-de-ataref"],"jetpack_publicize_connections":[],"jetpack_featured_media_url":"https:\/\/i0.wp.com\/miradordeatarfe.es\/wp-content\/uploads\/2026\/04\/nuria-garay-granada-1024x915-1.jpg?fit=1024%2C915&ssl=1","jetpack_likes_enabled":true,"jetpack_sharing_enabled":true,"_links":{"self":[{"href":"https:\/\/miradordeatarfe.es\/index.php?rest_route=\/wp\/v2\/posts\/83487","targetHints":{"allow":["GET"]}}],"collection":[{"href":"https:\/\/miradordeatarfe.es\/index.php?rest_route=\/wp\/v2\/posts"}],"about":[{"href":"https:\/\/miradordeatarfe.es\/index.php?rest_route=\/wp\/v2\/types\/post"}],"author":[{"embeddable":true,"href":"https:\/\/miradordeatarfe.es\/index.php?rest_route=\/wp\/v2\/users\/1"}],"replies":[{"embeddable":true,"href":"https:\/\/miradordeatarfe.es\/index.php?rest_route=%2Fwp%2Fv2%2Fcomments&post=83487"}],"version-history":[{"count":2,"href":"https:\/\/miradordeatarfe.es\/index.php?rest_route=\/wp\/v2\/posts\/83487\/revisions"}],"predecessor-version":[{"id":83551,"href":"https:\/\/miradordeatarfe.es\/index.php?rest_route=\/wp\/v2\/posts\/83487\/revisions\/83551"}],"wp:featuredmedia":[{"embeddable":true,"href":"https:\/\/miradordeatarfe.es\/index.php?rest_route=\/wp\/v2\/media\/83489"}],"wp:attachment":[{"href":"https:\/\/miradordeatarfe.es\/index.php?rest_route=%2Fwp%2Fv2%2Fmedia&parent=83487"}],"wp:term":[{"taxonomy":"category","embeddable":true,"href":"https:\/\/miradordeatarfe.es\/index.php?rest_route=%2Fwp%2Fv2%2Fcategories&post=83487"},{"taxonomy":"post_tag","embeddable":true,"href":"https:\/\/miradordeatarfe.es\/index.php?rest_route=%2Fwp%2Fv2%2Ftags&post=83487"}],"curies":[{"name":"wp","href":"https:\/\/api.w.org\/{rel}","templated":true}]}}