{"id":8349,"date":"2016-04-23T08:25:35","date_gmt":"2016-04-23T08:25:35","guid":{"rendered":"http:\/\/miradordeatarfe.es\/?p=8349"},"modified":"2016-04-18T10:38:52","modified_gmt":"2016-04-18T10:38:52","slug":"necesitamos-realmente-una-multinacional-para-tomar-un-cafe","status":"publish","type":"post","link":"https:\/\/miradordeatarfe.es\/?p=8349","title":{"rendered":"\u201c\u00bfNecesitamos realmente una multinacional para tomar un caf\u00e9?\u201d"},"content":{"rendered":"<p>La soci\u00f3loga y Premio Pr\u00edncipe de Asturias reflexiona en su <strong>\u00faltimo libro sobre los expulsados<\/strong>. \u00abEuropa lanza iniciativas que fallan una y otra vez con los refugiados\u00bb, considera.\u00a0 <span class=\"sin_enlace\">ENTREVISTA | SASKIA SASSEN<\/span><!--more--><\/p>\n<div id=\"cuerpo_noticia\" class=\"articulo-cuerpo\">\n<p style=\"text-align: justify;\">Hay t\u00e9rminos que a Saskia Sassen (La Haya, 1949) le suenan a hueco. Parado de larga duraci\u00f3n, por ejemplo, se queda corto para definir a quien nunca ha tenido un puesto de trabajo. O desplazado, otra palabra a la que se le rompen las costuras si se habla del que no podr\u00e1 volver a un hogar, porque ha sido arrasado y ya no existe. Otros, como cambio clim\u00e1tico, le suenan a mentira. \u201cParece demasiado hermoso y yo busco categor\u00edas brutales como tierras muertas o aguas muertas\u201d. La soci\u00f3loga, economista y pensadora, premio Pr\u00edncipe de Asturias de Ciencias Sociales en 2013, reflexiona sobre estas cuestiones en su \u00faltima obra, <em>Expulsiones: brutalidad y complejidad en la econom\u00eda global<\/em>.<\/p>\n<section id=\"sumario_1|despiece\" class=\"sumario_despiece derecha\"><a name=\"sumario_1\"><\/a><\/p>\n<div class=\"sumario__interior\">\n<header class=\"sumario-encabezado\">\n<h4 class=\"sumario-titulo\"><span class=\"sin_enlace\">Inmigrante ilegal, n\u00f3mada y acad\u00e9mica<\/span><\/h4>\n<\/header>\n<figure class=\"foto foto_miniatura\"><img data-recalc-dims=\"1\" loading=\"lazy\" decoding=\"async\" title=\"Un ni\u00f1o juega en el campo de refugiados de Idomeni.\" src=\"https:\/\/i0.wp.com\/ep01.epimg.net\/cultura\/imagenes\/2016\/04\/17\/actualidad\/1460909623_440703_1460918319_sumario_normal.jpg?resize=360%2C233\" alt=\"Un ni\u00f1o juega en el campo de refugiados de Idomeni.\" width=\"360\" height=\"233\" \/><figcaption class=\"foto-pie\">Un ni\u00f1o juega en el campo de refugiados de Idomeni. <span class=\"foto-firma\"><span class=\"foto-autor\">STOYAN NENOV<\/span> <span class=\"foto-agencia\">Reuters<\/span><\/span><\/figcaption><\/figure>\n<div class=\"sumario-texto\">\n<p style=\"text-align: justify;\">Saskia Sassen naci\u00f3 en Holanda, pero tiene un pasado n\u00f3mada a caballo entre Europa y Am\u00e9rica. Habla espa\u00f1ol, italiano, franc\u00e9s, alem\u00e1n y holand\u00e9s. Estudi\u00f3 ruso en la adolescencia, cuando se hizo comunista, y tambi\u00e9n aprendi\u00f3 japon\u00e9s. Es profesora de Sociolog\u00eda de la c\u00e1tedra Robert S. Lynd en la Universidad de Columbia y ha recibido importantes reconocimientos acad\u00e9micos de distintas partes del mundo, como el Pr\u00edncipe de Asturias de Ciencias Sociales o la Orden de las Artes y las Letras que otorga el Gobierno franc\u00e9s. La pensadora, soci\u00f3loga y economista atesora importantes experiencias vitales. Su familia se traslad\u00f3 a Buenos Aires en los a\u00f1os cincuenta.<\/p>\n<p style=\"text-align: justify;\">Con 16 a\u00f1os, se march\u00f3 de casa y cogi\u00f3 un barco a Hamburgo. \u201cFue un viaje de 23 d\u00edas sola, largu\u00edsimo\u201d. Parte de su juventud transcurri\u00f3 en Italia. En Tur\u00edn, negoci\u00f3 con una <i>trattoria <\/i>para que cada noche le dieran un plato de sopa caliente. \u201cSufr\u00ed hambre\u201d, recuerda de esa \u00e9poca. Fue inmigrante ilegal en EE\u00a0UU, donde lleg\u00f3 con 50 d\u00f3lares en el bolsillo y empez\u00f3 limpiando casas. \u201cTrabajaba con afroamericanas que eran enfermeras y limpiaban porque no ten\u00edan derechos, pero todas sab\u00edamos que ese trabajo no nos iba a marcar para siempre\u201d. Para ella fue solo un cap\u00edtulo: \u201cNo me sent\u00eda oprimida\u201d.<\/p>\n<\/div>\n<\/div>\n<\/section>\n<p style=\"text-align: justify;\">\u201cEs un libro chiquito en el que agarro el toro por los cuernos de este momento hist\u00f3rico\u201d, define su obra, editada en Espa\u00f1a por Katz. \u201cSolo\u201d le ha dedicado cuatro a\u00f1os, frente a la d\u00e9cada que suele emplear para sus trabajos m\u00e1s extensos, como <em>The Global City: New York, London, Tokio<\/em> (Princeton University Press, 1991), que le dio reconocimiento internacional. Entonces, como ahora, jugaba a romper con el orden de las cosas.<\/p>\n<p style=\"text-align: justify;\">\u201cUno podr\u00eda decir que quienes llevan mucho tiempo en prisi\u00f3n, los desplazados que viven en campos de refugiados y los desahuciados sin casa tienen cosas en com\u00fan; \u00bfpor qu\u00e9 vamos a separarlos?\u201d, se preguntaba el pasado jueves en Madrid. \u201cEl orden visual y material de una ciudad te cuenta una historia de prosperidad que no captura la miseria, el empobrecimiento, la desigualdad. Y eso siempre me ha marcado de manera muy fuerte. Por eso es necesario desteorizar y evitar la categor\u00eda, que tambi\u00e9n es una invitaci\u00f3n a no pensar\u201d, opina.<\/p>\n<p style=\"text-align: justify;\"><strong>Las nuevas tecnolog\u00edas<\/strong><\/p>\n<p style=\"text-align: justify;\">Su manera de pensar, en cambio, resulta apabullantemente l\u00facida aunque confiesa que lleva m\u00e1s de 24 horas sin pegar ojo. El pasado jueves, recal\u00f3 en Madrid tras pasar por M\u00e9xico. En la capital espa\u00f1ola convers\u00f3 con EL PA\u00cdS antes de ofrecer una charla en La Casa Encendida dentro del ciclo <em>Mujeres contra la impunidad<\/em>. Horas despu\u00e9s, tomaba un tren a Valencia, donde el viernes fue investida doctora <em>honoris causa<\/em> por la Universidad de Valencia.<\/p>\n<p style=\"text-align: justify;\">Sassen creci\u00f3 en Buenos Aires, de donde le ha quedado un castellano mel\u00f3dico, uno de los idiomas que habla con fluidez. Arremete contra las grandes corporaciones que conforman el sistema financiero: \u201cCada franquicia extrae parte del consumo de una localidad. Los barrios ricos no me preocupan, pero s\u00ed los barrios modestos de clase media trabajadora. Si vos ten\u00e9s un Starbucks extrayendo caf\u00e9 en vez de un peque\u00f1o negocio local, se va a llevar parte de la riqueza a su cuartel general. No podemos destruir el sistema financiero, pero podemos salirnos un poco. \u00bfNecesitamos realmente una multinacional para tomar una taza de caf\u00e9? Es rid\u00edculo\u201d.<\/p>\n<section id=\"sumario_2|html\" class=\"sumario_html izquierda\"><a name=\"sumario_2\"><\/a><\/p>\n<div class=\"sumario__interior\">\n<div class=\"sumario-texto\">\n<p class=\"texto_grande\">\u00abNo podemos destruir el sistema financiero, pero s\u00ed salirnos un poco\u00bb<\/p>\n<\/div>\n<\/div>\n<\/section>\n<p style=\"text-align: justify;\">\u00bfY qu\u00e9 define la sociedad de hoy, ese sistema financiero desregularizado o Internet? \u201cLas nuevas tecnolog\u00edas son infraestructurales. La cuesti\u00f3n es c\u00f3mo las vas a usar\u201d, responde. \u201cLas finanzas lo hacen de una manera, los activistas de otra. Las v\u00edas del tren, por ejemplo, sirven para trasladar carros que llevan bombas o transportan comida para los pobres\u201d.<\/p>\n<p style=\"text-align: justify;\">Sassen repasa en su ordenador correos durante las pausas de la charla, es muy activa <a href=\"https:\/\/twitter.com\/saskiasassen?lang=es\" target=\"_blank\">en Twitter<\/a> (tiene 32.800 seguidores) y sigue con detalle la actualidad. \u201cUna cuesti\u00f3n que me interesa mucho es desarrollar capacidades digitales, que el vecindario pobre tenga una aplicaci\u00f3n que le permita descubrir todos los conocimientos que tiene la gente del barrio m\u00e1s all\u00e1 de su trabajo. Conozco inmigrantes que son doctores o abogados y que, cuando llegan, no pueden ejercer hasta pasar sus ex\u00e1menes dos o tres a\u00f1os despu\u00e9s\u201d, dice.<\/p>\n<p style=\"text-align: justify;\"><strong>Traficar como negocio<\/strong><\/p>\n<p style=\"text-align: justify;\">Ya hace dos a\u00f1os que advirti\u00f3 de que la crisis actual de los refugiados se convertir\u00eda en \u201cun modelo de negocio para los traficantes\u201d. \u201cLo incre\u00edble para m\u00ed es que Europa est\u00e9 siempre recuper\u00e1ndose de no haber entendido lo que pas\u00f3 y entonces lance una iniciativa que falla una y otra vez con los refugiados. Es inexplicable que no haya hecho reclamaciones a Estados Unidos, que es quien promueve las guerras, a Australia, a Inglaterra o a Arabia Saud\u00ed. Todos tendr\u00edan que estar sentados en la mesa de negociaci\u00f3n y no empezar con Hungr\u00eda o Macedonia, que solo pueden cambiar la situaci\u00f3n un poquito\u201d.<\/p>\n<section id=\"sumario_3|html\" class=\"sumario_html derecha\">\n<div class=\"sumario__interior\">\n<div class=\"sumario-texto\">\n<p class=\"texto_grande\">\u00abExpulsiones&#8217; es un libro chiquito en el que agarro el toro por los cuernos de este momento hist\u00f3rico\u00bb<\/p>\n<\/div>\n<\/div>\n<\/section>\n<p style=\"text-align: justify;\">Las im\u00e1genes de todas esas personas en los bordes de Europa esconden, a su entender, otras realidades: \u201cLas guerras son terribles, pero tras ellas hay un r\u00e9gimen que nos permite reconocer que el que huye es un refugiado. Lo que no tenemos es forma para identificar a los que son echados de sus tierras porque una ciudad se ha expandido o porque una miner\u00eda se instala envenenando el agua y la tierra. Son millones pero son invisibles. Cuando uno de ellos se presenta en la frontera de Europa no tiene ninguna base para reclamar; no existe a los ojos de la ley. \u00bfVos te das cuenta de lo que es eso? Y vamos a tener millones m\u00e1s, esto no se va a acabar\u201d. De nuevo las palabras le suenan a hueco.<\/p>\n<\/div>\n","protected":false},"excerpt":{"rendered":"<p>La soci\u00f3loga y Premio Pr\u00edncipe de Asturias reflexiona en su \u00faltimo libro sobre los expulsados&#8230;.<\/p>\n","protected":false},"author":1,"featured_media":8350,"comment_status":"closed","ping_status":"closed","sticky":false,"template":"","format":"standard","meta":{"_coblocks_attr":"","_coblocks_dimensions":"","_coblocks_responsive_height":"","_coblocks_accordion_ie_support":"","jetpack_post_was_ever_published":false,"_jetpack_newsletter_access":"","_jetpack_dont_email_post_to_subs":false,"_jetpack_newsletter_tier_id":0,"_jetpack_memberships_contains_paywalled_content":false,"_jetpack_memberships_contains_paid_content":false,"footnotes":"","jetpack_publicize_message":"","jetpack_publicize_feature_enabled":true,"jetpack_social_post_already_shared":false,"jetpack_social_options":{"image_generator_settings":{"template":"highway","default_image_id":0,"enabled":false},"version":2}},"categories":[186,44,15],"tags":[1053,679],"class_list":["post-8349","post","type-post","status-publish","format-standard","has-post-thumbnail","hentry","category-instituciones","category-noticias-de-hoy","category-ultimas-noticias","tag-europa","tag-refugiados"],"jetpack_publicize_connections":[],"jetpack_featured_media_url":"https:\/\/i0.wp.com\/miradordeatarfe.es\/wp-content\/uploads\/2016\/04\/socio.jpg?fit=266%2C190&ssl=1","jetpack_likes_enabled":true,"jetpack_sharing_enabled":true,"_links":{"self":[{"href":"https:\/\/miradordeatarfe.es\/index.php?rest_route=\/wp\/v2\/posts\/8349","targetHints":{"allow":["GET"]}}],"collection":[{"href":"https:\/\/miradordeatarfe.es\/index.php?rest_route=\/wp\/v2\/posts"}],"about":[{"href":"https:\/\/miradordeatarfe.es\/index.php?rest_route=\/wp\/v2\/types\/post"}],"author":[{"embeddable":true,"href":"https:\/\/miradordeatarfe.es\/index.php?rest_route=\/wp\/v2\/users\/1"}],"replies":[{"embeddable":true,"href":"https:\/\/miradordeatarfe.es\/index.php?rest_route=%2Fwp%2Fv2%2Fcomments&post=8349"}],"version-history":[{"count":1,"href":"https:\/\/miradordeatarfe.es\/index.php?rest_route=\/wp\/v2\/posts\/8349\/revisions"}],"predecessor-version":[{"id":8351,"href":"https:\/\/miradordeatarfe.es\/index.php?rest_route=\/wp\/v2\/posts\/8349\/revisions\/8351"}],"wp:featuredmedia":[{"embeddable":true,"href":"https:\/\/miradordeatarfe.es\/index.php?rest_route=\/wp\/v2\/media\/8350"}],"wp:attachment":[{"href":"https:\/\/miradordeatarfe.es\/index.php?rest_route=%2Fwp%2Fv2%2Fmedia&parent=8349"}],"wp:term":[{"taxonomy":"category","embeddable":true,"href":"https:\/\/miradordeatarfe.es\/index.php?rest_route=%2Fwp%2Fv2%2Fcategories&post=8349"},{"taxonomy":"post_tag","embeddable":true,"href":"https:\/\/miradordeatarfe.es\/index.php?rest_route=%2Fwp%2Fv2%2Ftags&post=8349"}],"curies":[{"name":"wp","href":"https:\/\/api.w.org\/{rel}","templated":true}]}}