{"id":83491,"date":"2026-04-26T09:31:42","date_gmt":"2026-04-26T07:31:42","guid":{"rendered":"https:\/\/miradordeatarfe.es\/?p=83491"},"modified":"2026-04-26T13:25:32","modified_gmt":"2026-04-26T11:25:32","slug":"la-falsa-equidistancia-sanitaria-por-martin-blanco","status":"publish","type":"post","link":"https:\/\/miradordeatarfe.es\/?p=83491","title":{"rendered":"\u00abLa falsa equidistancia sanitaria\u00bb por  Mart\u00edn Blanco"},"content":{"rendered":"<div class=\"entrad\" style=\"text-align: justify;\"><strong>Mart\u00edn Blanco inicia con este art\u00edculo una serie en la que profundizar\u00e1 sobre las consecuencias de la gesti\u00f3n sanitaria del Gobierno andaluz del PP. Un an\u00e1lisis a tener muy en cuenta. Para leer y compartir.<\/strong><\/div>\n<div class=\"cuerpo\">\n<div style=\"text-align: justify;\">\u00a0<\/div>\n<div class=\"divdest\" style=\"text-align: justify;\"><em>Este art\u00edculo abre una serie de cuatro sobre la sanidad p\u00fablica andaluza que quiere mirar un poco m\u00e1s all\u00e1 del ruido, de la consigna disfrazada de an\u00e1lisis y de esa aparente sensatez con la que se han ido normalizando demasiadas cosas: las esperas, las derivaciones, el cansancio y la resignaci\u00f3n. No para discutir con nadie en particular, sino para poner en cuesti\u00f3n ese marco tan del gusto de no pocos opinadores de la derecha, el que presenta el deterioro de lo p\u00fablico como si fuera una ley natural y no el resultado, bastante terrenal, de decisiones pol\u00edticas muy concretas, que estamos sufriendo en la Andaluc\u00eda actual.<\/em><\/div>\n<p style=\"text-align: justify;\"><strong><em>\u00abLa medicina es una ciencia social, y la pol\u00edtica no es sino medicina a gran escala\u00bb.\u00a0Rudolf\u00a0Virchow<\/em><\/strong><\/p>\n<p style=\"text-align: justify;\">Se difunde una idea seg\u00fan la cual, para hablar con seriedad de la sanidad andaluza, hay que repartir culpas por igual entre etapas muy distintas. Esa supuesta neutralidad confunde dos momentos que no son comparables, como si todas las etapas merecieran el mismo juicio\u00a0 y lo mismo fuese ocho que ochenta. No es lo mismo gestionar bajo la austeridad que sigui\u00f3 a la crisis financiera -que algunos quisieron presentar como si hubiera venido sola, cuando en realidad tra\u00eda mando pol\u00edtico, recetario ideol\u00f3gico y firma al pie-, que hacerlo con un presupuesto sanitario \u00a0de 15.247 millones en 2025, un 55 % m\u00e1s que en 2018, seg\u00fan la propia Junta, y en un contexto adem\u00e1s reforzado por las transferencias canalizadas a trav\u00e9s del Estado en los \u00faltimos a\u00f1os, en torno a 1.400 millones. No distinguir contexto y margen de decisi\u00f3n no es objetividad: es borrar la responsabilidad pol\u00edtica del presente.<\/p>\n<p style=\"text-align: justify;\">Desde luego, los \u00faltimos gobiernos anteriores al PP en Andaluc\u00eda cometieron errores y recortes. Negarlo ser\u00eda absurdo, infantil y, adem\u00e1s, in\u00fatil para avanzar. Pero una autocr\u00edtica honesta no obliga a aceptar la tesis de que todo es lo mismo y de que, por tanto, nada esencial est\u00e1 en juego ahora. Convertir la memoria en coartada es precisamente el truco de la falsa equidistancia.<\/p>\n<p style=\"text-align: justify;\">El problema es que la \u00a0Andaluc\u00eda de hoy no puede refugiarse en la excusa de la escasez mientras los resultados empeoran. A 31 de diciembre de 2025, 199.950 personas segu\u00edan en lista de espera quir\u00fargica, con una demora media de 173 d\u00edas, la peor de Espa\u00f1a, y otras 852.889 aguardaban una primera consulta hospitalaria. En conjunto el sistema acumulaba 1.052.839 esperas estructurales. Llamar a eso mera \u201cpercepci\u00f3n\u201d ya no es interpretaci\u00f3n: es una forma de negar la realidad material que viven cientos de miles de familias o, dicho de otra manera, llamar humedad a una gotera.<\/p>\n<p style=\"text-align: justify;\">A la vez, el propio presupuesto del SAS muestra hacia d\u00f3nde se est\u00e1 desplazando el esfuerzo financiero. La partida de \u201casistencia sanitaria con medios ajenos\u201d pasa de 405,2 millones en 2024 a 493,0 millones en 2025. Y en paralelo la Federaci\u00f3n de Asociaciones en Defensa de la Sanidad P\u00fablica (FADSP) sit\u00faa a Andaluc\u00eda entre las comunidades donde m\u00e1s ha avanzado la privatizaci\u00f3n sanitaria en los \u00faltimos a\u00f1os. No estamos ante un fantasma ni ante una exageraci\u00f3n ret\u00f3rica: hay una orientaci\u00f3n verificable que traslada actividad, recursos y legitimidad desde lo p\u00fablico hacia lo privado.<\/p>\n<p class=\"sumari\" style=\"text-align: justify;\"><strong>Cuando una sociedad empieza a comprar tiempo porque deja de confiar en los tiempos de su sistema p\u00fablico, el problema ya no es s\u00f3lo asistencial: es pol\u00edtico<\/strong><\/p>\n<p style=\"text-align: justify;\">Y hay otro dato que desmiente bastante bien ese relato de la normalidad: en Andaluc\u00eda, el aseguramiento sanitario privado ha crecido del 10,4% en 2018 al 27,1% en 2024. Dicho de otro modo: en apenas seis a\u00f1os se ha disparado la idea de que, para no esperar, para hacerse una prueba o para ver a un especialista con algo de agilidad, lo prudente es sacarse un seguro. Cuando una sociedad empieza a comprar tiempo porque deja de confiar en los tiempos de su sistema p\u00fablico, el problema ya no es s\u00f3lo asistencial: es pol\u00edtico.<\/p>\n<p class=\"sumari\" style=\"text-align: justify;\"><strong>El problema no es la falta de recursos. Lo que ocurre es que las prioridades del PP van por otro lado<\/strong><\/p>\n<p style=\"text-align: justify;\">Por eso, el debate de fondo no es s\u00f3lo de gasto, sino tambi\u00e9n de fiscalidad y de prioridades, de presupuestos y moral. Mientras se pide paciencia y resignaci\u00f3n a la ciudadan\u00eda, la propia Junta presume de sus rebajas tributarias: una bonificaci\u00f3n auton\u00f3mica del 100% en el Impuesto sobre el Patrimonio y del 99% en Sucesiones y Donaciones para los grupos familiares I y II, adem\u00e1s de un ahorro fiscal anual cifrado por el propio Gobierno andaluz en 1.000 millones. Luego se pretende hacer pasar por inevitable que no hay recursos suficientes para reforzar la atenci\u00f3n primaria, retener profesionales o reducir derivaciones. El problema no es la falta de recursos. Lo que ocurre es que las prioridades del PP van por otro lado.<\/p>\n<p style=\"text-align: justify;\">La cuesti\u00f3n, en consecuencia, no es si debemos revisar cr\u00edticamente el pasado. Hay que hacerlo. La cuesti\u00f3n es otra: si Andaluc\u00eda debe resignarse a que, con m\u00e1s dinero que nunca, se espere m\u00e1s; a que, con m\u00e1s capacidad presupuestaria, se derive m\u00e1s a la privada; y a que, con m\u00e1s margen pol\u00edtico, se \u00a0normalice un modelo en el que quien puede se protege pagando y quien no puede, aprende a aguantar.<\/p>\n<p class=\"sumari\" style=\"text-align: justify;\">Ese es el gran triunfo cultural de la derecha andaluza: no haber corregido\u00a0 el deterioro, sino haber logrado que una parte de la sociedad lo asuma como si fuera un fen\u00f3meno atmosf\u00e9rico, como si las listas de espera las trajera el levante y las derivaciones las descargara una borrasca<\/p>\n<p style=\"text-align: justify;\">Ese es el gran triunfo cultural de la derecha andaluza: no haber corregido \u00a0el deterioro, sino haber logrado que una parte de la sociedad lo asuma como si fuera un fen\u00f3meno atmosf\u00e9rico, como si las listas de espera las trajera el levante y las derivaciones las descargara una borrasca. Pero no lo es. Tiene autores, presupuestos y decisiones. Y justamente por eso hay alternativa.<\/p>\n<p style=\"text-align: justify;\">La alternativa progresista no consiste en pedir amnesia ni en refugiarse en la nostalgia. Consiste en sostener algo bastante m\u00e1s exigente: que la sanidad p\u00fablica solo se defiende de verdad cuando la financiaci\u00f3n acompa\u00f1a, cuando la atenci\u00f3n primaria recupera el centro, cuando la estabilidad del personal deja de ser una promesa y cuando la concertaci\u00f3n deja de ocupar el espacio\u00a0 de lo que deber\u00eda reforzarse dentro. Cuando la gente puede volver a confiar en que una cita, una prueba o una operaci\u00f3n no dependan de su cuenta corriente. Nada de eso es una quimera t\u00e9cnica, ni una promesa vac\u00eda. Son decisiones posibles, prioridades concretas y opciones reales de gobierno. Porque aceptar la resignaci\u00f3n tambi\u00e9n es una decisi\u00f3n pol\u00edtica. Y permitir que este modelo del PP se consolide como si fuera sensato equivale, en la pr\u00e1ctica, a asumir como normal un deterioro que no lo es.<\/p>\n<p style=\"text-align: justify;\">Lo dem\u00e1s podr\u00e1 parecer moderaci\u00f3n. En realidad, es resignaci\u00f3n con buenos modales.<\/p>\n<p>FOTO: Juan Manuel Moreno, en una visita al Hospital Torrec\u00e1rdenas de Almer\u00eda este a\u00f1o. ARCHIVO JUNTA DE ANDALUCIA<\/p>\n<p>https:\/\/www.elindependientedegranada.es\/politica\/falsa-equidistancia-sanitaria?fbclid=IwY2xjawRUx5FleHRuA2FlbQIxMABicmlkETFFV2xFZUhadFlMME8yRWRXc3J0YwZhcHBfaWQQMjIyMDM5MTc4ODIwMDg5MgABHrYVmrICnjaudN7wGwLamVU1ssIzfMT3CN8BJyvc39mREDhgZwtL3apHRglR_aem_6oGE9wxUDmeOUfSA7DK1Ww<\/p>\n<\/div>\n","protected":false},"excerpt":{"rendered":"<p>Mart\u00edn Blanco inicia con este art\u00edculo una serie en la que profundizar\u00e1 sobre las consecuencias&#8230;<\/p>\n","protected":false},"author":1,"featured_media":83492,"comment_status":"closed","ping_status":"closed","sticky":false,"template":"","format":"standard","meta":{"_coblocks_attr":"","_coblocks_dimensions":"","_coblocks_responsive_height":"","_coblocks_accordion_ie_support":"","jetpack_post_was_ever_published":false,"_jetpack_newsletter_access":"","_jetpack_dont_email_post_to_subs":false,"_jetpack_newsletter_tier_id":0,"_jetpack_memberships_contains_paywalled_content":false,"_jetpack_memberships_contains_paid_content":false,"footnotes":"","jetpack_publicize_message":"","jetpack_publicize_feature_enabled":true,"jetpack_social_post_already_shared":true,"jetpack_social_options":{"image_generator_settings":{"template":"highway","default_image_id":0,"enabled":false},"version":2}},"categories":[1161,186,44,10805,10],"tags":[],"class_list":["post-83491","post","type-post","status-publish","format-standard","has-post-thumbnail","hentry","category-ciudadania","category-instituciones","category-noticias-de-hoy","category-plataforma-por-la-sanidad-de-atarfe","category-salud"],"jetpack_publicize_connections":[],"jetpack_featured_media_url":"https:\/\/i0.wp.com\/miradordeatarfe.es\/wp-content\/uploads\/2026\/04\/torrecar.jpg?fit=627%2C309&ssl=1","jetpack_likes_enabled":true,"jetpack_sharing_enabled":true,"_links":{"self":[{"href":"https:\/\/miradordeatarfe.es\/index.php?rest_route=\/wp\/v2\/posts\/83491","targetHints":{"allow":["GET"]}}],"collection":[{"href":"https:\/\/miradordeatarfe.es\/index.php?rest_route=\/wp\/v2\/posts"}],"about":[{"href":"https:\/\/miradordeatarfe.es\/index.php?rest_route=\/wp\/v2\/types\/post"}],"author":[{"embeddable":true,"href":"https:\/\/miradordeatarfe.es\/index.php?rest_route=\/wp\/v2\/users\/1"}],"replies":[{"embeddable":true,"href":"https:\/\/miradordeatarfe.es\/index.php?rest_route=%2Fwp%2Fv2%2Fcomments&post=83491"}],"version-history":[{"count":1,"href":"https:\/\/miradordeatarfe.es\/index.php?rest_route=\/wp\/v2\/posts\/83491\/revisions"}],"predecessor-version":[{"id":83493,"href":"https:\/\/miradordeatarfe.es\/index.php?rest_route=\/wp\/v2\/posts\/83491\/revisions\/83493"}],"wp:featuredmedia":[{"embeddable":true,"href":"https:\/\/miradordeatarfe.es\/index.php?rest_route=\/wp\/v2\/media\/83492"}],"wp:attachment":[{"href":"https:\/\/miradordeatarfe.es\/index.php?rest_route=%2Fwp%2Fv2%2Fmedia&parent=83491"}],"wp:term":[{"taxonomy":"category","embeddable":true,"href":"https:\/\/miradordeatarfe.es\/index.php?rest_route=%2Fwp%2Fv2%2Fcategories&post=83491"},{"taxonomy":"post_tag","embeddable":true,"href":"https:\/\/miradordeatarfe.es\/index.php?rest_route=%2Fwp%2Fv2%2Ftags&post=83491"}],"curies":[{"name":"wp","href":"https:\/\/api.w.org\/{rel}","templated":true}]}}