{"id":83497,"date":"2026-04-26T09:30:58","date_gmt":"2026-04-26T07:30:58","guid":{"rendered":"https:\/\/miradordeatarfe.es\/?p=83497"},"modified":"2026-04-26T13:25:45","modified_gmt":"2026-04-26T11:25:45","slug":"lorca-inunda-granada-y-madrid-guia-de-las-dos-nuevas-exposiciones-sobre-su-archivo-y-el-agua","status":"publish","type":"post","link":"https:\/\/miradordeatarfe.es\/?p=83497","title":{"rendered":"Lorca inunda Granada y Madrid: gu\u00eda de las dos nuevas exposiciones sobre su archivo y el agua"},"content":{"rendered":"<h2 class=\"subtitle-atom B-500-400-300-N B-525-400-300-N--md mb-3_5\" style=\"text-align: justify;\">El Centro Lorca ha inaugurado este pasado viernes la exposici\u00f3n <em>R\u00edos (Cruzar el Archivo\u00a0Lorca)<\/em> y la Residencia de Estudiantes acoge desde el jueves la muestra titulada <em>Lorca y el archivo: memoria en movimiento<\/em><\/h2>\n<p class=\"paragraph-atom B-510-400-550-N B-525-400-700-N--md paragraph_blur_0\" style=\"text-align: justify;\">Desde este viernes 24 de abril ya puede visitarse en el\u00a0<a href=\"https:\/\/www.centrofedericogarcialorca.es\/es\/inicio\" data-mrf-recirculation=\"Enlace\" data-mrf-link=\"https:\/\/www.centrofedericogarcialorca.es\/es\/inicio\">Centro\u00a0Federico Garc\u00eda\u00a0Lorca\u00a0de Granada<\/a> la exposici\u00f3n <em><strong>R\u00edos (Cruzar el Archivo\u00a0Lorca)<\/strong><\/em>, una muestra construida en torno a la relaci\u00f3n de\u00a0el poeta de Fuente Vaqueros\u00a0y el agua. La muestra, comisariada por <strong>Francisco Ramallo<\/strong> y abierta hasta el 18 de octubre, est\u00e1 compuesta por m\u00e1s de 200 documentos, entre los que se encuentran manuscritos, fotograf\u00edas, pinturas y cartas, dispuestos en seis secciones, siguiendo los rastros acu\u00e1ticos de la obra lorquiana a lo largo de los a\u00f1os y en distintas ciudades: Madrid, Nueva York, La Habana, Granada, Buenos Aires y Montevideo.\u00a0<\/p>\n<p class=\"paragraph-atom B-510-400-550-N B-525-400-700-N--md\" style=\"text-align: justify;\">\u00abHay un rumor acu\u00e1tico en el viaje vital de\u00a0Lorca\u00a0hacia una suerte de \u00abciudad deseo\u00bb. Atraviesa los espacios del poeta, a veces es su propio cuerpo el que los experimenta\u00bb, explica Ramallo, para quien el autor granadino \u00abda sus primeros pasos en un espacio \u00abbesado de humedad\u00bb, siendo consciente desde muy temprano de esa circulaci\u00f3n acu\u00e1tica\u00bb. \u00abEl agua atraviesa su obra formando parte de un cat\u00e1logo de im\u00e1genes de tr\u00e1nsito, que se engrosa mientras \u00e9l camina junto a acequias y fuentes, cruza r\u00edos o mares\u00bb, detalla.<\/p>\n<p class=\"paragraph-atom B-510-400-550-N B-525-400-700-N--md\" style=\"text-align: justify;\">La muestra es tambi\u00e9n una propuesta de reinterpretaci\u00f3n del archivo, que crea \u00abpasillos\u00bb o \u00abcorredores\u00bb a trav\u00e9s de este para trascender la idea de almacenamiento o colecci\u00f3n. Los artistas contempor\u00e1neos <strong>Luc\u00eda Bay\u00f3n, Javi Cruz-Andr\u00e9s Izquierdo, Carlos Irijalba, Alex Reynolds y Mar\u00eda Salgado<\/strong>\u00a0han sido invitados a relacionar sus creaciones con los documentos expuestos, originando piezas nuevas (esculturas, fotograf\u00edas, dibujos, textos, etc.) que acompa\u00f1en a los documentos del legado. Se cumple as\u00ed una de las voluntades de la Fundaci\u00f3n Lorca, que el poeta siga inspirando, interpelando a otros artistas actuales. En palabras de Ramallo, el Archivo se convierte as\u00ed en \u00abun conductor que transmite, canaliza y comunica diferentes agentes, permitiendo la circulaci\u00f3n de informaci\u00f3n y posibilitando interacciones entre autores que trabajan en un contexto contempor\u00e1neo y el pasado pr\u00f3ximo\u00bb.\u00a0<\/p>\n<h2 class=\"heading-atom B-600-500-200-N B-650-500-300-N--md heading\" style=\"text-align: justify;\">Exposici\u00f3n en Madrid\u00a0<\/h2>\n<p class=\"paragraph-atom B-510-400-550-N B-525-400-700-N--md\" style=\"text-align: justify;\">Porque el archivo de un escritor es un c\u00famulo de historia y de posibilidades y el de Lorca que posee la Fundaci\u00f3n es uno de los m\u00e1s fertiles. Prueba de ello es que, en paralelo a la muestra granadina inugurada este viernes en un acto que ha contado con la presencia de la alcaldesa de la ciudad, la Residencia de Estudiantes inaugur\u00f3 este jueves en Madrid otra exposici\u00f3n titulada <em><strong>Lorca y el archivo: memoria en movimiento.<\/strong><\/em>\u00a0Esta propuesta permite recuperar una historia hasta ahora menos conocida: la evoluci\u00f3n del archivo desde la muerte del poeta hasta hoy. Como \u00abmemoria en movimiento\u00bb la exposici\u00f3n \u2014como el Archivo mismo\u2014 destaca los esfuerzos de los que lo generaron y los contextos sociopol\u00edticos en que se ha producido.<\/p>\n<p class=\"paragraph-atom B-510-400-550-N B-525-400-700-N--md\" style=\"text-align: justify;\">El recorrido expositivo se articula a trav\u00e9s de cinco etapas cronol\u00f3gicas y tem\u00e1ticas que trazan la evoluci\u00f3n hist\u00f3rica del conflicto y su memoria, comenzando con <strong>Golpe, guerra y ruptura<\/strong> para analizar el quiebre institucional y social. A continuaci\u00f3n, la muestra se adentra en las <strong>Rutas del exilio<\/strong> y el complejo proceso del exiliado en <strong>El largo regreso<\/strong>, avanzando despu\u00e9s hacia los <strong>Caminos de apertura<\/strong> que marcaron la transici\u00f3n para culminar con una reflexi\u00f3n final orientada <strong>Hacia el futuro<\/strong>.<\/p>\n<p class=\"paragraph-atom B-510-400-550-N B-525-400-700-N--md\" style=\"text-align: justify;\">La exposici\u00f3n, organizada por la <strong>Fundaci\u00f3n Federico Garc\u00eda Lorca<\/strong> en colaboraci\u00f3n con el <strong>Consorcio Centro Federico Garc\u00eda Lorca<\/strong> y la <strong>Residencia de Estudiantes<\/strong>, podr\u00e1 visitarse hasta el<strong> 26 de julio de 2026<\/strong> en el Pabell\u00f3n Transatl\u00e1ntico de la Residencia (Calle Pinar, 23, Madrid). Comisariada por tres de los mayores especialistas en Lorca, los hispanistas <strong>Andrew A. Anderson, Melissa Dinverno y Christopher Maurer<\/strong>, la muestra ofrece <strong>entrada libre<\/strong> en un horario de lunes a s\u00e1bado de 11:00 a 20:00 horas, y domingos o festivos de 11:00 a 15:00.<\/p>\n<h3 style=\"text-align: justify;\"><span class=\"author-content-name A-300-700-500-N\"><strong>B. Rico<\/strong> <\/span><\/h3>\n<p>FOTO: <span class=\"text\">Numeroso p\u00fablico, en la exposici\u00f3n<\/span> \/ <span class=\"signature color-neutral900 tt-u\">\u00c1lvaro Barbero<\/span><\/p>\n<p>https:\/\/www.granadahoy.com\/ocio\/exposicion-archivo-lorca-granada-madrid_0_2006583805.html#goog_rewarded<\/p>\n","protected":false},"excerpt":{"rendered":"<p>El Centro Lorca ha inaugurado este pasado viernes la exposici\u00f3n R\u00edos (Cruzar el Archivo\u00a0Lorca) y&#8230;<\/p>\n","protected":false},"author":1,"featured_media":83498,"comment_status":"closed","ping_status":"closed","sticky":false,"template":"","format":"standard","meta":{"_coblocks_attr":"","_coblocks_dimensions":"","_coblocks_responsive_height":"","_coblocks_accordion_ie_support":"","jetpack_post_was_ever_published":false,"_jetpack_newsletter_access":"","_jetpack_dont_email_post_to_subs":false,"_jetpack_newsletter_tier_id":0,"_jetpack_memberships_contains_paywalled_content":false,"_jetpack_memberships_contains_paid_content":false,"footnotes":"","jetpack_publicize_message":"","jetpack_publicize_feature_enabled":true,"jetpack_social_post_already_shared":true,"jetpack_social_options":{"image_generator_settings":{"template":"highway","default_image_id":0,"enabled":false},"version":2}},"categories":[1161,10781,10818,44],"tags":[],"class_list":["post-83497","post","type-post","status-publish","format-standard","has-post-thumbnail","hentry","category-ciudadania","category-granada","category-lorca","category-noticias-de-hoy"],"jetpack_publicize_connections":[],"jetpack_featured_media_url":"https:\/\/i0.wp.com\/miradordeatarfe.es\/wp-content\/uploads\/2026\/04\/5279e324-8514-49e6-b16a-69e8d5d2f674_16-9-aspect-ratio_1600w_0.webp?fit=1600%2C900&ssl=1","jetpack_likes_enabled":true,"jetpack_sharing_enabled":true,"_links":{"self":[{"href":"https:\/\/miradordeatarfe.es\/index.php?rest_route=\/wp\/v2\/posts\/83497","targetHints":{"allow":["GET"]}}],"collection":[{"href":"https:\/\/miradordeatarfe.es\/index.php?rest_route=\/wp\/v2\/posts"}],"about":[{"href":"https:\/\/miradordeatarfe.es\/index.php?rest_route=\/wp\/v2\/types\/post"}],"author":[{"embeddable":true,"href":"https:\/\/miradordeatarfe.es\/index.php?rest_route=\/wp\/v2\/users\/1"}],"replies":[{"embeddable":true,"href":"https:\/\/miradordeatarfe.es\/index.php?rest_route=%2Fwp%2Fv2%2Fcomments&post=83497"}],"version-history":[{"count":1,"href":"https:\/\/miradordeatarfe.es\/index.php?rest_route=\/wp\/v2\/posts\/83497\/revisions"}],"predecessor-version":[{"id":83499,"href":"https:\/\/miradordeatarfe.es\/index.php?rest_route=\/wp\/v2\/posts\/83497\/revisions\/83499"}],"wp:featuredmedia":[{"embeddable":true,"href":"https:\/\/miradordeatarfe.es\/index.php?rest_route=\/wp\/v2\/media\/83498"}],"wp:attachment":[{"href":"https:\/\/miradordeatarfe.es\/index.php?rest_route=%2Fwp%2Fv2%2Fmedia&parent=83497"}],"wp:term":[{"taxonomy":"category","embeddable":true,"href":"https:\/\/miradordeatarfe.es\/index.php?rest_route=%2Fwp%2Fv2%2Fcategories&post=83497"},{"taxonomy":"post_tag","embeddable":true,"href":"https:\/\/miradordeatarfe.es\/index.php?rest_route=%2Fwp%2Fv2%2Ftags&post=83497"}],"curies":[{"name":"wp","href":"https:\/\/api.w.org\/{rel}","templated":true}]}}