{"id":83501,"date":"2026-04-26T10:02:41","date_gmt":"2026-04-26T08:02:41","guid":{"rendered":"https:\/\/miradordeatarfe.es\/?p=83501"},"modified":"2026-04-25T12:09:49","modified_gmt":"2026-04-25T10:09:49","slug":"el-festival-internacional-de-poesia-llega-a-su-22-edicion-convertido-en-el-mayor-festival-literario-del-sur-de-europa","status":"publish","type":"post","link":"https:\/\/miradordeatarfe.es\/?p=83501","title":{"rendered":"El Festival Internacional de Poes\u00eda llega a su 22 edici\u00f3n convertido en el mayor festival literario del sur de Europa"},"content":{"rendered":"<div id=\"main\">\n<div class=\"item\">\n<h3 class=\"anteti\" style=\"text-align: justify;\">Autores de doce pa\u00edses se dan cita en Granada del 4 al 9 de mayo. Mircea C\u0103rt\u0103rescu, Billy Collins, Olvido Garc\u00eda-Vald\u00e9s, Luis Alberto de Cuenta, Ana Mar\u00eda Sh\u00faa, \u00c1ngeles Mora, \u00c1ngeles Toledano, Dolores Redondo, Maria Due\u00f1as y Jos\u00e9 Mar\u00eda Merino, entre las figuras destacadas de una edici\u00f3n que rendir\u00e1 tributo a San Juan de la Cruz con la participaci\u00f3n de Carmen Linares y Jorge Pardo.<\/h3>\n<div>\n<p style=\"text-align: justify;\">La XXII edici\u00f3n del Festival Internacional de Poes\u00eda de Granada (FIP) re\u00fane del 4 al 9 de mayo a destacadas figuras del panorama literario nacional e internacional, ampliamente reconocidos, en un programa de marcada proyecci\u00f3n multicultural y abierto a distintas disciplinas art\u00edsticas que comparten una mirada po\u00e9tica.\u00a0<\/p>\n<p style=\"text-align: justify;\">Con la participaci\u00f3n de autores procedentes de doce pa\u00edses de Europa, Am\u00e9rica y Oriente Medio, el festival ampl\u00eda su duraci\u00f3n y programaci\u00f3n para ofrecer recitales, encuentros, talleres y propuestas esc\u00e9nicas en espacios emblem\u00e1ticos de la ciudad y la provincia, reforzando su car\u00e1cter abierto, interdisciplinar y su firme compromiso con la difusi\u00f3n de la cultura y el acceso a la poes\u00eda para todos los p\u00fablicos.<\/p>\n<p class=\"sumari\" style=\"text-align: justify;\"><strong>La alcaldesa de la ciudad destaca que \u00abla relevancia estrat\u00e9gica de este festival se suma con su contribuci\u00f3n a la excelencia cultural y a nuestro papel clave en la aspiraci\u00f3n de la ciudad a convertirse en Capital Europea de la Cultura en 2031\u00bb<\/strong><\/p>\n<p style=\"text-align: justify;\"><strong>La alcaldesa de la ciudad de Granada, Marifr\u00e1n Carazo,<\/strong> se ha referido a la XXII edici\u00f3n del Festival Internacional de Poes\u00eda de Granada como \u201cuna de las grandes citas culturales de Europa, capaz de situar a nuestra ciudad en el centro del di\u00e1logo literario internacional, que representa la excelencia, la diversidad y la capacidad de Granada para generar espacios de encuentro entre culturas, disciplinas y generaciones, proyectando una imagen de ciudad abierta, creativa y profundamente comprometida con la cultura\u201d. Asimismo, ha incidido en que esta cita \u201crefuerza el posicionamiento de Granada como referente cultural y avala el trabajo continuo que estamos desarrollando para alcanzar la Capitalidad Cultural Europea en 2031\u201d.<\/p>\n<p style=\"text-align: justify;\">Carazo ha destacado que la ciudad \u201capuesta decididamente por una cultura de calidad, accesible y transformadora, y este festival de poes\u00eda es una muestra inequ\u00edvoca de ese compromiso institucional, donde est\u00e1n presentes todas las de la ciudad\u201d.\u00a0<\/p>\n<p style=\"text-align: justify;\">Un apoyo institucional valorado por<strong> la codirectora del FIP, Remedios S\u00e1nchez,<\/strong> y que han respaldado con su presencia en la presentaci\u00f3n de la programaci\u00f3n el subdelegado del Gobierno, Jos\u00e9 Antonio Montilla; el delegado de la Junta de Andaluc\u00eda en Granada, Antonio Granados; y la diputada de Cultura, Pilar Caracuel; entre otros representantes de instituciones como la Universidad de Granada, el Patronato de la Alhambra o la Fundaci\u00f3n Caja Rural Granada.<\/p>\n<p style=\"text-align: justify;\">\u201cCon la literatura como eje, Granada respira diversidad y heterodoxia, inspiraci\u00f3n multicultural, una riqueza inmensa que enlaza tradiciones y que conecta el pasado con el futuro\u201d, ha destacado S\u00e1nchez sobre la programaci\u00f3n del FIP, que este a\u00f1o convoca a algunas de las voces m\u00e1s relevantes de la literatura contempor\u00e1nea, en un di\u00e1logo que atraviesa generaciones y geograf\u00edas. Se trata de un programa ambicioso en el que participan figuras como Luis Alberto de Cuenca, Premio Nacional de Poes\u00eda y Premio Reina Sof\u00eda de Poes\u00eda Iberoamericana; Alejandro G. Roemmers, Premio Internacional Gustavo Adolfo B\u00e9cquer; Olvido Garc\u00eda-Vald\u00e9s, tambi\u00e9n reconocida con el Reina Sof\u00eda; Raquel Lanseros, Tom\u00e1s S\u00e1nchez Santiago y \u00c1ngeles Mora, Premios Nacionales de la Cr\u00edtica; Jos\u00e9 Mar\u00eda Merino, Premio Cervantes; David Ucl\u00e9s, Premio Nadal de Novela; M\u00f3nica Rodr\u00edguez, Alfredo G\u00f3mez-Cerd\u00e1 y C\u00e9sar Mallorqu\u00ed, Premios Nacionales de Literatura Infantil y Juvenil; junto al poeta estadounidense Billy Collins y el escritor rumano Mircea C\u0103rt\u0103rescu, Premio Formentor de las Letras.<\/p>\n<p class=\"sumari\" style=\"text-align: justify;\"><strong>La m\u00fasica se integrar\u00e1 como una v\u00eda de resonancia po\u00e9tica, ampliando los m\u00e1rgenes de la palabra<\/strong><\/p>\n<p style=\"text-align: justify;\">As\u00ed, el programa contar\u00e1 con la presencia de la cantaora \u00c1ngeles Toledano; la cantante Clara Montes, cuya trayectoria ha estado profundamente vinculada a la obra de Antonio Gala; Sole\u00e1 Morente y Antonio Arias, que propondr\u00e1n una charla-concierto en torno al vig\u00e9simo aniversario del emblem\u00e1tico disco &#8216;Omega&#8217;; y, como cierre, Carmen Linares y Jorge Pardo, referentes indiscutibles y galardonados con el Premio Princesa de Asturias y el Premio Nacional de M\u00fasicas, respectivamente, que protagonizar\u00e1n la clausura del FIP con un homenaje a San Juan de la Cruz.<\/p>\n<p style=\"text-align: justify;\"><strong>El delegado del Gobierno de la Junta de Andaluc\u00eda, Antonio Granados<\/strong>, ha animado a la ciudadan\u00eda a participar, acercarse a la poes\u00eda y a disfrutar de una programaci\u00f3n diversa y de calidad y ha valorado que \u201ciniciativas como esta nos recuerdan la importancia de la cultura como elemento de cohesi\u00f3n social, herramienta de reflexi\u00f3n y puente entre diferentes sensibilidades y generaciones\u201d.\u00a0<\/p>\n<p style=\"text-align: justify;\">En la misma l\u00ednea se ha manifestado <strong>el subdelegado del Gobierno de Espa\u00f1a, Jos\u00e9 Antonio Montilla, <\/strong>quien ha agradecido y elogiado el trabajo de los directores del Festival, una cita que ha definido como \u201cde primer nivel\u201d y ha destacado su \u201cimportante trayectoria de 22 ediciones y unas se\u00f1as de identidad y compromiso con la defensa de las libertades, que va mucho m\u00e1s all\u00e1 de lo que es el Festival\u201d.\u00a0<\/p>\n<p style=\"text-align: justify;\">Para Montilla, en esta edici\u00f3n la interculturalidad, la mezcla de m\u00fasica y poes\u00eda, la participaci\u00f3n de figuras consolidadas y emergentes o la promoci\u00f3n de la diversidad ling\u00fc\u00edstica hacen del FIP un referente en el \u00e1mbito de la promoci\u00f3n de las letras\u201d, por ello cuenta con el apoyo expreso del Ministerio de Cultura y Deporte.<\/p>\n<h4 style=\"text-align: justify;\">Voces de doce pa\u00edses<\/h4>\n<p style=\"text-align: justify;\">Este a\u00f1o el FIP, que ha mostrado su apoyo a la candidatura de Granada como Ciudad Cultural 2031, ampl\u00eda a cinco d\u00edas su programaci\u00f3n para dar cabida a un amplio n\u00famero de recitales po\u00e9ticos, talleres de escritura, encuentros y debates que se desarrollar\u00e1n en distintos espacios de la ciudad y la provincia, consolid\u00e1ndose como el festival literario m\u00e1s relevante del sur de Europa y uno de los que m\u00e1s p\u00fablico congrega a nivel internacional.<\/p>\n<p style=\"text-align: justify;\">Adem\u00e1s del escritor rumano Mircea C\u0103rt\u0103rescu, referente de la literatura europea de vanguardia, que participa en un recital po\u00e9tico junto a Billy Collins, \u2018Poeta Laureado de los Estados Unidos\u2019, han confirmado su participaci\u00f3n autores de hasta doce pa\u00edses, lo que convierte al festival en punto de encuentro de distintas corrientes literarias procedentes de Europa, Am\u00e9rica y Oriente Medio.\u00a0<\/p>\n<p style=\"text-align: justify;\">Entre los invitados figuran los autores argentinos Ana Mar\u00eda Sh\u00faa, Boris Rozas y Rodrigo Fres\u00e1n; los mexicanos Jorge Vald\u00e9s D\u00edaz-V\u00e9lez, Daniel L\u00f3pez Acu\u00f1a y Jorge Fern\u00e1ndez Granados; las rumanas Ioana Nicolaie y Corina Oproae; los iraqu\u00edes Mohamed al-Amin y Hatif Janabi; los egipcios Ahmad al Shahawy y Sara Hamid Hawass; la libanesa Violette Abou Jalad; el nicarag\u00fcense William Gonz\u00e1lez; la uruguaya Carolina Zamudio; la venezolana Karina S\u00e1inz-Borgo; y la cubana-nicarag\u00fcense Mar\u00eda L\u00f3pez-Vigil.<\/p>\n<h4 style=\"text-align: justify;\">Un programa plural y abierto a todos los p\u00fablicos<\/h4>\n<p style=\"text-align: justify;\">El Festival de Poes\u00eda de Granada se distingue por programar actividades dirigidas a todos los p\u00fablicos, incluyendo talleres que tienen como principal objetivo acercar la poes\u00eda a los m\u00e1s j\u00f3venes, ha recordado <strong>el codirector y fundador del FIP, Daniel Rodr\u00edguez Moya.<\/strong><\/p>\n<p style=\"text-align: justify;\">La jornada inaugural se abre en la Facultad de Ciencias de la Educaci\u00f3n con un di\u00e1logo entre el poeta Luis Alberto de Cuenca y el escritor Alejandro G. Roemmers con motivo del V Centenario del hist\u00f3rico encuentro en la Alhambra entre los poetas renacentistas Juan Bosc\u00e1n y Andrea Navaggiero, considerado el origen de la introducci\u00f3n del soneto en la poes\u00eda espa\u00f1ola. Por la tarde, en la Huerta de San Vicente, se celebrar\u00e1 el acto institucional que incluir\u00e1 un homenaje a Federico Garc\u00eda Lorca a cargo de la cantaora \u00c1ngeles Toledano, as\u00ed como un recital po\u00e9tico de Olvido Garc\u00eda-Vald\u00e9s y un di\u00e1logo con la autora argentina Ana Mar\u00eda Sh\u00faa. Como parte del programa inaugural, el p\u00fablico podr\u00e1 disfrutar de una entrevista en directo con la actriz Macarena G\u00f3mez a cargo de la periodista y escritora Carla de La L\u00e1.\u00a0<\/p>\n<p style=\"text-align: justify;\">Otras propuestas destacadas son el encuentro con Jos\u00e9 Mar\u00eda Merino, Premio Cervantes; el recital po\u00e9tico que ofrecer\u00e1n Tom\u00e1s S\u00e1nchez Santiago y \u00c1ngeles Mora, entre otros autores; la presentaci\u00f3n de la nueva novela de David Ucl\u00e9s \u2018La ciudad de las luces muertas\u2019, y la conversaci\u00f3n con la escritora Espido Freire sobre la figura de Mary Shelley.\u00a0<\/p>\n<p style=\"text-align: justify;\">El acto de clausura en el Palacio de Carlos V estar\u00e1 centrado en la figura de San Juan de la Cruz en su a\u00f1o jubilar, con un tributo de Raquel Lanseros y Carlos Aganzo junto a la bailarina y core\u00f3grafa M\u00f3nica de la Fuente. La voz de Carmen Linares y el saxo de Jorge Pardo dar\u00e1n vida a fragmentos del \u2018C\u00e1ntico espiritual\u2019 del poeta m\u00edstico por excelencia.<\/p>\n<p style=\"text-align: justify;\">Junto a los autores nacionales ya destacados por su trayectoria y premios, el festival incorpora un plantel de escritores que aportan otras miradas, entre ellos Eloy Moreno, Luc\u00eda Solla Sobral, Rafael Soler, Antonio Praena, Dolores Redondo y Mar\u00eda Due\u00f1as, entre otros.<\/p>\n<h4 style=\"text-align: justify;\">El FIP recupera Filosof\u00eda y Letras y se extiende a las seis comarcas de la provincia<\/h4>\n<p style=\"text-align: justify;\">El festival se desarrollar\u00e1 en espacios emblem\u00e1ticos de la ciudad como el Palacio de Carlos V de la Alhambra, el Centro Federico Garc\u00eda Lorca, la Huerta de San Vicente, el Espacio V Centenario de la Universidad de Granada o la Biblioteca P\u00fablica Provincial. Como novedad, se reincorpora la Facultad de Filosof\u00eda y Letras, y se refuerza la programaci\u00f3n en la provincia, gracias al apoyo de la Diputaci\u00f3n de Granada, con actividades en municipios de las seis comarcas de la provincia como Fuente Vaqueros, Alfacar, V\u00edznar, Valderrubio, Almu\u00f1\u00e9car, Monachil, Pinos Puente, Hu\u00e9tor Vega, La Zubia, Salar, \u00d3rgiva, Puebla de Don Fadrique, Iznalloz, Guadix y Albolote.<\/p>\n<p style=\"text-align: justify;\"><strong>La diputada de Cultura, Pilar Caracuel,<\/strong>\u00a0 ha destacado en su intervenci\u00f3n el apoyo de la instituci\u00f3n provincial al FIP desde sus or\u00edgenes y apunt\u00f3 que \u201cen esta edici\u00f3n, iniciamos una nueva l\u00ednea de actuaci\u00f3n que ampl\u00eda el \u00e1mbito cultural hacia el educativo con el fin de fomentar el gusto por la lectura entre el alumnado, especialmente en el medio rural, acercando la poes\u00eda y la literatura a los centros educativos mediante encuentros con autores y autoras Premios Nacionales de Literatura Infantil y Juvenil\u201d.<\/p>\n<p style=\"text-align: justify;\">Por su parte, <strong>Poli Servi\u00e1n, responsable de Fundaci\u00f3n Caja Rural Granada, <\/strong>activa colaboradora con la programaci\u00f3n del Festival, ha remarcado la firme apuesta por el FIP Infantil, con el objetivo de despertar el inter\u00e9s por la poes\u00eda y la literatura desde edades tempranas. En este sentido, ha destacado el encuentro entre escolares y escritores protagonizado por Eloy Moreno en la Facultad de Filosof\u00eda y Letras, una iniciativa que cuenta con el respaldo expreso de la Fundaci\u00f3n.<\/p>\n<p style=\"text-align: justify;\">La XXII edici\u00f3n del FIP cuenta con el apoyo de instituciones, empresas y colectivos como el Ayuntamiento de Granada, la Junta de Andaluc\u00eda, el Ministerio de Cultura, la Diputaci\u00f3n de Granada, la Fundaci\u00f3n Caja Rural, la Universidad de Granada o el Patronato de la Alhambra y Generalife, que ha coorganizado las actividades realizadas en el Palacio de Carlos V. Tambi\u00e9n los ayuntamientos de Almu\u00f1\u00e9car, La Zubia, Pinos Puente y Monachil, GEGSA, General de Galer\u00edas Comerciales (Nevada Shopping) y la Asociaci\u00f3n de Amigos de la Alhambra colaboran con la organizaci\u00f3n del FIP.\u00a0<\/p>\n<p style=\"text-align: justify;\">El cartel de esta edici\u00f3n ha sido elaborado por el Estudio PerroRaro a partir de una pintura \/ ilustraci\u00f3n de la artista pl\u00e1stica Eva Rodr\u00edguez G\u00f3ngora.<\/p>\n<p style=\"text-align: justify;\">\u00a0<\/p>\n<\/div>\n<\/div>\n<\/div>\n","protected":false},"excerpt":{"rendered":"<p>Autores de doce pa\u00edses se dan cita en Granada del 4 al 9 de mayo&#8230;.<\/p>\n","protected":false},"author":1,"featured_media":83502,"comment_status":"closed","ping_status":"closed","sticky":false,"template":"","format":"standard","meta":{"_coblocks_attr":"","_coblocks_dimensions":"","_coblocks_responsive_height":"","_coblocks_accordion_ie_support":"","jetpack_post_was_ever_published":false,"_jetpack_newsletter_access":"","_jetpack_dont_email_post_to_subs":false,"_jetpack_newsletter_tier_id":0,"_jetpack_memberships_contains_paywalled_content":false,"_jetpack_memberships_contains_paid_content":false,"footnotes":"","jetpack_publicize_message":"","jetpack_publicize_feature_enabled":true,"jetpack_social_post_already_shared":true,"jetpack_social_options":{"image_generator_settings":{"template":"highway","default_image_id":0,"enabled":false},"version":2}},"categories":[1161,10781,44,6914],"tags":[],"class_list":["post-83501","post","type-post","status-publish","format-standard","has-post-thumbnail","hentry","category-ciudadania","category-granada","category-noticias-de-hoy","category-opinion-de-reme-sanchez"],"jetpack_publicize_connections":[],"jetpack_featured_media_url":"https:\/\/i0.wp.com\/miradordeatarfe.es\/wp-content\/uploads\/2026\/04\/presenta_fip_002.jpg?fit=650%2C365&ssl=1","jetpack_likes_enabled":true,"jetpack_sharing_enabled":true,"_links":{"self":[{"href":"https:\/\/miradordeatarfe.es\/index.php?rest_route=\/wp\/v2\/posts\/83501","targetHints":{"allow":["GET"]}}],"collection":[{"href":"https:\/\/miradordeatarfe.es\/index.php?rest_route=\/wp\/v2\/posts"}],"about":[{"href":"https:\/\/miradordeatarfe.es\/index.php?rest_route=\/wp\/v2\/types\/post"}],"author":[{"embeddable":true,"href":"https:\/\/miradordeatarfe.es\/index.php?rest_route=\/wp\/v2\/users\/1"}],"replies":[{"embeddable":true,"href":"https:\/\/miradordeatarfe.es\/index.php?rest_route=%2Fwp%2Fv2%2Fcomments&post=83501"}],"version-history":[{"count":1,"href":"https:\/\/miradordeatarfe.es\/index.php?rest_route=\/wp\/v2\/posts\/83501\/revisions"}],"predecessor-version":[{"id":83503,"href":"https:\/\/miradordeatarfe.es\/index.php?rest_route=\/wp\/v2\/posts\/83501\/revisions\/83503"}],"wp:featuredmedia":[{"embeddable":true,"href":"https:\/\/miradordeatarfe.es\/index.php?rest_route=\/wp\/v2\/media\/83502"}],"wp:attachment":[{"href":"https:\/\/miradordeatarfe.es\/index.php?rest_route=%2Fwp%2Fv2%2Fmedia&parent=83501"}],"wp:term":[{"taxonomy":"category","embeddable":true,"href":"https:\/\/miradordeatarfe.es\/index.php?rest_route=%2Fwp%2Fv2%2Fcategories&post=83501"},{"taxonomy":"post_tag","embeddable":true,"href":"https:\/\/miradordeatarfe.es\/index.php?rest_route=%2Fwp%2Fv2%2Ftags&post=83501"}],"curies":[{"name":"wp","href":"https:\/\/api.w.org\/{rel}","templated":true}]}}