{"id":83504,"date":"2026-04-27T11:13:15","date_gmt":"2026-04-27T09:13:15","guid":{"rendered":"https:\/\/miradordeatarfe.es\/?p=83504"},"modified":"2026-04-25T12:25:48","modified_gmt":"2026-04-25T10:25:48","slug":"atarfe-tiene-468-atarfenos-repartidos-por-el-mundo","status":"publish","type":"post","link":"https:\/\/miradordeatarfe.es\/?p=83504","title":{"rendered":"ATARFE tiene 468 atarfe\u00f1os repartidos por el mundo"},"content":{"rendered":"<h3 class=\"entry-title\">Los destinos a los que emigran desde cada pueblo del \u00c1rea Metropolitana de Granada. Pinos Puente, Santa Fe y Armilla son las tres localidades del Cintur\u00f3n que m\u00e1s ciudadanos tienen repartidos por el mundo<\/h3>\n<div id=\"content\" class=\"fw\">\n<div class=\"w66 pr7 left col1\">\n<article class=\"fw main hentry post-313168 noticias type-noticias status-publish has-post-thumbnail hentry secciones-albolote secciones-alfacar secciones-alhendin secciones-area-metropolitana secciones-armilla secciones-atarfe secciones-cajar secciones-cenes-de-la-vega secciones-chauchina secciones-churriana-de-la-vega secciones-cijuela secciones-cullar-vega secciones-dilar secciones-fuente-vaqueros secciones-gojar secciones-guevejar secciones-huetor-vega secciones-jun secciones-la-zubia secciones-lachar secciones-las-gabias secciones-maracena secciones-monachil secciones-ogijares secciones-otura secciones-peligros secciones-pinos-genil secciones-pinos-puente secciones-pulianas secciones-santa-fe secciones-valderrubio secciones-vegas-del-genil secciones-viznar etiquetas-albolote etiquetas-alfacar etiquetas-area-metropolitana etiquetas-armilla etiquetas-atarfe etiquetas-cajar etiquetas-cenes-de-la-vega etiquetas-chauchina etiquetas-churriana-de-la-vega etiquetas-cijuela etiquetas-cullar-vega etiquetas-dilar etiquetas-emigrantes etiquetas-emigrantes-extranjeros-area-metropolitana etiquetas-extranjeros-granada etiquetas-fuente-vaqueros etiquetas-gojar etiquetas-graficos etiquetas-guevejar etiquetas-huetor-vega etiquetas-jun etiquetas-la-zubia etiquetas-lachar etiquetas-las-gabias etiquetas-maracena etiquetas-monachil etiquetas-ogijares-2 etiquetas-otura etiquetas-peligros etiquetas-pinos-genil etiquetas-pinos-puente etiquetas-pulianas etiquetas-valderrubio etiquetas-vegas-del-genil etiquetas-viznar-2\">\n<section class=\"fw\"><span class=\"section-name\"><em>\u00c1REA METROPOLITANA<\/em>\u00a0\u00a0| <span class=\"date updated\"><time datetime=\"2026-23-23\">23 abril, 2026 &#8211; 18:30<\/time><\/span>\u00a0\u00a0| <span class=\"autor\"> Luis F. Ruiz &#8211; Noelia S. Lorca <\/span> <\/span><\/p>\n<h1 class=\"entry-title\">Los destinos a los que emigran desde cada pueblo del \u00c1rea Metropolitana de Granada<\/h1>\n<p class=\"intro\">Pinos Puente, Santa Fe y Armilla son las tres localidades del Cintur\u00f3n que m\u00e1s ciudadanos tienen repartidos por el mundo<\/p>\n<figure class=\"wp-block-image size-full\"><img data-recalc-dims=\"1\" loading=\"lazy\" decoding=\"async\" class=\"wp-image-313278\" src=\"https:\/\/i0.wp.com\/www.ahoragranada.com\/wp-content\/uploads\/2026\/04\/Grafico-Emigrantes-Granada.jpg?resize=640%2C360&#038;ssl=1\" sizes=\"auto, (max-width: 970px) 100vw, 970px\" srcset=\"https:\/\/www.ahoragranada.com\/wp-content\/uploads\/2026\/04\/Grafico-Emigrantes-Granada.jpg 970w, https:\/\/www.ahoragranada.com\/wp-content\/uploads\/2026\/04\/Grafico-Emigrantes-Granada-746x419.jpg 746w, https:\/\/www.ahoragranada.com\/wp-content\/uploads\/2026\/04\/Grafico-Emigrantes-Granada-370x207.jpg 370w\" alt=\"\" width=\"640\" height=\"360\" \/><\/figure>\n<p>M\u00e1s de 8.000 vecinos inscritos en el <strong>\u00c1rea Metropolitana de Granada<\/strong> residen en alg\u00fan pa\u00eds extranjero, de los que la amplia mayor\u00eda reside en naciones europeas, seguidos de los que lo hacen en Am\u00e9rica, \u00c1frica, Asia y Ocean\u00eda. <strong>Pinos Puente, Santa Fe y Armilla<\/strong> se mantienen como los tres municipios del Cintur\u00f3n que m\u00e1s vecinos tienen repartidos por el mundo.<\/p>\n<p>Son datos del Instituto de Estad\u00edstica y Cartograf\u00eda de Andaluc\u00eda (IECA), cosultados por <strong><a id=\"www.ahoragranada.com\" href=\"http:\/\/www.ahoragranada.com\" target=\"_blank\" rel=\"noreferrer noopener\" type=\"link\">ahoraGranada<\/a><\/strong>, que reflejan que a fecha de 2026 la cifra de emigrantes desde <strong>Granada <\/strong>aument\u00f3 hasta los 67.860, de los que 22.237 est\u00e1n inscritos en Granada capital y 8.268 est\u00e1n vinculados a alguno de los 32 municipios del \u00c1rea Metropolitana granadina.<\/p>\n<p>Vinculados a la provincia, la mayor\u00eda de vecinos que vive en el extranjero lo hace en Am\u00e9rica con 40.954, seguido de los 25.003 que lo hacen en Europa, los 846 de Asia, los 658 en \u00c1frica y los 399 de Ocean\u00eda.<\/p>\n<h3 class=\"wp-block-heading\">Pinos Puente, con uno de cada diez<\/h3>\n<p>La localidad meropolitana de <strong>Pinos Puente<\/strong> es el municipio del \u00c1rea Metropolitana que m\u00e1s emigrantes tiene en toda la comarca, con hasta uno de cada diez, hasta llegar a los 785, de los que la mayor\u00eda est\u00e1n en Am\u00e9rica (398) respecto a Europa, donde hay 379 vecinos. Adem\u00e1s, hay tres en \u00c1frica y Ocean\u00eda y dos en Asia.<\/p>\n<p><strong>Santa Fe<\/strong> es el segundo municipio metropolitano con m\u00e1s residentes en otros pa\u00edses extranjeros, con hasta 709, siendo el que m\u00e1s tiene de toda la comarca en Europa (409) y con hasta 292 en Am\u00e9rica; mientras que <strong>Armilla <\/strong>se mantiene como el tercer municipio con 551 vecinos repartidos por el mundo, la mayor\u00eda en Europa (330), aunque es el que m\u00e1s tiene en Am\u00e9rica (24), en Asia (21) y en Ocean\u00eda (13).<\/p>\n<p>Por encima de los 400 emigrantes se encuentran otras localidades metropolitanas como <strong>Atarfe <\/strong>(468), <strong>Churriana de la Vega<\/strong> (462), <strong>La Zubia<\/strong> (461), <strong>Albolote <\/strong>(431) y <strong>Maracena <\/strong>(423), la mayor\u00eda en Europa salvo el municipio churrianero, donde hay m\u00e1s vecinos en Am\u00e9rica.<\/p>\n<p><strong>Estos son los datos de ATARFE seg\u00fan el lugar de emigraci\u00f3n reflejados en el art\u00edculo de AhoraGranada<\/strong><\/p>\n<div class=\"bc-split-label\" role=\"rowgroup\">\n<div class=\"bc-split-label-row\" role=\"row\">\n<div class=\"bc-row-label row-label chart-text label\" role=\"columnheader\"><strong><span class=\"sr-only\">\u00a0 \u00a0 \u00a0 \u00a0 \u00a0 \u00a0 \u00a0 \u00a0 \u00a0 \u00a0 Lugar de inscripci\u00f3n\u00a0 \u00a0 \u00a0 \u00a0 \u00a0<\/span>Extranjero\u00a0 \u00a0 \u00a0 \u00a0 \u00a0 \u00a0 \u00a0 \u00a0 \u00a0Europa\u00a0 \u00a0 \u00a0 \u00a0 \u00a0 \u00a0 \u00a0 \u00a0 \u00a0 \u00a0 \u00a0 \u00a0Am\u00e9rica\u00a0 \u00a0 \u00a0 \u00a0 \u00a0 \u00a0 \u00a0 \u00c1frica\u00a0 \u00a0 \u00a0 \u00a0 \u00a0 \u00a0 \u00a0 \u00a0 \u00a0 \u00a0 \u00a0 Asia\u00a0 \u00a0 \u00a0 \u00a0 \u00a0 \u00a0 \u00a0 \u00a0 \u00a0 Ocean\u00eda\u00a0<\/strong><\/div>\n<\/div>\n<\/div>\n<div class=\"bc-group-content\" role=\"rowgroup\">\n<div class=\"bc-group-content-inner\">\n<div class=\"bc-row first-row\" role=\"row\">\n<div class=\"bc-row-label row-label chart-text label\" role=\"rowheader\" data-column=\"Lugar de inscripci\u00f3n\" data-row=\"0\" aria-hidden=\"false\"><img data-recalc-dims=\"1\" loading=\"lazy\" decoding=\"async\" class=\"alignnone wp-image-83505 \" src=\"https:\/\/i0.wp.com\/miradordeatarfe.es\/wp-content\/uploads\/2026\/04\/Screenshot-2026-04-25-at-12-18-22-Los-destinos-a-los-que-emigran-desde-cada-pueblo-del-Area-Metropolitana-de-Granada-Ahora-Granada.png?resize=640%2C40&#038;ssl=1\" alt=\"\" width=\"640\" height=\"40\" srcset=\"https:\/\/i0.wp.com\/miradordeatarfe.es\/wp-content\/uploads\/2026\/04\/Screenshot-2026-04-25-at-12-18-22-Los-destinos-a-los-que-emigran-desde-cada-pueblo-del-Area-Metropolitana-de-Granada-Ahora-Granada.png?w=822&amp;ssl=1 822w, https:\/\/i0.wp.com\/miradordeatarfe.es\/wp-content\/uploads\/2026\/04\/Screenshot-2026-04-25-at-12-18-22-Los-destinos-a-los-que-emigran-desde-cada-pueblo-del-Area-Metropolitana-de-Granada-Ahora-Granada.png?resize=300%2C19&amp;ssl=1 300w, https:\/\/i0.wp.com\/miradordeatarfe.es\/wp-content\/uploads\/2026\/04\/Screenshot-2026-04-25-at-12-18-22-Los-destinos-a-los-que-emigran-desde-cada-pueblo-del-Area-Metropolitana-de-Granada-Ahora-Granada.png?resize=768%2C48&amp;ssl=1 768w, https:\/\/i0.wp.com\/miradordeatarfe.es\/wp-content\/uploads\/2026\/04\/Screenshot-2026-04-25-at-12-18-22-Los-destinos-a-los-que-emigran-desde-cada-pueblo-del-Area-Metropolitana-de-Granada-Ahora-Granada.png?resize=800%2C51&amp;ssl=1 800w\" sizes=\"auto, (max-width: 640px) 100vw, 640px\" \/><\/div>\n<div class=\"bc-bars\">\n<div class=\"bc-split\" role=\"cell\">\n<div class=\"bc-split-inner\">\n<div class=\"bc-bar-bg dw-rect\">\n<div class=\"bc-bar-inner dw-rect\">\u00a0<\/div>\n<\/div>\n<\/div>\n<\/div>\n<div class=\"bc-split\" role=\"cell\">\n<div class=\"bc-split-inner\">\n<div class=\"bc-bar-bg dw-rect\">\n<div class=\"bc-bar-inner dw-rect\">\n<div class=\"bc-bar-label chart-text value label\">\u00a0<\/div>\n<\/div>\n<\/div>\n<\/div>\n<\/div>\n<\/div>\n<\/div>\n<\/div>\n<\/div>\n<p><strong>Og\u00edjares <\/strong>tiene hasta 283 vecinos que residen repartidos por el mundo, aunque en este caso su dato curioso reside en que es el tercero de la comarca con m\u00e1s en Asia, con hasta una docena.<\/p>\n<p>Le sigue <strong>Fuente Vaqueros<\/strong> (279), <strong>Chauchina <\/strong>(263), <strong>Otura <\/strong>(246), <strong>Monachil <\/strong>(227) y <strong>Peligros <\/strong>(216). Por debajo de los 200 se encuentran <strong>Vegas del Genil, Cenes de la Vega, C\u00e1jar, Cijuela, D\u00edlar, C\u00fallar Vega, L\u00e1char, Alfacar y G\u00f3jar,<\/strong> que apenas superan el centenar.<\/p>\n<p>Las localidades metropolitanas con menos emigrantes son <strong>Pulianas<\/strong>, con solo 81; <strong>G\u00fcev\u00e9jar<\/strong>, con 58; <strong>Pinos Genil <\/strong>con 48; <strong>Jun <\/strong>con 47; <strong>V\u00edznar <\/strong>con 39 y <strong>Valderrubio <\/strong>con 14, de los que la mayor\u00eda reside en Europa.<\/p>\n<p><img data-recalc-dims=\"1\" loading=\"lazy\" decoding=\"async\" class=\"alignnone wp-image-83506 \" src=\"https:\/\/i0.wp.com\/miradordeatarfe.es\/wp-content\/uploads\/2026\/04\/Screenshot-2026-04-25-at-12-16-07-Los-destinos-a-los-que-emigran-desde-cada-pueblo-del-Area-Metropolitana-de-Granada-Ahora-Granada.png?resize=640%2C1107&#038;ssl=1\" alt=\"\" width=\"640\" height=\"1107\" srcset=\"https:\/\/i0.wp.com\/miradordeatarfe.es\/wp-content\/uploads\/2026\/04\/Screenshot-2026-04-25-at-12-16-07-Los-destinos-a-los-que-emigran-desde-cada-pueblo-del-Area-Metropolitana-de-Granada-Ahora-Granada.png?w=776&amp;ssl=1 776w, https:\/\/i0.wp.com\/miradordeatarfe.es\/wp-content\/uploads\/2026\/04\/Screenshot-2026-04-25-at-12-16-07-Los-destinos-a-los-que-emigran-desde-cada-pueblo-del-Area-Metropolitana-de-Granada-Ahora-Granada.png?resize=173%2C300&amp;ssl=1 173w, https:\/\/i0.wp.com\/miradordeatarfe.es\/wp-content\/uploads\/2026\/04\/Screenshot-2026-04-25-at-12-16-07-Los-destinos-a-los-que-emigran-desde-cada-pueblo-del-Area-Metropolitana-de-Granada-Ahora-Granada.png?resize=592%2C1024&amp;ssl=1 592w, https:\/\/i0.wp.com\/miradordeatarfe.es\/wp-content\/uploads\/2026\/04\/Screenshot-2026-04-25-at-12-16-07-Los-destinos-a-los-que-emigran-desde-cada-pueblo-del-Area-Metropolitana-de-Granada-Ahora-Granada.png?resize=768%2C1329&amp;ssl=1 768w\" sizes=\"auto, (max-width: 640px) 100vw, 640px\" \/><\/p>\n<\/section>\n<\/article>\n<\/div>\n<\/div>\n<p>&nbsp;<\/p>\n","protected":false},"excerpt":{"rendered":"<p>Los destinos a los que emigran desde cada pueblo del \u00c1rea Metropolitana de Granada. Pinos&#8230;<\/p>\n","protected":false},"author":1,"featured_media":83507,"comment_status":"closed","ping_status":"closed","sticky":false,"template":"","format":"standard","meta":{"_coblocks_attr":"","_coblocks_dimensions":"","_coblocks_responsive_height":"","_coblocks_accordion_ie_support":"","jetpack_post_was_ever_published":false,"_jetpack_newsletter_access":"","_jetpack_dont_email_post_to_subs":false,"_jetpack_newsletter_tier_id":0,"_jetpack_memberships_contains_paywalled_content":false,"_jetpack_memberships_contains_paid_content":false,"footnotes":"","jetpack_publicize_message":"","jetpack_publicize_feature_enabled":true,"jetpack_social_post_already_shared":true,"jetpack_social_options":{"image_generator_settings":{"template":"highway","default_image_id":0,"enabled":false},"version":2}},"categories":[2,186,44,6937],"tags":[],"class_list":["post-83504","post","type-post","status-publish","format-standard","has-post-thumbnail","hentry","category-atarfe","category-instituciones","category-noticias-de-hoy","category-sociedad"],"jetpack_publicize_connections":[],"jetpack_featured_media_url":"https:\/\/i0.wp.com\/miradordeatarfe.es\/wp-content\/uploads\/2026\/04\/Grafico-Emigrantes-Granada.jpg?fit=970%2C545&ssl=1","jetpack_likes_enabled":true,"jetpack_sharing_enabled":true,"_links":{"self":[{"href":"https:\/\/miradordeatarfe.es\/index.php?rest_route=\/wp\/v2\/posts\/83504","targetHints":{"allow":["GET"]}}],"collection":[{"href":"https:\/\/miradordeatarfe.es\/index.php?rest_route=\/wp\/v2\/posts"}],"about":[{"href":"https:\/\/miradordeatarfe.es\/index.php?rest_route=\/wp\/v2\/types\/post"}],"author":[{"embeddable":true,"href":"https:\/\/miradordeatarfe.es\/index.php?rest_route=\/wp\/v2\/users\/1"}],"replies":[{"embeddable":true,"href":"https:\/\/miradordeatarfe.es\/index.php?rest_route=%2Fwp%2Fv2%2Fcomments&post=83504"}],"version-history":[{"count":1,"href":"https:\/\/miradordeatarfe.es\/index.php?rest_route=\/wp\/v2\/posts\/83504\/revisions"}],"predecessor-version":[{"id":83508,"href":"https:\/\/miradordeatarfe.es\/index.php?rest_route=\/wp\/v2\/posts\/83504\/revisions\/83508"}],"wp:featuredmedia":[{"embeddable":true,"href":"https:\/\/miradordeatarfe.es\/index.php?rest_route=\/wp\/v2\/media\/83507"}],"wp:attachment":[{"href":"https:\/\/miradordeatarfe.es\/index.php?rest_route=%2Fwp%2Fv2%2Fmedia&parent=83504"}],"wp:term":[{"taxonomy":"category","embeddable":true,"href":"https:\/\/miradordeatarfe.es\/index.php?rest_route=%2Fwp%2Fv2%2Fcategories&post=83504"},{"taxonomy":"post_tag","embeddable":true,"href":"https:\/\/miradordeatarfe.es\/index.php?rest_route=%2Fwp%2Fv2%2Ftags&post=83504"}],"curies":[{"name":"wp","href":"https:\/\/api.w.org\/{rel}","templated":true}]}}