{"id":83509,"date":"2026-04-27T08:28:55","date_gmt":"2026-04-27T06:28:55","guid":{"rendered":"https:\/\/miradordeatarfe.es\/?p=83509"},"modified":"2026-04-27T13:50:38","modified_gmt":"2026-04-27T11:50:38","slug":"83509","status":"publish","type":"post","link":"https:\/\/miradordeatarfe.es\/?p=83509","title":{"rendered":"195 aniversario de la ejecuci\u00f3n de Mariana Pineda"},"content":{"rendered":"<h3 class=\"entry-title\" style=\"text-align: justify;\">Visitas, charlas, cuentacuentos y una muestra recordar\u00e1n a Mariana Pineda en el aniversario de su ejecuci\u00f3n<\/h3>\n<p class=\"intro\" style=\"text-align: justify;\">Junto al programa de actividades, ya est\u00e1 en marcha la convocatoria de la XII edici\u00f3n del Premio Mariana Pineda a la Igualdad entre Mujeres y Hombres<\/p>\n<p style=\"text-align: justify;\">El <strong>Ayuntamiento de Granada<\/strong> ha preparado una extensa programaci\u00f3n con actividades culturales y educativas para todas las edades para conmemorar el 195 aniversario de la ejecuci\u00f3n de Mariana Pineda, s\u00edmbolo local y nacional de la lucha por la libertad y la igualdad.<\/p>\n<p style=\"text-align: justify;\">As\u00ed, la Junta de Gobierno Local ha aprobado este viernes el programa de propuestas que se desarrollar\u00e1n durante todo mayo en torno a la figura de la hero\u00edna liberal, con el Centro Europeo de las Mujeres Mariana Pineda como espacio vertebrador.<\/p>\n<p style=\"text-align: justify;\">Este centro, ubicado en la que fuera su \u00faltima residencia, ofrecer\u00e1 visitas guiadas, conferencias, cuentacuentos para escolares y la exposici\u00f3n Mariana y su tiempo, que propone un interesante recorrido por la Espa\u00f1a de la \u00e9poca de Mariana a trav\u00e9s de su propia biograf\u00eda.<\/p>\n<p style=\"text-align: justify;\">Seg\u00fan ha avanzado la concejala de Educaci\u00f3n, Empleo e Igualdad, Encarnaci\u00f3n Gonz\u00e1lez, la cita central de la programaci\u00f3n tendr\u00e1 lugar el martes 26 de mayo, fecha en la que se celebrar\u00e1 la ofrenda floral en la tumba de la cripta de la Catedral donde est\u00e1 enterrada la hero\u00edna y el tradicional acto institucional en la Plaza Mariana Pineda.<\/p>\n<p style=\"text-align: justify;\">Este homenaje ser\u00e1 presidido por la alcaldesa de <strong>Granada<\/strong>, Marifr\u00e1n Carazo, y contar\u00e1 con la participaci\u00f3n de una nutrida representaci\u00f3n del Consejo Municipal de la Mujer. Adem\u00e1s, tal y como ha indicado, este a\u00f1o desfilar\u00e1 por primera vez la r\u00e9plica del arca que conserva los restos de Mariana Pineda, especialmente construida para la ocasi\u00f3n y para preservar la pieza original de casi dos siglos de antig\u00fcedad.<\/p>\n<h3 class=\"wp-block-heading\" style=\"text-align: justify;\">Visitas guiadas<\/h3>\n<p style=\"text-align: justify;\">Adem\u00e1s, la edil ha avanzado cuatro visitas guiadas los d\u00edas 5, 7, 19 y 21 por algunos espacios emblem\u00e1ticos asociados a la figura de Mariana Pineda, as\u00ed como el paseo literario y biogr\u00e1fico con siembra de libros el 24 de mayo con una ruta organizada por el Club de los Libros Perdidos en colaboraci\u00f3n con &#8216;+Q2 Cultura Abierta&#8217; desde la casa natal de la hero\u00edna, en Carrera del Darro, hasta el Centro Europeo de las Mujeres y en la que se leer\u00e1n fragmentos de su romance y se distribuir\u00e1n libros.<\/p>\n<p style=\"text-align: justify;\">El programa tambi\u00e9n cuenta con una conferencia el 12 de mayo impartida por Miguel Luis L\u00f3pez y otra el jueves 14 de mayo a cargo de la investigadora y doctora en Historia del Arte Encarna Hern\u00e1ndez en la que, bajo el t\u00edtulo &#8216;Granada en tiempos de Mariana Pineda: espacios femeninos en el Antiguo R\u00e9gimen&#8217;, analizar\u00e1 la intervenci\u00f3n de las mujeres en el urbanismo y las edificaciones de la Granada del siglo XIX.<\/p>\n<p style=\"text-align: justify;\">La programaci\u00f3n tambi\u00e9n tendr\u00e1 hueco para los m\u00e1s peque\u00f1os gracias a ocho cuentacuentos los d\u00edas 8, 11, 12, 13, 19 y 20 de mayo en diferentes centros y en los que, de la mano de Maripimienta y de Mari\u00e1ngeles Borghini y Manuel Vaca, se dar\u00e1 a conocer la figura de Mariana Pineda entre el alumnado de Educaci\u00f3n Infantil y Primaria.<\/p>\n<p style=\"text-align: justify;\">El ciclo de actividades concluir\u00e1 el 27 de mayo en el Teatro Isidro Olgoso del <strong>Zaid\u00edn <\/strong>con una muestra de teatro aficionado de mujeres en los que los grupos de los talleres de teatro Mujeres a Escena de la Casa Mariana Pineda y el Grupo Motor de Mujeres de<strong> La Chana <\/strong>pondr\u00e1n en escena, respectivamente, las obras &#8216;Sindicato de princesas&#8217; escrita y dirigida por Sonia Moreno y las piezas &#8216;Flores de umbr\u00eda&#8217;, &#8216;Entre rejas&#8217;, &#8216;El despertar&#8217; y &#8216;Mujeres de vida f\u00e1cil&#8217;, dirigidas todas ellas por Mari\u00e1ngeles Borghini.<\/p>\n<p style=\"text-align: justify;\">\u00abEsta programaci\u00f3n es una oportunidad no solo para rendir tributo a Mariana, sino tambi\u00e9n para profundizar en su legado y acercarlo a toda la ciudadan\u00eda desde la cultura, el arte, la historia y la educaci\u00f3n\u00bb, ha apuntado Gonz\u00e1lez, para quien \u00abel conocimiento de la vida de Mariana Pineda, su compromiso con la causa liberal y los valores de libertad, ley e igualdad que encarna, est\u00e1n hoy m\u00e1s vigentes que nunca\u00bb.<\/p>\n<h3 class=\"wp-block-heading\" style=\"text-align: justify;\">XII Premio Mariana Pineda<\/h3>\n<p style=\"text-align: justify;\">Junto al programa de actividades, tambi\u00e9n est\u00e1 en marcha la convocatoria de la XII edici\u00f3n del Premio Mariana Pineda a la Igualdad entre Mujeres y Hombres, una iniciativa que tiene como finalidad reconocer p\u00fablicamente la labor de personas y entidades comprometidas con la defensa de los derechos y oportunidades en igualdad.<\/p>\n<p style=\"text-align: justify;\">La concejala ha destacado que este reconocimiento \u00abes una muestra del compromiso firme y sostenido del Ayuntamiento de Granada con la igualdad real y efectiva\u00bb, al tiempo que ha se\u00f1alado que \u00abvisibilizar el trabajo que se realiza desde distintos \u00e1mbitos es clave para seguir avanzando hacia una sociedad m\u00e1s justa\u00bb.<\/p>\n<p style=\"text-align: justify;\">Impulsado a trav\u00e9s del <strong>Consejo Municipal de la Mujer,<\/strong> el galard\u00f3n se enmarca en las pol\u00edticas p\u00fablicas municipales orientadas a fomentar la participaci\u00f3n social de las mujeres, reconocer su contribuci\u00f3n en todos los \u00e1mbitos y promover una cultura basada en la igualdad.<\/p>\n<p style=\"text-align: justify;\">La convocatoria contempla dos modalidades: una individual, dirigida a personas f\u00edsicas mayores de edad, y otra colectiva, destinada a entidades jur\u00eddicas, especialmente asociaciones y organizaciones sin \u00e1nimo de lucro. Podr\u00e1n optar al premio aquellas candidaturas que destaquen por su trayectoria en la promoci\u00f3n de la igualdad entre mujeres y hombres en \u00e1mbitos como el educativo, social, econ\u00f3mico, cultural o pol\u00edtico.<\/p>\n<p style=\"text-align: justify;\">Asimismo, cualquier persona podr\u00e1 proponer como candidata tanto a una persona f\u00edsica como a una entidad que haya destacado por su labor en la ciudad de Granada en favor de la igualdad. Entre los criterios de valoraci\u00f3n, el jurado tendr\u00e1 en cuenta aspectos como la trayectoria desarrollada en los \u00faltimos a\u00f1os, la capacidad de transformaci\u00f3n social de las iniciativas impulsadas, el grado de innovaci\u00f3n y la integraci\u00f3n de la perspectiva de g\u00e9nero en las actuaciones.<\/p>\n<p style=\"text-align: justify;\">El plazo de presentaci\u00f3n de candidaturas va a permanecer abierto hasta este lunes y, junto a las solicitudes, se deber\u00e1 adjuntar una memoria justificativa, as\u00ed como de la documentaci\u00f3n acreditativa de los m\u00e9ritos alegados. El fallo del jurado se har\u00e1 p\u00fablico antes del 20 de mayo y la entrega de los premios tendr\u00e1 lugar el 21 de mayo en el Patio del Ayuntamiento en un acto institucional que contar\u00e1 con la presencia de la Corporaci\u00f3n municipal y que se integra en la programaci\u00f3n organizada con motivo del D\u00eda de Mariana Pineda.<\/p>\n<p style=\"text-align: justify;\">Gonz\u00e1lez ha animado a la ciudadan\u00eda, colectivos y entidades a presentar candidaturas, destacando que este premio \u00abno solo reconoce trayectorias ejemplares, sino que tambi\u00e9n sirve de est\u00edmulo para continuar impulsando iniciativas que contribuyan a eliminar las desigualdades\u00bb.<\/p>\n<h3><span class=\"section-name\"> <span class=\"autor\"> Redacci\u00f3n aG <\/span><\/span><\/h3>\n<p>FOTO:La cita central tendr\u00e1 lugar el 26 de mayo, fecha en la que se celebrar\u00e1 la ofrenda floral en la tumba de la cripta de la Catedral. Foto: Ayto. de Granada<\/p>\n<blockquote class=\"wp-embedded-content\" data-secret=\"q0w0PkVkj7\"><p><a href=\"https:\/\/www.ahoragranada.com\/noticias\/visitas-charlas-cuentacuentos-y-una-muestra-recordaran-a-mariana-pineda-en-el-aniversario-de-su-ejecucion\/\">Visitas, charlas, cuentacuentos y una muestra recordar\u00e1n a Mariana Pineda en el aniversario de su ejecuci\u00f3n<\/a><\/p><\/blockquote>\n<p><iframe loading=\"lazy\" class=\"wp-embedded-content\" sandbox=\"allow-scripts\" security=\"restricted\" style=\"position: absolute; visibility: hidden;\" title=\"\u00abVisitas, charlas, cuentacuentos y una muestra recordar\u00e1n a Mariana Pineda en el aniversario de su ejecuci\u00f3n\u00bb \u2014 Ahora Granada\" src=\"https:\/\/www.ahoragranada.com\/noticias\/visitas-charlas-cuentacuentos-y-una-muestra-recordaran-a-mariana-pineda-en-el-aniversario-de-su-ejecucion\/embed\/#?secret=QzygjEbrJv#?secret=q0w0PkVkj7\" data-secret=\"q0w0PkVkj7\" width=\"600\" height=\"338\" frameborder=\"0\" marginwidth=\"0\" marginheight=\"0\" scrolling=\"no\"><\/iframe><\/p>\n","protected":false},"excerpt":{"rendered":"<p>Visitas, charlas, cuentacuentos y una muestra recordar\u00e1n a Mariana Pineda en el aniversario de su&#8230;<\/p>\n","protected":false},"author":1,"featured_media":83510,"comment_status":"closed","ping_status":"closed","sticky":false,"template":"","format":"standard","meta":{"_coblocks_attr":"","_coblocks_dimensions":"","_coblocks_responsive_height":"","_coblocks_accordion_ie_support":"","jetpack_post_was_ever_published":false,"_jetpack_newsletter_access":"","_jetpack_dont_email_post_to_subs":false,"_jetpack_newsletter_tier_id":0,"_jetpack_memberships_contains_paywalled_content":false,"_jetpack_memberships_contains_paid_content":false,"footnotes":"","jetpack_publicize_message":"","jetpack_publicize_feature_enabled":true,"jetpack_social_post_already_shared":true,"jetpack_social_options":{"image_generator_settings":{"template":"highway","default_image_id":0,"enabled":false},"version":2}},"categories":[1161,10781,44],"tags":[],"class_list":["post-83509","post","type-post","status-publish","format-standard","has-post-thumbnail","hentry","category-ciudadania","category-granada","category-noticias-de-hoy"],"jetpack_publicize_connections":[],"jetpack_featured_media_url":"https:\/\/i0.wp.com\/miradordeatarfe.es\/wp-content\/uploads\/2026\/04\/Encarnacion-Gonzalez-Mariana-Pineda.jpg?fit=970%2C546&ssl=1","jetpack_likes_enabled":true,"jetpack_sharing_enabled":true,"_links":{"self":[{"href":"https:\/\/miradordeatarfe.es\/index.php?rest_route=\/wp\/v2\/posts\/83509","targetHints":{"allow":["GET"]}}],"collection":[{"href":"https:\/\/miradordeatarfe.es\/index.php?rest_route=\/wp\/v2\/posts"}],"about":[{"href":"https:\/\/miradordeatarfe.es\/index.php?rest_route=\/wp\/v2\/types\/post"}],"author":[{"embeddable":true,"href":"https:\/\/miradordeatarfe.es\/index.php?rest_route=\/wp\/v2\/users\/1"}],"replies":[{"embeddable":true,"href":"https:\/\/miradordeatarfe.es\/index.php?rest_route=%2Fwp%2Fv2%2Fcomments&post=83509"}],"version-history":[{"count":3,"href":"https:\/\/miradordeatarfe.es\/index.php?rest_route=\/wp\/v2\/posts\/83509\/revisions"}],"predecessor-version":[{"id":83546,"href":"https:\/\/miradordeatarfe.es\/index.php?rest_route=\/wp\/v2\/posts\/83509\/revisions\/83546"}],"wp:featuredmedia":[{"embeddable":true,"href":"https:\/\/miradordeatarfe.es\/index.php?rest_route=\/wp\/v2\/media\/83510"}],"wp:attachment":[{"href":"https:\/\/miradordeatarfe.es\/index.php?rest_route=%2Fwp%2Fv2%2Fmedia&parent=83509"}],"wp:term":[{"taxonomy":"category","embeddable":true,"href":"https:\/\/miradordeatarfe.es\/index.php?rest_route=%2Fwp%2Fv2%2Fcategories&post=83509"},{"taxonomy":"post_tag","embeddable":true,"href":"https:\/\/miradordeatarfe.es\/index.php?rest_route=%2Fwp%2Fv2%2Ftags&post=83509"}],"curies":[{"name":"wp","href":"https:\/\/api.w.org\/{rel}","templated":true}]}}