{"id":83513,"date":"2026-04-27T09:36:45","date_gmt":"2026-04-27T07:36:45","guid":{"rendered":"https:\/\/miradordeatarfe.es\/?p=83513"},"modified":"2026-04-25T12:39:53","modified_gmt":"2026-04-25T10:39:53","slug":"fallece-manuel-daban-el-hombre-que-hizo-sonar-a-granada","status":"publish","type":"post","link":"https:\/\/miradordeatarfe.es\/?p=83513","title":{"rendered":"Fallece Manuel Dab\u00e1n, el hombre que hizo sonar a Granada"},"content":{"rendered":"<div class=\"v-a v-a--d v-a--d-b v-a--p-b\">\n<div class=\"v-a-info-c \">\n<h2 class=\"v-a-sub-t \" style=\"text-align: justify;\">Un problema cardiaco le oblig\u00f3 a retirarse del &#8216;gran espect\u00e1culo&#8217; manteniendo desde entonces un perfil bajo, de peque\u00f1as actuaciones en el Festival de M\u00fasica y Danza o el ciclo Abril para vivir<\/h2>\n<\/div>\n<\/div>\n<div class=\"v-d v-d--ab-c v-d--b\" data-mrf-recirculation=\"Links articulo\">\n<p class=\"v-p\" style=\"text-align: justify;\">Por complicaciones en una operaci\u00f3n a que se estaba sometiendo, el s\u00e1bado ha fallecido Manuel Dab\u00e1n, ingeniero de sonido que durante unas d\u00e9cadas hizo sonar <span class=\"paywall pw-open\">a los principales grupos y festivales de Granada.<\/span><\/p>\n<div class=\"paywall\" data-mrf-recirculation=\"Link art\u00edculos\">\n<p class=\"v-p\" style=\"text-align: justify;\">De formaci\u00f3n jur\u00eddica, Manolo Dab\u00e1n cambi\u00f3 su futuro de abogado por la m\u00fasica. Corr\u00edan los a\u00f1os finales de los setenta del siglo pasado y la escena espa\u00f1ola era t\u00e9cnicamente tercermundista, con una carencia absoluta de equipos profesionales, y de manos que los supiesen manejar. Manolo Dab\u00e1n instal\u00f3 una tienda de instrumentos en la Plaza de la Trinidad, Sonido Daban, por medio de la que entr\u00f3 en contacto con el mundillo musical, primero como t\u00e9cnico de mesa y luego como empresa de sonido junto a su hermano Agust\u00edn, y posteriormente otras personas, del mundo teatral como Miguel Serrano, o del musical como Javier Garc\u00eda Lapido.<\/p>\n<p class=\"v-p\" style=\"text-align: justify;\">La Transici\u00f3n fue un buen momento para un sector musical muy concreto, la canci\u00f3n de autor y las artistas hispanoamericanos. Ah\u00ed entr\u00f3 ya Manuel a recorrer el mundo, haciendo giras con Carlos Cano, y trabajando para artistas como Silvio Rodr\u00edguez, Inti Illimani, Quilapayun etc, cuando se requer\u00eda un responsable de sonido conocedor de las peculiaridades del sector; \u00abnadie mejor que \u00e9l para sonorizar a un cantautor, ten\u00eda en su o\u00eddo exactamente lo que ten\u00eda que escucharse\u00bb, comenta Juan Trova, con quien ha trabajado hasta el \u00faltimo momento. Fue habitual de Carlos Cano en sus giras de aquellos a\u00f1os, incluyendo el m\u00edtico viaje inici\u00e1tico a Cuba que tanto le marc\u00f3 (a Cano y a todos los que fueron).<\/p>\n<p class=\"v-p\" style=\"text-align: justify;\">El siguiente paso ser\u00eda montar la que llegar\u00eda a ser una de las empresas de sonido m\u00e1s potentes de Andaluc\u00eda, &#8216;Sonido Dab\u00e1n&#8217; (luego &#8216;958&#8217;), haci\u00e9ndose cargo de sonorizar tambi\u00e9n, entre otros festivales, el del Zaid\u00edn durante los a\u00f1os de crecimiento exponencial de la muestra. Su empresa, adem\u00e1s, fue una escuela de profesionales, que como Jos\u00e9 Antonio Polo &#8216;Nene&#8217; recuerda que \u00abte llamaba &#8216;Mabolo Daban&#8217;; el verdadero lugar de nacimiento es aquel donde por primera vez nos descubrimos con una mirada inteligente; mi primera naci\u00f3n fueron los bolos, gracias a ti\u00bb.<\/p>\n<p class=\"v-p\" style=\"text-align: justify;\">En esos a\u00f1os, ya los 80, grupos como 091 y La Guardia hac\u00edan temporada enteras con sus equipos y personal, as\u00ed como numerosos otros artistas nacionales que actuaban por Andaluc\u00eda requer\u00edan sus montajes. Con la Guardia, en sus a\u00f1os de superventas, llegaron a superar los 130 conciertos anuales. Giras inmensas que recuerda Quini Almendros, guitarrista y compositor de aquella formaci\u00f3n, \u00abEran agotadoras. De Manolo tengo la sensaci\u00f3n de que era tan buena persona que no consigui\u00f3 el estatus que se hubiera merecido, era una buena persona en un mundo muy duro y cruel, y \u00e9l ten\u00eda m\u00e1s &#8216;amigos&#8217; que &#8216;clientes&#8217;\u00bb.<\/p>\n<p class=\"v-p\" style=\"text-align: justify;\">Su \u00faltimo proyecto, y el m\u00e1s personal, ser\u00eda el festival &#8216;Sue\u00f1os de invierno&#8217;, que utilizando un texto de Juan de Loxa, ten\u00eda una subt\u00edtulo muy revelador: \u00abEl Sur que se desborda por todo los Sures\u00bb. Un ciclo de interesant\u00edsimas actividades, musicales, charlas, exposiciones\u2026 en torno a la canci\u00f3n de autor y la Transici\u00f3n que dur\u00f3 diez a\u00f1os, y que sirvi\u00f3 para conocer en Granada por primera vez en directo a Albert Pla, Jorge Drexler, o Canovas, Rodrigo, Adolfo y Guzman, y por \u00faltima a Lluis Llach, que se despidi\u00f3 en su \u00faltima edici\u00f3n.<\/p>\n<p class=\"v-p\" style=\"text-align: justify;\">Un problema cardiaco le oblig\u00f3 a retirarse del &#8216;gran espect\u00e1culo&#8217; manteniendo desde entonces un perfil bajo, de peque\u00f1as actuaciones en el Festival de M\u00fasica y Danza o el ciclo Abril para vivir.<\/p>\n<p class=\"v-p\" style=\"text-align: justify;\">\u00abYo conoc\u00ed a Manolo mucho antes de trabajar con \u00e9l, de hecho mi guitarra Gibson SG estaba en el escaparate de su tienda\u2026 y vi\u00e9ndola todos los d\u00edas se la compr\u00e9\u00bb, recuerda Jos\u00e9 Ignacio Lapido, que sit\u00faa tambi\u00e9n a Manolo Daban en su contexto: \u00abfue un pionero absoluto. Con \u00e9l comenz\u00f3 la producci\u00f3n musical en Granada, siempre preocupado por su profesi\u00f3n, y fue un luchador, un superviviente de este oficio hasta el final. Una gran p\u00e9rdida\u00bb, concluye Lapido, cuya guitarra escuchamos cientos de veces gracias a sus manos.<\/p>\n<p class=\"v-p\" style=\"text-align: justify;\">Si quieren participar con sus recuerdos en un homenaje a la vida de Manuel, pueden compartir fotos y mensajes de afecto a trav\u00e9s del siguiente enlace: http:\/\/vrdo.es\/m202243gl.<\/p>\n<div class=\"v-mdl-ath__inf\" style=\"text-align: justify;\">\n<h3 class=\"v-mdl-ath__p v-mdl-ath__p--2\">Juan Jes\u00fas Garc\u00eda<\/h3>\n<p>FOTO: <span class=\"v-fc__t\">Manuel Dab\u00e1n, a la derecha de la imagen.<\/span> <span class=\"v-fc__p\">Javier Mart\u00edn Ruiz<\/span><\/p>\n<p>https:\/\/www.ideal.es\/culturas\/fallece-manuel-daban-hombre-hizo-sonar-granada-20260424225237-nt.html<\/p>\n<\/div>\n<p class=\"v-mdl-ath__p v-mdl-ath__p--6\" style=\"text-align: justify;\">\u00a0<\/p>\n<\/div>\n<\/div>\n","protected":false},"excerpt":{"rendered":"<p>Un problema cardiaco le oblig\u00f3 a retirarse del &#8216;gran espect\u00e1culo&#8217; manteniendo desde entonces un perfil&#8230;<\/p>\n","protected":false},"author":1,"featured_media":83514,"comment_status":"closed","ping_status":"closed","sticky":false,"template":"","format":"standard","meta":{"_coblocks_attr":"","_coblocks_dimensions":"","_coblocks_responsive_height":"","_coblocks_accordion_ie_support":"","jetpack_post_was_ever_published":false,"_jetpack_newsletter_access":"","_jetpack_dont_email_post_to_subs":false,"_jetpack_newsletter_tier_id":0,"_jetpack_memberships_contains_paywalled_content":false,"_jetpack_memberships_contains_paid_content":false,"footnotes":"","jetpack_publicize_message":"","jetpack_publicize_feature_enabled":true,"jetpack_social_post_already_shared":true,"jetpack_social_options":{"image_generator_settings":{"template":"highway","default_image_id":0,"enabled":false},"version":2}},"categories":[12,1161,10781,44],"tags":[],"class_list":["post-83513","post","type-post","status-publish","format-standard","has-post-thumbnail","hentry","category-cultura","category-ciudadania","category-granada","category-noticias-de-hoy"],"jetpack_publicize_connections":[],"jetpack_featured_media_url":"https:\/\/i0.wp.com\/miradordeatarfe.es\/wp-content\/uploads\/2026\/04\/dabab-k9jH-U2019212458582GC-1200x840%40Ideal.webp?fit=1200%2C840&ssl=1","jetpack_likes_enabled":true,"jetpack_sharing_enabled":true,"_links":{"self":[{"href":"https:\/\/miradordeatarfe.es\/index.php?rest_route=\/wp\/v2\/posts\/83513","targetHints":{"allow":["GET"]}}],"collection":[{"href":"https:\/\/miradordeatarfe.es\/index.php?rest_route=\/wp\/v2\/posts"}],"about":[{"href":"https:\/\/miradordeatarfe.es\/index.php?rest_route=\/wp\/v2\/types\/post"}],"author":[{"embeddable":true,"href":"https:\/\/miradordeatarfe.es\/index.php?rest_route=\/wp\/v2\/users\/1"}],"replies":[{"embeddable":true,"href":"https:\/\/miradordeatarfe.es\/index.php?rest_route=%2Fwp%2Fv2%2Fcomments&post=83513"}],"version-history":[{"count":1,"href":"https:\/\/miradordeatarfe.es\/index.php?rest_route=\/wp\/v2\/posts\/83513\/revisions"}],"predecessor-version":[{"id":83515,"href":"https:\/\/miradordeatarfe.es\/index.php?rest_route=\/wp\/v2\/posts\/83513\/revisions\/83515"}],"wp:featuredmedia":[{"embeddable":true,"href":"https:\/\/miradordeatarfe.es\/index.php?rest_route=\/wp\/v2\/media\/83514"}],"wp:attachment":[{"href":"https:\/\/miradordeatarfe.es\/index.php?rest_route=%2Fwp%2Fv2%2Fmedia&parent=83513"}],"wp:term":[{"taxonomy":"category","embeddable":true,"href":"https:\/\/miradordeatarfe.es\/index.php?rest_route=%2Fwp%2Fv2%2Fcategories&post=83513"},{"taxonomy":"post_tag","embeddable":true,"href":"https:\/\/miradordeatarfe.es\/index.php?rest_route=%2Fwp%2Fv2%2Ftags&post=83513"}],"curies":[{"name":"wp","href":"https:\/\/api.w.org\/{rel}","templated":true}]}}