{"id":83516,"date":"2026-04-26T11:41:55","date_gmt":"2026-04-26T09:41:55","guid":{"rendered":"https:\/\/miradordeatarfe.es\/?p=83516"},"modified":"2026-04-25T12:47:51","modified_gmt":"2026-04-25T10:47:51","slug":"atarfe-convierte-la-feria-del-libro-en-un-gran-cuento-colectivo-con-mas-de-2-000-escolares-en-la-calle","status":"publish","type":"post","link":"https:\/\/miradordeatarfe.es\/?p=83516","title":{"rendered":"Atarfe convierte la Feria del Libro en un gran cuento colectivo con m\u00e1s de 2.000 escolares en la calle"},"content":{"rendered":"<h2 class=\"single-subtitle\">El pasacalles literario, trabajado durante meses en los colegios, transforma el municipio en un escenario lleno de personajes cl\u00e1sicos, creatividad y aprendizaje<\/h2>\n<p style=\"text-align: justify;\" data-start=\"326\" data-end=\"582\"><strong>Atarfe<\/strong> ha vivido una de esas jornadas que dejan huella. La Feria del Libro ha salido literalmente a la calle con un pasacalles en el que <strong data-start=\"463\" data-end=\"493\">m\u00e1s de 2.000 ni\u00f1os y ni\u00f1as<\/strong> han dado forma a los cuentos cl\u00e1sicos a trav\u00e9s de disfraces, m\u00fasica y mucha imaginaci\u00f3n.<\/p>\n<p style=\"text-align: justify;\" data-start=\"584\" data-end=\"891\">Detr\u00e1s de esta imagen colorida hay meses de trabajo en los centros educativos. Profesores, familias y alumnado han ido construyendo poco a poco una iniciativa que buscaba algo muy claro: <strong data-start=\"771\" data-end=\"851\">acercar la lectura desde una experiencia diferente, m\u00e1s viva y participativa<\/strong>. Y la respuesta no ha podido ser mejor.<\/p>\n<p style=\"text-align: justify;\" data-start=\"893\" data-end=\"1183\">\u201cLos ni\u00f1os se lo han pasado muy bien\u201d, explicaban algunos maestros que han trabajado todo este curso con los cuentos como eje principal. De hecho, muchos ya hab\u00edan experimentado con los disfraces en Carnaval, pero esta vez el objetivo era otro, <strong data-start=\"1139\" data-end=\"1182\">conectar directamente con la literatura<\/strong>.<\/p>\n<h2 style=\"text-align: justify;\" data-section-id=\"g422nu\" data-start=\"1185\" data-end=\"1237\">Redescubrir los cl\u00e1sicos y aprender de otra forma<\/h2>\n<p style=\"text-align: justify;\" data-start=\"1239\" data-end=\"1469\">Uno de los aspectos m\u00e1s llamativos del proyecto ha sido comprobar c\u00f3mo <strong>muchos escolares no conoc\u00edan personajes tan ic\u00f3nicos como <em data-start=\"1368\" data-end=\"1383\">El Mago de Oz<\/em> o <em data-start=\"1386\" data-end=\"1405\">El Gato con Botas<\/em><\/strong>. Lejos de ser un problema, se ha convertido en una oportunidad.<\/p>\n<p style=\"text-align: justify;\" data-start=\"1471\" data-end=\"1788\">Durante el curso, los colegios han trabajado estos relatos en clase, han creado disfraces, muchos con materiales reciclados, y han implicado a las familias en el proceso. Todo ello con una idea de fondo que los docentes defienden con claridad: <strong data-start=\"1715\" data-end=\"1787\">hay que salir del aula para que el aprendizaje sea m\u00e1s significativo<\/strong>.\u00a0\u201cSalir es fundamental para que deje huella\u201d, resum\u00edan, convencidos de que este tipo de experiencias son las que realmente conectan con los m\u00e1s peque\u00f1os.<ins id=\"revive-0-6\" data-revive-zoneid=\"36\" data-revive-id=\"3675e576db6d1cc6cb6554b6e5954dc7\" data-revive-seq=\"6\" data-revive-loaded=\"1\"><\/ins><\/p>\n<h2 style=\"text-align: justify;\" data-section-id=\"f59pcy\" data-start=\"1944\" data-end=\"1973\">Un estreno que apunta alto<\/h2>\n<p style=\"text-align: justify;\" data-start=\"1975\" data-end=\"2229\">La alcaldesa de Atarfe, <strong>Yolanda Fern\u00e1ndez<\/strong>, destacaba el car\u00e1cter hist\u00f3rico de esta primera edici\u00f3n, que ha superado todas las expectativas. \u201cHemos conseguido el objetivo, sacar a los ni\u00f1os de los colegios para celebrar el D\u00eda del Libro y que hagan suyo un cuento\u201d, se\u00f1alaba.<\/p>\n<p style=\"text-align: justify;\" data-start=\"2231\" data-end=\"2439\">El dato habla por s\u00ed solo. M\u00e1s de dos mil participantes en un evento que refleja, adem\u00e1s, <strong data-start=\"2321\" data-end=\"2389\">la coordinaci\u00f3n entre todos los centros educativos del municipio<\/strong>, algo que desde el Ayuntamiento consideran clave.\u00a0El futuro ya est\u00e1 en mente. La intenci\u00f3n es \u00abmantener, como m\u00ednimo, el nivel de participaci\u00f3n y pulir detalles <strong>para que la cita crezca a\u00fan m\u00e1s<\/strong>\u00bb en pr\u00f3ximas ediciones.<\/p>\n<h2 style=\"text-align: justify;\" data-section-id=\"1uxsy7i\" data-start=\"2607\" data-end=\"2646\">Libros que siguen el camino iniciado<\/h2>\n<p style=\"text-align: justify;\" data-start=\"2648\" data-end=\"2878\">La jornada no ha terminado en la calle. Como reconocimiento al trabajo realizado, la organizaci\u00f3n ha entregado <strong data-start=\"2759\" data-end=\"2812\">lotes de libros a las bibliotecas de cada colegio<\/strong>, con t\u00edtulos adaptados a todas las edades y centrados en valores.<\/p>\n<p style=\"text-align: justify;\" data-start=\"2880\" data-end=\"3113\">Desde la Concejal\u00eda de Cultura y Educaci\u00f3n, <strong>Jennifer Garc\u00eda<\/strong>, ha subrayado la importancia de este gesto, que permite que la experiencia no se quede en un solo d\u00eda. \u201c<strong>Cada clase tendr\u00e1 un libro que leer<\/strong>, desde los m\u00e1s peque\u00f1os hasta los mayores\u201d, explicaba la edil.<\/p>\n<p style=\"text-align: justify;\" data-start=\"3115\" data-end=\"3309\" data-is-last-node=\"\" data-is-only-node=\"\">El balance es claro. Atarfe ha demostrado que cuando la <strong>educaci\u00f3n, la cultura y la implicaci\u00f3n colectiva van de la mano<\/strong>, el resultado no solo es un \u00e9xito, es tambi\u00e9n una forma de sembrar futuro.<\/p>\n<h3 class=\"data-autor\" style=\"text-align: justify;\"><a class=\"autor_entry_name\" title=\"Entradas de Toni Nogueras\" href=\"https:\/\/www.granadadigital.es\/author\/toni-nogueras\/\"> Toni Nogueras <\/a><\/h3>\n<p>FOTO : GRANADA DIGITAL<\/p>\n<p style=\"text-align: justify;\">https:\/\/www.granadadigital.es\/atarfe-feria-libro-calle\/<\/p>\n<h1 style=\"text-align: justify;\" data-start=\"3115\" data-end=\"3309\">RESUMEN DEL AYUNTAMIENTO DE ATARFE<\/h1>\n<p style=\"text-align: justify;\">El D\u00eda del Libro en Atarfe se ha convertido en algo m\u00e1gico, emocionante e inolvidable. M\u00e1s de 2.000 ni\u00f1os y ni\u00f1as de todos los colegios han llenado nuestras calles de ilusi\u00f3n en un gran pasacalles de cuento, siendo los aut\u00e9nticos protagonistas de esta jornada tan especial.<\/p>\n<p style=\"text-align: justify;\">Una experiencia \u00fanica que no habr\u00eda sido posible sin el compromiso de los equipos directivos, el trabajo de los docentes y, sobre todo, el apoyo de las familias, que hacen que la cultura se viva con tanta intensidad en nuestro pueblo.<\/p>\n<p style=\"text-align: justify;\">Gracias a toda la comunidad educativa de Atarfe por hacerlo posible y por demostrar, una vez m\u00e1s, que aqu\u00ed la cultura se siente y se comparte. Y gracias tambi\u00e9n a los voluntarios y voluntarias de Protecci\u00f3n Civil por su gran trabajo durante el evento.<\/p>\n<p>Hoy no solo hemos celebrado el D\u00eda del Libro. Hoy ha nacido una nueva tradici\u00f3n en Atarfe.<\/p>\n<p><iframe loading=\"lazy\" title=\"ATARFE CELEBRA UN D\u00cdA DEL LIBRO DE CUENTO\" width=\"540\" height=\"960\" src=\"https:\/\/www.youtube.com\/embed\/UrdjqKPDv2M?feature=oembed\" frameborder=\"0\" allow=\"accelerometer; autoplay; clipboard-write; encrypted-media; gyroscope; picture-in-picture; web-share\" referrerpolicy=\"strict-origin-when-cross-origin\" allowfullscreen><\/iframe><\/p>\n","protected":false},"excerpt":{"rendered":"<p>El pasacalles literario, trabajado durante meses en los colegios, transforma el municipio en un escenario&#8230;<\/p>\n","protected":false},"author":1,"featured_media":83517,"comment_status":"closed","ping_status":"closed","sticky":false,"template":"","format":"standard","meta":{"_coblocks_attr":"","_coblocks_dimensions":"","_coblocks_responsive_height":"","_coblocks_accordion_ie_support":"","jetpack_post_was_ever_published":false,"_jetpack_newsletter_access":"","_jetpack_dont_email_post_to_subs":false,"_jetpack_newsletter_tier_id":0,"_jetpack_memberships_contains_paywalled_content":false,"_jetpack_memberships_contains_paid_content":false,"footnotes":"","jetpack_publicize_message":"","jetpack_publicize_feature_enabled":true,"jetpack_social_post_already_shared":true,"jetpack_social_options":{"image_generator_settings":{"template":"highway","default_image_id":0,"enabled":false},"version":2}},"categories":[187,186,44],"tags":[],"class_list":["post-83516","post","type-post","status-publish","format-standard","has-post-thumbnail","hentry","category-centros-educativos","category-instituciones","category-noticias-de-hoy"],"jetpack_publicize_connections":[],"jetpack_featured_media_url":"https:\/\/i0.wp.com\/miradordeatarfe.es\/wp-content\/uploads\/2026\/04\/feria-libro-atarfe.webp?fit=1200%2C800&ssl=1","jetpack_likes_enabled":true,"jetpack_sharing_enabled":true,"_links":{"self":[{"href":"https:\/\/miradordeatarfe.es\/index.php?rest_route=\/wp\/v2\/posts\/83516","targetHints":{"allow":["GET"]}}],"collection":[{"href":"https:\/\/miradordeatarfe.es\/index.php?rest_route=\/wp\/v2\/posts"}],"about":[{"href":"https:\/\/miradordeatarfe.es\/index.php?rest_route=\/wp\/v2\/types\/post"}],"author":[{"embeddable":true,"href":"https:\/\/miradordeatarfe.es\/index.php?rest_route=\/wp\/v2\/users\/1"}],"replies":[{"embeddable":true,"href":"https:\/\/miradordeatarfe.es\/index.php?rest_route=%2Fwp%2Fv2%2Fcomments&post=83516"}],"version-history":[{"count":1,"href":"https:\/\/miradordeatarfe.es\/index.php?rest_route=\/wp\/v2\/posts\/83516\/revisions"}],"predecessor-version":[{"id":83518,"href":"https:\/\/miradordeatarfe.es\/index.php?rest_route=\/wp\/v2\/posts\/83516\/revisions\/83518"}],"wp:featuredmedia":[{"embeddable":true,"href":"https:\/\/miradordeatarfe.es\/index.php?rest_route=\/wp\/v2\/media\/83517"}],"wp:attachment":[{"href":"https:\/\/miradordeatarfe.es\/index.php?rest_route=%2Fwp%2Fv2%2Fmedia&parent=83516"}],"wp:term":[{"taxonomy":"category","embeddable":true,"href":"https:\/\/miradordeatarfe.es\/index.php?rest_route=%2Fwp%2Fv2%2Fcategories&post=83516"},{"taxonomy":"post_tag","embeddable":true,"href":"https:\/\/miradordeatarfe.es\/index.php?rest_route=%2Fwp%2Fv2%2Ftags&post=83516"}],"curies":[{"name":"wp","href":"https:\/\/api.w.org\/{rel}","templated":true}]}}