{"id":8352,"date":"2016-04-21T06:15:12","date_gmt":"2016-04-21T06:15:12","guid":{"rendered":"http:\/\/miradordeatarfe.es\/?p=8352"},"modified":"2016-04-20T08:07:26","modified_gmt":"2016-04-20T08:07:26","slug":"la-deconstruccion-de-la-masculinidad","status":"publish","type":"post","link":"https:\/\/miradordeatarfe.es\/?p=8352","title":{"rendered":"La deconstrucci\u00f3n de la masculinidad"},"content":{"rendered":"<div class=\"entry-body estirar\">\n<p style=\"text-align: justify;\">Es dif\u00edcil no volver a los mismos temas de siempre. Uno no puede salirse de uno mismo, aunque lo pretenda. El talento consiste en saberlo y sin embargo sorprender a cada momento. A m\u00ed principalmente me preocupan las mismas cuestiones que cuando era muy joven, pero ahora con otra perspectiva y con m\u00e1s incertidumbres. \u00bfNo deber\u00eda ser al rev\u00e9s?<\/p>\n<p style=\"text-align: justify;\">Me miro al espejo y ya no me reconozco. Sin embargo, en mi interior sigo siendo el mismo. Pero, con cierto miedo a perder aquello que\u00a0necesito para seguir adelante. Hace\u00a0dos a\u00f1os desapareci\u00f3 una de las personas m\u00e1s importantes de mi vida y me da p\u00e1nico volver a pasar por lo mismo. No hay d\u00eda que no piense en ella. Ahora comprendo muy bien el significado de la frase<em> \u201cLa ausencia es el peor de los males\u201d<\/em>.\u00a0 Con la desaparici\u00f3n de Chiqui se me escapo la infancia por la ventana y la certeza de que con su marcha ya no hay forma de recuperarla. En definitiva, creo que la infancia es la \u00fanica patria que existe.<\/p>\n<p style=\"text-align: justify;\">\u00a0La semana pasada mi compa\u00f1era Raquel perdi\u00f3 parte de la suya. Se fue a los 93 a\u00f1os Lala, la guardiana silenciosa de sus primeros a\u00f1os. Leyendo la carta que escribi\u00f3 para su funeral, no puedo dejar de pensar que los afectos son nuestro mayor patrimonio.<\/p>\n<\/div>\n<div class=\"entry-more\">\n<blockquote><p>\u00a0<strong>\u00a0<em>Querida Lala.<\/em><\/strong><\/p>\n<p><strong><em>Tu vida no fue f\u00e1cil y por eso disfrazabas con algo de mal genio tu paciencia, de dureza tu infinito amor y de trabajo tu incre\u00edble lealtad. Llamarte abuela ser\u00eda quedarnos cortos para B\u00e1rbara, Raquel y El\u00edas. Fuiste mucho m\u00e1s. Los recuerdos no paran en momentos como este: las noches que pasamos contigo son imborrables. En tu casa dorm\u00edamos en la cama que compartiste pocos a\u00f1os con Manolo y a la que no quisiste volver tras su muerte. Fuiste tan generosa con nosotros que nos ced\u00edas ese lugar sagrado, aunque nunca te contamos que la situaci\u00f3n nos desvelaba, que no peg\u00e1bamos ojo, que ve\u00edamos fantasmas saliendo de debajo de la cama y que no pod\u00edamos ni ir al ba\u00f1o del miedo. Cosas de ni\u00f1os.<\/em><\/strong><\/p>\n<p><strong><em>\u00a0<\/em><\/strong><strong><em>Ten\u00edamos la edad de Chlo\u00e9, la edad en la que todas las ni\u00f1as quer\u00edamos ser maestras y peluqueras, y nos dejabas ensayar contigo. Los viernes por la tarde, los d\u00edas que nuestros padres sal\u00edan y te quedabas a nuestro cargo, te pein\u00e1bamos hasta que te quedabas dormida, con las manitas juntas a un lado sujetando la cabeza.<\/em><\/strong><\/p>\n<p><strong><em>\u00a0<\/em><\/strong><strong><em>Te vas y contigo se va nuestro \u00faltimo v\u00ednculo con una generaci\u00f3n noble, la generaci\u00f3n que vivi\u00f3 la dureza de la Guerra. Nos contaste que en tu Moya natal ten\u00edas que caminar kil\u00f3metros si quer\u00edas ir a la escuela, que empezaste a limpiar casas con 9 a\u00f1itos, que te pon\u00edan ladrillos para que pudieras alcanzar el fregadero. Tu vida de peque\u00f1ita no fue f\u00e1cil. Nada comparado con la nuestra.. Lo \u00fanico que te hac\u00eda falta era la familia y los amigos, conversaci\u00f3n y amor, no quedarte nunca sola. Sabemos que no siempre hemos estado a la altura. Pero tu altura moral, Lala, est\u00e1 demasiado arriba. Algo de esa nobleza nos has legado. No te quepa duda.<\/em><\/strong><\/p>\n<p><strong><em>Ahora preferimos imaginarte dormida, con las manos juntitas haciendo de almohada y tu cabeza de lado. Y por imaginar, esperamos que cuando despiertes encuentres a tu lado a Manolo, a quien la vida te quit\u00f3 demasiado pronto.<\/em><\/strong><\/p><\/blockquote>\n<p style=\"text-align: justify;\">Lo poco o\u00a0 mucho que\u00a0 los hombres de mi generaci\u00f3n (ni\u00f1os de los a\u00f1os sesenta), hemos aprendido sobre las emociones y las tareas de cuidado se lo debemos a mujeres como Chiqui o Lala.<\/p>\n<p style=\"text-align: justify;\"><a href=\"http:\/\/blogs.elpais.com\/.a\/6a00d8341bfb1653ef01a73d8cf53a970d-pi\"><img decoding=\"async\" title=\"Premi\u00e1\" src=\"http:\/\/blogs.elpais.com\/.a\/6a00d8341bfb1653ef01a73d8cf53a970d-550wi\" alt=\"Premi\u00e1\" \/><\/a><\/p>\n<p style=\"text-align: justify;\">Chiqui con Helvia reci\u00e9n llegada a casa y los hermanos Giralt-\u00c1lvarez<\/p>\n<p style=\"text-align: justify;\">Por el contrario, si hago un recuento de la cantidad de \u201cpadres ausentes\u201d, o lo que es peor de \u201cprogenitores autoritarios\u201d, totalmente desprovistos de cualidades afectivas y de capacidades para el cuidado -de mi quinta- el resultado es estremecedor. El legado patriarcal afianzado con el franquismo decapit\u00f3 por completo el sistema educativo regal\u00e1ndoselo a la Iglesia. Crecimos en un pa\u00eds de \u201chombres mutilados emocionalmente\u201d y \u201csin capacidad para el cuidado\u201d. Confesar y asumir esta realidad se consideraba como una ulterior disminuci\u00f3n de la virilidad.<\/p>\n<p style=\"text-align: justify;\">Por descontado, fue una generaci\u00f3n de hombres que no lloraban en p\u00fablico, ni tampoco mostraban ninguna sensibilidad porque se consideraba \u201cdebilidad\u201d. <strong>Su deber era aparecer siempre como triunfadores y dar de s\u00ed mismos una imagen dura, agresiva y brillante.<\/strong><\/p>\n<p style=\"text-align: justify;\">No pod\u00edan ir a la compra ni ocuparse de sus hijos e hijas porque eso era \u201ccosa de mujeres\u201d. Sus ratos de ocio lo transitaban entre iglesias, tabernas, plazas de toros, campos de f\u00fatbol y casas de putas, siendo c\u00f3mplices de la mercantilizaci\u00f3n del cuerpo y del placer. Los menos, leyendo libros y en tertulias. \u00bfC\u00f3mo ser feliz en un pa\u00eds que idolatraba a Raphael y El Cordob\u00e9s, mientras que en Europa se reverenciaba a los Beatles? La \u00faltima versi\u00f3n de <em>Soldadito espa\u00f1ol, Soldadito valiente\u00a0<\/em>es de 1976. S\u00f3lo hay que echar un vistazo a la letra para comprender de lo que estoy hablando.<\/p>\n<p style=\"text-align: justify;\">Los hombres que han renunciado a mostrar su parte m\u00e1s emocional han acabado perjudicando a todo el conjunto. <strong>Millones de ellos han pasado sus vidas\u00a0 intentando representar un papel de h\u00e9roes que s\u00f3lo es posible en la ficci\u00f3n. El modelo de \u201chombre-macho-\u00e9xito\u201d estereotipado <\/strong>que ha sido socializado y perpetuado por el sistema, \u00bfde qu\u00e9 ha servido? \u00bfA qui\u00e9n ha beneficiado? \u00bfQu\u00e9 logros se han conseguido con estos machos-alfa marcando y pretendiendo controlar su territorio por todo el planeta?<\/p>\n<p style=\"text-align: justify;\">\u00bfPor qu\u00e9 aun algunas mujeres tienen especial inter\u00e9s en compartir la vida con semejantes sujetos? Y es que el patriarcado ha sido interiorizado tanto en hombres como mujeres, dotandoles a ellos de poder y a ellas de no poder, naturalizando cada cual un rol determinado en la sociedad, contribuyendo en mayor o menor medida a perpetuarlo.<\/p>\n<p style=\"text-align: justify;\">Cuando ten\u00eda trece a\u00f1os empec\u00e9 a sentirme inc\u00f3modo entre mis compa\u00f1eros de clase. En el momento en que la competitividad fue m\u00e1s importante que el juego, sent\u00ed que ya no pertenec\u00eda al grupo. De golpe ten\u00edas que ser el mejor jugando a f\u00fatbol, o el mejor estudiante, o el que m\u00e1s chicas consegu\u00eda. Todo era una carrera de fondo con el fin de convertirte en l\u00edder para ser aceptado. No exist\u00edan opciones. S\u00f3lo se pod\u00eda ser dos cosas: el cabecilla o su s\u00e9quito.<\/p>\n<p style=\"text-align: justify;\"><a class=\"asset-img-link\" href=\"http:\/\/blogs.elpais.com\/.a\/6a00d8341bfb1653ef01a73d91ad8c970d-pi\"><img decoding=\"async\" class=\"asset  asset-image at-xid-6a00d8341bfb1653ef01a73d91ad8c970d img-responsive\" title=\"Ni\u00f1o libros\" src=\"http:\/\/blogs.elpais.com\/.a\/6a00d8341bfb1653ef01a73d91ad8c970d-500wi\" alt=\"Ni\u00f1o libros\" height=\"716\" \/><\/a><\/p>\n<p style=\"text-align: justify;\">Conoc\u00ed el rechazo desde temprana edad. Enseguida supe que nunca pertenecer\u00eda a ning\u00fan colectivo y que aquello me acarrear\u00eda en el futuro muchos problemas. Todav\u00eda faltaban algunos a\u00f1os para que leyera por primera vez la frase de Nietzche: <em>\u201cYo no sirvo ni para servir, ni para conducir\u201d<\/em>. \u00a0Su significado me lo ense\u00f1aron a fuego mis compa\u00f1eros de escuela. No me sent\u00eda a gusto compitiendo por ver qui\u00e9n lanzaba el semen m\u00e1s lejos, ni tampoco cotilleando con las chicas de la clase o conspirando contra alguien por los pasillos. En aquella escuela y durante los \u00faltimos a\u00f1os, me sent\u00ed completamente vencido y aislado. <strong>\u00bfC\u00f3mo debe crecer y ser criado un ni\u00f1o?, \u00bfC\u00f3mo y de qui\u00e9n aprende o desaprende?<\/strong><\/p>\n<p style=\"text-align: justify;\">Resulta curioso c\u00f3mo a pesar de los a\u00f1os transcurridos, a menudo pienso, que algo de culpa tendr\u00eda yo, para que no me quisieran. Supongo que es lo que ocurre con las mujeres maltratadas. Nunca me atrev\u00ed a explicar a mi familia, con detenimiento y exactitud por lo que estaba pasando. Ir a la escuela cada ma\u00f1ana y sentir el desprecio y las burlas por no querer formar parte del equipo de f\u00fatbol y del grupo de machos-alfa conform\u00f3 mi necesidad de independencia para siempre. <strong>Necesito a la gente, pero nunca m\u00e1s \u00a0he vuelto a confiar en las masas.<\/strong><\/p>\n<p style=\"text-align: justify;\">Lo que viv\u00ed en la escuela no deja de ser un ejemplo m\u00e1s de lo que me he encontrado como adulto. Vivimos en un mundo donde lo m\u00e1s importante sigue siendo la imagen de seguridad, control y fuerza que proyectamos. <strong>\u00bfC\u00f3mo podemos relajarnos si siempre hemos de ser los mejores?\u00a0<\/strong>\u00bfPor qu\u00e9 no nos impone nadie que seamos los primeros en sentir? \u00bfEs que acaso nos lo impide nuestra propia naturaleza?\u00a0Tuve que llegar el instituto para empezar a ser feliz y a tener amigos. Ah\u00ed viv\u00ed una experiencia \u201centre iguales\u201d. \u00a0En la actualidad algunos son piezas fundamentales de mi existencia.<\/p>\n<p style=\"text-align: justify;\"><a class=\"asset-img-link\" href=\"http:\/\/blogs.elpais.com\/.a\/6a00d8341bfb1653ef01a51181ef61970c-pi\"><img loading=\"lazy\" decoding=\"async\" class=\"asset  asset-image at-xid-6a00d8341bfb1653ef01a51181ef61970c img-responsive aligncenter\" title=\"Busy\" src=\"http:\/\/blogs.elpais.com\/.a\/6a00d8341bfb1653ef01a51181ef61970c-550wi\" alt=\"Busy\" width=\"339\" height=\"339\" \/><\/a><\/p>\n<p style=\"text-align: justify;\">En el instituto jugu\u00e9 a f\u00fatbol infinidad de veces. A menudo, con mis compa\u00f1eros y otras todos juntos, chicos y chicas. Aquello era pura diversi\u00f3n y entretenimiento. No exist\u00eda competitividad ni chorradas de fuerza y liderazgo. El juego debe ser una diversi\u00f3n y tambi\u00e9n debe servir para ense\u00f1arnos a perder y a ganar. Como en la vida.<\/p>\n<p style=\"text-align: justify;\">Para convertirnos en \u201cnosotros mismos\u201d no tenemos que viajar de un lado a otro, sino hacia nuestro propio ser. Todo se encuentra ya en nuestro interior. Personas como Chiqui o la recientemente fallecida Lala nos mostraron parte del camino.<\/p>\n<p style=\"text-align: justify;\">Y en cualquier caso, \u00bfsentir y cuidar no es masculino? \u00bfQui\u00e9n lo ha dictaminado? \u00bfQui\u00e9n ha decidido por nosotros? Ser mayor significa separarse definitivamente de la madriguera para construirse una propia en consonancia con la humanidad. <strong>S\u00f3lo<\/strong><strong> seremos capaces de encontrarla sali\u00e9ndonos de los esquemas y los condicionamientos del patriarcado. <\/strong>Haci\u00e9ndonos cargo de nosotros como personas, admitiendo que tenemos, como todo el mundo, un ritmo personal; reconociendo honestamente que nuestra respuesta es, sobre todo, fruto de nuestras emociones. Deber\u00edamos cuestionar los privilegios otorgados por la complicidad patriarcal. No deber\u00edamos aceptar un rol masculino determinado, de acuerdo con falsos estereotipos. Estar\u00eda bien empezar a descubrirnos y deconstruir nuestra masculinidad.<\/p>\n<p style=\"text-align: justify;\">No quiero ser el primero. No lo ser\u00e9 nunca. Sin embargo quiero seguir aprendiendo y tratar de ser m\u00e1s humano, m\u00e1s comprensivo, m\u00e1s inteligente, m\u00e1s constante. Y sobre todo, m\u00e1s sincero conmigo mismo. No quiero ser odiado, ni temido. Realmente, \u00bfcompensa saberse detestado por los dem\u00e1s? No quiero a nadie bajo mi sometimiento. Las puertas deben permanecer siempre abiertas para quienes tengan ganas de regresar.<\/p>\n<p style=\"text-align: justify;\"><a class=\"asset-img-link\" href=\"http:\/\/blogs.elpais.com\/.a\/6a00d8341bfb1653ef01a51181f8ca970c-pi\"><img decoding=\"async\" class=\"asset  asset-image at-xid-6a00d8341bfb1653ef01a51181f8ca970c img-responsive aligncenter\" title=\"Portas\" src=\"http:\/\/blogs.elpais.com\/.a\/6a00d8341bfb1653ef01a51181f8ca970c-500wi\" alt=\"Portas\" height=\"273\" \/><\/a><\/p>\n<p style=\"text-align: justify;\">Tenemos que ense\u00f1ar a las nuevas generaciones de millones de hombres a percibir que las relaciones, la comprensi\u00f3n, el amor, el cuidado, no lograr\u00e1n alcanzar su\u00a0 plenitud sin la capacidad de sentir y de cuidar. Es dif\u00edcil pensar que alguien, tiernamente amado, acariciado y cuidado durante su ni\u00f1ez, no sabr\u00e1 acercarse a los dem\u00e1s con especial ternura. <strong>La rudeza del hombre suele ser el fruto de la carencia de sentimientos, cuidado, educaci\u00f3n y mimos que ha sufrido durante su crecimiento y que el patriarcado se ha encargado de imprimir a todo nivel.<\/strong> Y de esa cantidad de pruebas que se impone y le imponen y a las que no se ve capaz de renunciar: si hago el amor, tengo que ser el mejor; si no lo hago soy poco viril; si gano mucho dinero mi mujer y mis hijos tendr\u00e1n todo lo que necesitan (\u00bfqui\u00e9n lo decide?), sino seremos unos degraciados sin futuro.<\/p>\n<p style=\"text-align: justify;\"><strong>\u00bfC\u00f3mo hallar la soluci\u00f3n para esta situaci\u00f3n tan esquizofr\u00e9nica? <\/strong><\/p>\n<p style=\"text-align: justify;\">Seg\u00fan un\u00a0 informe presentado por la Uni\u00f3n Europea la semana pasada, m\u00e1s de nueve millones de mujeres europeas han sido v\u00edctimas de una violaci\u00f3n, un 33% han sufrido violencia f\u00edsica o sexual y s\u00f3lo una de cada tres denuncia las agresiones. Estoy convencido de que esta compleja situaci\u00f3n de deshumanizaci\u00f3n y de vulneraci\u00f3n de los derechos humanos empieza \u00a0a gestarse en casa y en las aulas. \u00bfQu\u00e9 modelo de sociedad estamos construyendo? \u00bfC\u00f3mo es posible que los hombres sigamos siendo principalmente un s\u00edmbolo de poder desmedido? \u00bfQu\u00e9 tipo de educaci\u00f3n han recibido los agresores? \u00bfPertenecen a una clase social concreta o no es una cuesti\u00f3n de clases?<\/p>\n<p style=\"text-align: justify;\">Seg\u00fan este estudio, una de cada cinco espa\u00f1olas de m\u00e1s de 15 a\u00f1os (22%) ha sufrido violencia f\u00edsica o sexual. Por consiguiente,\u00a0ya no se trata de que que el machismo end\u00e9mico sea un producto del franquismo. El problema es mucho m\u00e1s hondo.<\/p>\n<p style=\"text-align: justify;\"><a class=\"asset-img-link\" href=\"http:\/\/blogs.elpais.com\/.a\/6a00d8341bfb1653ef01a51181f4ae970c-pi\"><img decoding=\"async\" class=\"asset  asset-image at-xid-6a00d8341bfb1653ef01a51181f4ae970c img-responsive aligncenter\" title=\"Espa\u00f1ol\" src=\"http:\/\/blogs.elpais.com\/.a\/6a00d8341bfb1653ef01a51181f4ae970c-450wi\" alt=\"Espa\u00f1ol\" height=\"534\" \/><\/a>\n<\/p>\n<p style=\"text-align: justify;\">\u00bfCu\u00e1ndo dejaremos de sentirnos mal por no cumplir las expectativas? \u00bfCu\u00e1ndo podremos liberarnos de todos aquellos esquemas y privilegios que llevamos interiorizados desde hace siglos? \u00bfC\u00f3mo es posible que a pesar de todos los avances tecnol\u00f3gicos todav\u00eda estemos en la \u00e9poca de las cavernas? <strong>\u00bfA qui\u00e9n le interesa perpetuar el sistema patriarcal que excluye a las mujeres y a todos aquellos que no comulgan con sus ideas?<\/strong> Para vivir y existir sin violencias y opresiones, debemos deconstruir este rol machista bajo el que se nos ha socializado. Hemos de alimentar nuestra capacidad para sentir y cuidar, de lo contrario nos haremos da\u00f1o a nosotros mismos y \u00a0por ende a las dem\u00e1s personas.<\/p>\n<p>https:\/\/youtu.be\/VxK8ikKpNpQ<\/p>\n<p>Estudio de la masculinidad en EE.UU<\/p>\n<div class=\"jetpack-video-wrapper\"><iframe loading=\"lazy\" title=\"Marujita Diaz &quot;Soldadito espa\u00f1ol&quot;\" width=\"640\" height=\"480\" src=\"https:\/\/www.youtube.com\/embed\/fgm8s2-WjQk?feature=oembed\" frameborder=\"0\" allow=\"accelerometer; autoplay; clipboard-write; encrypted-media; gyroscope; picture-in-picture; web-share\" referrerpolicy=\"strict-origin-when-cross-origin\" allowfullscreen><\/iframe><\/div>\n<p>http:\/\/ssociologos.com\/2014\/03\/26\/la-deconstruccion-de-la-masculinidad\/<\/p>\n<\/div>\n","protected":false},"excerpt":{"rendered":"<p>Es dif\u00edcil no volver a los mismos temas de siempre. Uno no puede salirse de&#8230;<\/p>\n","protected":false},"author":1,"featured_media":0,"comment_status":"closed","ping_status":"closed","sticky":false,"template":"","format":"standard","meta":{"_coblocks_attr":"","_coblocks_dimensions":"","_coblocks_responsive_height":"","_coblocks_accordion_ie_support":"","jetpack_post_was_ever_published":false,"_jetpack_newsletter_access":"","_jetpack_dont_email_post_to_subs":false,"_jetpack_newsletter_tier_id":0,"_jetpack_memberships_contains_paywalled_content":false,"_jetpack_memberships_contains_paid_content":false,"footnotes":"","jetpack_publicize_message":"","jetpack_publicize_feature_enabled":true,"jetpack_social_post_already_shared":false,"jetpack_social_options":{"image_generator_settings":{"template":"highway","default_image_id":0,"enabled":false},"version":2}},"categories":[14,9,44,15],"tags":[2512,404],"class_list":["post-8352","post","type-post","status-publish","format-standard","hentry","category-feminismo","category-medio-ambiente","category-noticias-de-hoy","category-ultimas-noticias","tag-deconstrucccion","tag-masculinidad"],"jetpack_publicize_connections":[],"jetpack_featured_media_url":"","jetpack_likes_enabled":true,"jetpack_sharing_enabled":true,"_links":{"self":[{"href":"https:\/\/miradordeatarfe.es\/index.php?rest_route=\/wp\/v2\/posts\/8352","targetHints":{"allow":["GET"]}}],"collection":[{"href":"https:\/\/miradordeatarfe.es\/index.php?rest_route=\/wp\/v2\/posts"}],"about":[{"href":"https:\/\/miradordeatarfe.es\/index.php?rest_route=\/wp\/v2\/types\/post"}],"author":[{"embeddable":true,"href":"https:\/\/miradordeatarfe.es\/index.php?rest_route=\/wp\/v2\/users\/1"}],"replies":[{"embeddable":true,"href":"https:\/\/miradordeatarfe.es\/index.php?rest_route=%2Fwp%2Fv2%2Fcomments&post=8352"}],"version-history":[{"count":1,"href":"https:\/\/miradordeatarfe.es\/index.php?rest_route=\/wp\/v2\/posts\/8352\/revisions"}],"predecessor-version":[{"id":8353,"href":"https:\/\/miradordeatarfe.es\/index.php?rest_route=\/wp\/v2\/posts\/8352\/revisions\/8353"}],"wp:attachment":[{"href":"https:\/\/miradordeatarfe.es\/index.php?rest_route=%2Fwp%2Fv2%2Fmedia&parent=8352"}],"wp:term":[{"taxonomy":"category","embeddable":true,"href":"https:\/\/miradordeatarfe.es\/index.php?rest_route=%2Fwp%2Fv2%2Fcategories&post=8352"},{"taxonomy":"post_tag","embeddable":true,"href":"https:\/\/miradordeatarfe.es\/index.php?rest_route=%2Fwp%2Fv2%2Ftags&post=8352"}],"curies":[{"name":"wp","href":"https:\/\/api.w.org\/{rel}","templated":true}]}}