{"id":83521,"date":"2026-04-27T10:50:45","date_gmt":"2026-04-27T08:50:45","guid":{"rendered":"https:\/\/miradordeatarfe.es\/?p=83521"},"modified":"2026-04-27T13:29:03","modified_gmt":"2026-04-27T11:29:03","slug":"la-nueva-guardiola-por-remedios-sanchez","status":"publish","type":"post","link":"https:\/\/miradordeatarfe.es\/?p=83521","title":{"rendered":"\u00abLa nueva Guardiola\u00bb por Remedios S\u00e1nchez"},"content":{"rendered":"<h3 class=\"v-p\" style=\"text-align: justify;\">Dice Mar\u00eda Guardiola, nada m\u00e1s tomar posesi\u00f3n del cortijo extreme\u00f1o, que quiere llorar, gritar y divertirse.<\/h3>\n<p class=\"v-p\" style=\"text-align: justify;\">Lo de llorar y gritar lo va a tener <span class=\"paywall pw-open\">f\u00e1cil con sus socios, porque ocasiones no le van a faltar; lo de divertirse, no tanto, porque, de primeras, los vicese\u00f1oritos del reci\u00e9n elegido gobierno le han plantado en la cara esa cosa que ellos denominan &#8216;prioridad nacional&#8217; y que una mayor\u00eda de ciudadanos normales llamamos pegarnos un tiro en el pie. Porque, en una naci\u00f3n que ha sido hist\u00f3ricamente cuna de emigrantes y que ahora los necesita m\u00e1s que nunca para sostener el Estado del bienestar (por aquello de que alguien tendr\u00e1 que cotizar para pagar las pensiones del futuro en una sociedad tan envejecida como la nuestra), determinados planteamientos oscilan entre el racismo pertinaz y la ignorancia vergonzante.<\/span><\/p>\n<div class=\"paywall\" data-mrf-recirculation=\"Link art\u00edculos\">\n<p class=\"v-p\" style=\"text-align: justify;\">A m\u00ed Guardiola me parec\u00eda una se\u00f1ora sensata (casi cualquiera, frente al candidato que present\u00f3 el sanchismo, que es una cosa bien distinta del socialismo, resultaba razonable que saliera elegida); pero las malas compa\u00f1\u00edas, esos personajes que han empezado a rodearla como una guardia de corps sin que tenga otra opci\u00f3n que aguantar sus disparates anta\u00f1ones perfumados de naftalina, parece que van a modularle peligrosamente el discurso en un sentido que va no solo contra los intereses de su partido, sino tambi\u00e9n contra los de Espa\u00f1a. La complicaci\u00f3n ha comenzado al nombrarlos consejeros, pero el verdadero problema llegar\u00e1 cuando quiera aplicar medidas que conecten con posicionamientos centristas. Mayormente porque, aunque crea que va a poder dome\u00f1ar las ansias de destruir la convivencia, de no retornar al machismo recalcitrante o de no devolvernos a los tiempos del NO+DO que tanto reivindican Abascal y c\u00eda., sus posibilidades de lograrlo son nulas.<\/p>\n<p class=\"v-p\" style=\"text-align: justify;\">Y lo mismo va a suceder en Arag\u00f3n y en Castilla-Le\u00f3n: que nadie piense que la ultraderecha ha llegado al poder y asumir\u00e1 lo que implica gestionar para todos, para sus votantes y para quienes no comparten postulados. En absoluto. Ellos tienen su hoja de ruta marcada por Abascal (ordeno y mando al antiguo estilo) y la van a cumplir punto por punto y medida por medida. La cuesti\u00f3n no es solo que partan de planteamientos \u2013posiblemente\u2013 inconstitucionales, sino que adem\u00e1s no son ni \u00e9ticos ni decentes. Pero do\u00f1a Mar\u00eda tampoco ha tenido elecci\u00f3n, porque ning\u00fan otro grupo (l\u00e9ase PSOE) ha dado una muestra de generosidad absteni\u00e9ndose para dejar gobernar a la lista m\u00e1s votada.<\/p>\n<p class=\"v-p\" style=\"text-align: justify;\">Evidentemente, no somos partidarios del &#8216;papeles para todos&#8217;; pero s\u00ed para quienes vengan con voluntad de integrarse, con las mismas ganas de trabajar y construir un futuro que tuvieron nuestros mayores cuando se marcharon a Suiza, a Alemania o a Francia. Ellos se fueron, con su maleta de cart\u00f3n y su paciencia infinita, a realizar trabajos que ni suizos, alemanes o franceses quer\u00edan o pod\u00edan desempe\u00f1ar. Y con su sudor y su esfuerzo, enriquecieron a esos pa\u00edses y se trajeron a la patria, esa que tanto nombran algunos en sus m\u00edtines, los ahorros para levantar, ladrillo a ladrillo, casas modestas que hoy han heredado sus hijos, algunos de ellos \u2013curiosamente\u2013 abonados a esta beligerancia extra\u00f1a contra los for\u00e1neos. Lo preocupante es que se nos ha olvidado qui\u00e9nes somos y de d\u00f3nde venimos. Que falte memoria y sobre ira. Que nos alejemos del sentido com\u00fan y apliquemos alegremente la intolerancia que es el signo identitario de los funestos radicalismos.<\/p>\n<p>FOTO: Mar\u00eda Guardiola y \u00d3scar Fern\u00e1ndez. https:\/\/www.redaccionmedica.com\/autonomias\/extremadura\/el-pp-gana-en-extremadura-con-una-sanidad-pendiente-de-vox-5392<\/p>\n<\/div>\n","protected":false},"excerpt":{"rendered":"<p>Dice Mar\u00eda Guardiola, nada m\u00e1s tomar posesi\u00f3n del cortijo extreme\u00f1o, que quiere llorar, gritar y&#8230;<\/p>\n","protected":false},"author":1,"featured_media":83522,"comment_status":"closed","ping_status":"closed","sticky":false,"template":"","format":"standard","meta":{"_coblocks_attr":"","_coblocks_dimensions":"","_coblocks_responsive_height":"","_coblocks_accordion_ie_support":"","jetpack_post_was_ever_published":false,"_jetpack_newsletter_access":"","_jetpack_dont_email_post_to_subs":false,"_jetpack_newsletter_tier_id":0,"_jetpack_memberships_contains_paywalled_content":false,"_jetpack_memberships_contains_paid_content":false,"footnotes":"","jetpack_publicize_message":"","jetpack_publicize_feature_enabled":true,"jetpack_social_post_already_shared":false,"jetpack_social_options":{"image_generator_settings":{"template":"highway","default_image_id":0,"enabled":false},"version":2}},"categories":[1161,44,7671,6914],"tags":[],"class_list":["post-83521","post","type-post","status-publish","format-standard","has-post-thumbnail","hentry","category-ciudadania","category-noticias-de-hoy","category-politica","category-opinion-de-reme-sanchez"],"jetpack_publicize_connections":[],"jetpack_featured_media_url":"https:\/\/i0.wp.com\/miradordeatarfe.es\/wp-content\/uploads\/2026\/04\/el-pp-gana-en-extremadura-con-una-sanidad-pendiente-de-vox-5392.jpg?fit=940%2C558&ssl=1","jetpack_likes_enabled":true,"jetpack_sharing_enabled":true,"_links":{"self":[{"href":"https:\/\/miradordeatarfe.es\/index.php?rest_route=\/wp\/v2\/posts\/83521","targetHints":{"allow":["GET"]}}],"collection":[{"href":"https:\/\/miradordeatarfe.es\/index.php?rest_route=\/wp\/v2\/posts"}],"about":[{"href":"https:\/\/miradordeatarfe.es\/index.php?rest_route=\/wp\/v2\/types\/post"}],"author":[{"embeddable":true,"href":"https:\/\/miradordeatarfe.es\/index.php?rest_route=\/wp\/v2\/users\/1"}],"replies":[{"embeddable":true,"href":"https:\/\/miradordeatarfe.es\/index.php?rest_route=%2Fwp%2Fv2%2Fcomments&post=83521"}],"version-history":[{"count":1,"href":"https:\/\/miradordeatarfe.es\/index.php?rest_route=\/wp\/v2\/posts\/83521\/revisions"}],"predecessor-version":[{"id":83523,"href":"https:\/\/miradordeatarfe.es\/index.php?rest_route=\/wp\/v2\/posts\/83521\/revisions\/83523"}],"wp:featuredmedia":[{"embeddable":true,"href":"https:\/\/miradordeatarfe.es\/index.php?rest_route=\/wp\/v2\/media\/83522"}],"wp:attachment":[{"href":"https:\/\/miradordeatarfe.es\/index.php?rest_route=%2Fwp%2Fv2%2Fmedia&parent=83521"}],"wp:term":[{"taxonomy":"category","embeddable":true,"href":"https:\/\/miradordeatarfe.es\/index.php?rest_route=%2Fwp%2Fv2%2Fcategories&post=83521"},{"taxonomy":"post_tag","embeddable":true,"href":"https:\/\/miradordeatarfe.es\/index.php?rest_route=%2Fwp%2Fv2%2Ftags&post=83521"}],"curies":[{"name":"wp","href":"https:\/\/api.w.org\/{rel}","templated":true}]}}