{"id":83530,"date":"2026-04-27T10:30:29","date_gmt":"2026-04-27T08:30:29","guid":{"rendered":"https:\/\/miradordeatarfe.es\/?p=83530"},"modified":"2026-04-27T09:54:24","modified_gmt":"2026-04-27T07:54:24","slug":"manzano-situa-las-elecciones-autonomicas-para-elegir-entre-mas-feminismo-o-negacionismo","status":"publish","type":"post","link":"https:\/\/miradordeatarfe.es\/?p=83530","title":{"rendered":"Manzano sit\u00faa las elecciones auton\u00f3micas para \u00abelegir entre m\u00e1s feminismo o negacionismo\u00bb"},"content":{"rendered":"<h2 class=\"v-a-sub-t \">La cabeza de lista del PSOE por Granada al Parlamento de Andaluc\u00eda ha participado en un encuentro de Igualdad, celebrado en Atarfe, donde han participado la candidata al Parlamento, Mar\u00eda \u00c1ngeles Prieto<\/h2>\n<p class=\"v-p\">La cabeza de lista del PSOE por Granada al Parlamento de Andaluc\u00eda, Olga Manzano, ha asegurado que en las elecciones andaluzas del 17M la ciudadan\u00eda <span class=\"paywall pw-open\">tendr\u00e1 que elegir entre \u00abm\u00e1s feminismo o negacionismo\u00bb, en un contexto el que, ha advertido, \u00ablos derechos de las mujeres est\u00e1n cuestionados por parte de la extrema derecha y la derecha extrema de Moreno Bonilla\u00bb.<\/span><\/p>\n<div class=\"paywall\" data-mrf-recirculation=\"Link art\u00edculos\">\n<p class=\"v-p\">Durante un encuentro de Igualdad, celebrado en Atarfe, y donde han participado la candidata al Parlamento, Mar\u00eda \u00c1ngeles Prieto, la alcaldesa Yolanda Fern\u00e1ndez y numerosas mujeres y hombres de distintas asociaciones, Manzano ha afirmado que el PSOE est\u00e1 \u00abvigilante\u00bb ante el escenario actual y ha reivindicado el papel del feminismo como motor de avance social. \u00abLas feministas somos hijas de una revoluci\u00f3n inacabada y las responsables de continuarla\u00bb, ha se\u00f1alado.<\/p>\n<p class=\"v-p\">En ese sentido, ha dejado claro que desde el PSOE \u00abno hay resignaci\u00f3n posible\u00bb frente a la desigualdad y la discriminaci\u00f3n que siguen sufriendo las mujeres. \u00abNo vamos a normalizar la violencia machista, que mata a mujeres y deja hu\u00e9rfanos a hijos e hijas, ni vamos a permanecer calladas ante el negacionismo que est\u00e1 detr\u00e1s del incremento de los cr\u00edmenes machistas\u00bb, ha enfatizado.<\/p>\n<p class=\"v-p\">Frente a ello, la candidata socialista ha defendido que su formaci\u00f3n cuenta con \u00abpropuestas y soluciones\u00bb para recuperar el liderazgo feminista de Andaluc\u00eda. \u00abQueremos devolver a nuestra comunidad a la vanguardia en igualdad entre mujeres y hombres, donde siempre ha estado\u00bb, ha apuntado.<\/p>\n<p class=\"v-p\">Entre las medidas de futuro planteadas, Manzano ha destacado el refuerzo de los servicios p\u00fablicos esenciales para la vida de las mujeres, como la coeducaci\u00f3n, la atenci\u00f3n a la dependencia y la salud sexual y reproductiva. Asimismo, ha apostado por la creaci\u00f3n de una Consejer\u00eda de Igualdad y Feminismo que garantice el cumplimiento de las leyes andaluzas en esta materia.<\/p>\n<p class=\"v-p\">\u00abNos jugamos mucho el pr\u00f3ximo 17 de mayo. Decidimos si avanzar en derechos con Mar\u00eda Jes\u00fas Montero o retroceder con el negacionismo que representa Moreno Bonilla\u00bb, ha concluido.<\/p>\n<p class=\"v-p\">Por su parte, la candidata Mar\u00eda \u00c1ngeles Prieto, ha explicado que la crisis sanitaria y los recortes de Moreno Bonilla afecta sobre todo a las mujeres, como es el caso de las afectadas por el fallo del cribado de c\u00e1ncer.<\/p>\n<p class=\"v-p\">\u00abMar\u00eda Jes\u00fas Montero es mujer y es m\u00e9dica, su compromiso cuando llegue a la presidencia de la Junta va a invertir 3.000 euros de m\u00e1s cada a\u00f1o para contratar a 18.000 profesionales m\u00e1s para reforzar la atenci\u00f3n primaria y reducir las listas de espera\u00bb, ha dicho, tras puntualizar que tambi\u00e9n se van a reducir los conciertos en la sanidad privada para reforzar la sanidad p\u00fablica.<\/p>\n<p class=\"v-p\">Igualmente, la alcaldesa Yolanda Fern\u00e1ndez ha apuntado al pr\u00f3ximo 17 de mayo como fecha para que las mujeres progresistas digan basta ya al negacionismo, el principal causante de la desigualdad y de los casos de violencia de g\u00e9nero. \u00abEstoy convencida de que esto pasar\u00e1\u00bb, ha incidido.<\/p>\n<p><strong>E. P.<\/strong><\/p>\n<p>FOTO: <span class=\"v-fc__t\">Olga Manzano, cabeza de lista socialista por Granada.<\/span> <span class=\"v-fc__p\">Ideal<\/span><\/p>\n<p>https:\/\/www.ideal.es\/granada\/manzano-situa-elecciones-autonomicas-elegir-feminismo-negacionismo-20260425142624-nt.html<\/p>\n<\/div>\n","protected":false},"excerpt":{"rendered":"<p>La cabeza de lista del PSOE por Granada al Parlamento de Andaluc\u00eda ha participado en&#8230;<\/p>\n","protected":false},"author":1,"featured_media":83532,"comment_status":"closed","ping_status":"closed","sticky":false,"template":"","format":"standard","meta":{"_coblocks_attr":"","_coblocks_dimensions":"","_coblocks_responsive_height":"","_coblocks_accordion_ie_support":"","jetpack_post_was_ever_published":false,"_jetpack_newsletter_access":"","_jetpack_dont_email_post_to_subs":false,"_jetpack_newsletter_tier_id":0,"_jetpack_memberships_contains_paywalled_content":false,"_jetpack_memberships_contains_paid_content":false,"footnotes":"","jetpack_publicize_message":"","jetpack_publicize_feature_enabled":true,"jetpack_social_post_already_shared":true,"jetpack_social_options":{"image_generator_settings":{"template":"highway","default_image_id":0,"enabled":false},"version":2}},"categories":[2,186,44,7671],"tags":[],"class_list":["post-83530","post","type-post","status-publish","format-standard","has-post-thumbnail","hentry","category-atarfe","category-instituciones","category-noticias-de-hoy","category-politica"],"jetpack_publicize_connections":[],"jetpack_featured_media_url":"https:\/\/i0.wp.com\/miradordeatarfe.es\/wp-content\/uploads\/2026\/04\/FOTO-Igualdad-20260425-kErD-U201927077127MkG-1200x840%40Ideal.webp?fit=1200%2C840&ssl=1","jetpack_likes_enabled":true,"jetpack_sharing_enabled":true,"_links":{"self":[{"href":"https:\/\/miradordeatarfe.es\/index.php?rest_route=\/wp\/v2\/posts\/83530","targetHints":{"allow":["GET"]}}],"collection":[{"href":"https:\/\/miradordeatarfe.es\/index.php?rest_route=\/wp\/v2\/posts"}],"about":[{"href":"https:\/\/miradordeatarfe.es\/index.php?rest_route=\/wp\/v2\/types\/post"}],"author":[{"embeddable":true,"href":"https:\/\/miradordeatarfe.es\/index.php?rest_route=\/wp\/v2\/users\/1"}],"replies":[{"embeddable":true,"href":"https:\/\/miradordeatarfe.es\/index.php?rest_route=%2Fwp%2Fv2%2Fcomments&post=83530"}],"version-history":[{"count":1,"href":"https:\/\/miradordeatarfe.es\/index.php?rest_route=\/wp\/v2\/posts\/83530\/revisions"}],"predecessor-version":[{"id":83531,"href":"https:\/\/miradordeatarfe.es\/index.php?rest_route=\/wp\/v2\/posts\/83530\/revisions\/83531"}],"wp:featuredmedia":[{"embeddable":true,"href":"https:\/\/miradordeatarfe.es\/index.php?rest_route=\/wp\/v2\/media\/83532"}],"wp:attachment":[{"href":"https:\/\/miradordeatarfe.es\/index.php?rest_route=%2Fwp%2Fv2%2Fmedia&parent=83530"}],"wp:term":[{"taxonomy":"category","embeddable":true,"href":"https:\/\/miradordeatarfe.es\/index.php?rest_route=%2Fwp%2Fv2%2Fcategories&post=83530"},{"taxonomy":"post_tag","embeddable":true,"href":"https:\/\/miradordeatarfe.es\/index.php?rest_route=%2Fwp%2Fv2%2Ftags&post=83530"}],"curies":[{"name":"wp","href":"https:\/\/api.w.org\/{rel}","templated":true}]}}