{"id":83533,"date":"2026-04-28T10:39:21","date_gmt":"2026-04-28T08:39:21","guid":{"rendered":"https:\/\/miradordeatarfe.es\/?p=83533"},"modified":"2026-04-27T20:40:24","modified_gmt":"2026-04-27T18:40:24","slug":"colegios-de-73-municipios-de-granada-tendran-cuatro-dias-sin-clase-por-el-primero-de-mayo-y-cruces","status":"publish","type":"post","link":"https:\/\/miradordeatarfe.es\/?p=83533","title":{"rendered":"Colegios de 73 municipios de Granada ( entre ellos Atarfe) tendr\u00e1n cuatro d\u00edas sin clase por el Primero de Mayo y Cruces"},"content":{"rendered":"<h2 class=\"subtitle-atom B-500-400-300-N B-525-400-300-N--md mb-3_5\">Las dos festividades, una local y otra nacional, vienen a arropar el primer fin de semana del mes.<\/h2>\n<p class=\"paragraph-atom B-510-400-550-N B-525-400-700-N--md paragraph_blur_0\"><a href=\"https:\/\/www.granadahoy.com\/tag\/educacion-granada\/\" data-mrf-recirculation=\"Enlace\" data-mrf-link=\"https:\/\/www.granadahoy.com\/tag\/educacion-granada\/\">Los centros educativos <\/a>de 73 localidades de la provincia de Granada se asoman a un largo fin de semana de cuatro d\u00edas sin clase con motivo de las festividades del <strong>Primero <\/strong>de Mayo y Cruces. Estos dos d\u00edas festivos y no lectivos coinciden con viernes y lunes, respectivamente, lo que propicia que se acumulen hasta cuatro d\u00edas sin clase.<\/p>\n<p class=\"paragraph-atom B-510-400-550-N B-525-400-700-N--md\">Los municipios que estar\u00e1n sin clase durante esos cuatro d\u00edas, del 1 de mayo, viernes, al 4, lunes, se reparten por toda la provincia. Es preciso puntualizar que todos los centros educativos de la provincia estar\u00e1n cerrados el 1 de Mayo por ser festivo <strong>nacional<\/strong>.<\/p>\n<p class=\"paragraph-atom B-510-400-550-N B-525-400-700-N--md\">No ocurre lo mismo con Cruces, que es festividad local y que \u00fanicamente se ha fijado como no lectivo en 73 localidades granadinas. Cada municipio puede fijar en sus respectivos calendarios las festividades locales como d\u00edas sin clase, como ocurre con estas <strong>Cruces<\/strong>. A mediados de mayo varios municipios granadinos tendr\u00e1n otra jornada sin clase con motivo de fiestas patronales, seg\u00fan los calendarios publicados en la <a href=\"https:\/\/www.juntadeandalucia.es\/educacion\/portales\/web\/educacion\" data-mrf-recirculation=\"Enlace\" data-mrf-link=\"https:\/\/www.juntadeandalucia.es\/educacion\/portales\/web\/educacion\">web de la Consejer\u00eda de Desarrollo Educativo y Formaci\u00f3n Profesional.<\/a><\/p>\n<h2 class=\"heading-atom B-600-500-200-N B-650-500-300-N--md heading\">Tres d\u00edas m\u00e1ximo<\/h2>\n<p class=\"paragraph-atom B-510-400-550-N B-525-400-700-N--md\">La normativa establece que los consejos escolares municipales y, en su defecto, los consejos escolares de centro podr\u00e1n determinar, hasta un <strong>m\u00e1ximo <\/strong>de tres d\u00edas como no lectivos a lo largo del curso, siempre que se cumplan el n\u00famero de d\u00edas lectivos establecidos normativamente para cada nivel de ense\u00f1anza.<\/p>\n<p class=\"paragraph-atom B-510-400-550-N B-525-400-700-N--md\">Estos d\u00edas son <strong>grabados <\/strong>en el sistema inform\u00e1tico S\u00e9neca y notificados con una antelaci\u00f3n m\u00ednima de 15 d\u00edas a la Delegaci\u00f3n provincial, para su supervisi\u00f3n por el Servicio de Inspecci\u00f3n Educativa.<\/p>\n<p class=\"paragraph-atom B-510-400-550-N B-525-400-700-N--md\">En el supuesto de que ninguna, una o las dos fiestas locales del municipio, establecidas por la Consejer\u00eda de la Junta de Andaluc\u00eda con competencia en materia de <strong>empleo <\/strong>y publicadas en el BOJA, coincidan con el periodo lectivo fijado en este Calendario Provincial, los Consejos Escolares Municipales o los de Centro, podr\u00e1n fijar como no lectivos tres d\u00edas, dos d\u00edas o un d\u00eda, respectivamente.<\/p>\n<p><a class=\"author-content-name A-300-700-500-N\" href=\"https:\/\/www.granadahoy.com\/arantxa_asensio\/\" data-mrf-link=\"https:\/\/www.granadahoy.com\/arantxa_asensio\/\">Arantxa Asensio <\/a><\/p>\n<figure class=\"image\"><figcaption class=\"figcaption-atom caption A-200-300-500-N color-neutral500\"><span class=\"text\">FOTO: Aula de un centro educativo.<\/span> \/ <span class=\"signature color-neutral900 tt-u\">Archivo<\/span><\/figcaption><\/figure>\n<footer class=\"footer\">\n<div>\u00a0<\/div>\n<div class=\"author-content\">https:\/\/www.granadahoy.com\/granada\/colegios-granada-sin-clase-primero-mayo-cruces_0_2006583280.html#goog_rewarded<\/div>\n<\/footer>\n<h2 class=\"heading-atom B-600-500-200-N B-650-500-300-N--md heading\">Listado<\/h2>\n<p class=\"paragraph-atom B-510-400-550-N B-525-400-700-N--md\">En esta ocasi\u00f3n, han fijado como festivo el 4 de mayo los municipios de:<\/p>\n<ul class=\"list-atom ul left left\" data-mrf-recirculation=\"Listado\">\n<li class=\"B-510-400-550-N B-525-400-700-N--md\">Albolote<\/li>\n<li class=\"B-510-400-550-N B-525-400-700-N--md\">Alfacar<\/li>\n<li class=\"B-510-400-550-N B-525-400-700-N--md\">Alhama de Granada<\/li>\n<li class=\"B-510-400-550-N B-525-400-700-N--md\">Alhend\u00edn<\/li>\n<li class=\"B-510-400-550-N B-525-400-700-N--md\">Arenas del Rey<\/li>\n<li class=\"B-510-400-550-N B-525-400-700-N--md\"><strong>Atarfe<\/strong><\/li>\n<li class=\"B-510-400-550-N B-525-400-700-N--md\">Baza<\/li>\n<li class=\"B-510-400-550-N B-525-400-700-N--md\">Beas de Granada<\/li>\n<li class=\"B-510-400-550-N B-525-400-700-N--md\">Benal\u00faa de las Villas<\/li>\n<li class=\"B-510-400-550-N B-525-400-700-N--md\">C\u00e1diar<\/li>\n<li class=\"B-510-400-550-N B-525-400-700-N--md\">C\u00e1jar<\/li>\n<li class=\"B-510-400-550-N B-525-400-700-N--md\">Calicasas<\/li>\n<li class=\"B-510-400-550-N B-525-400-700-N--md\">Castril<\/li>\n<li class=\"B-510-400-550-N B-525-400-700-N--md\">Chauchina<\/li>\n<li class=\"B-510-400-550-N B-525-400-700-N--md\">Chimeneas<\/li>\n<li class=\"B-510-400-550-N B-525-400-700-N--md\">Churriana de la Vega<\/li>\n<li class=\"B-510-400-550-N B-525-400-700-N--md\">Cijuela<\/li>\n<li class=\"B-510-400-550-N B-525-400-700-N--md\">Cogollos Vega<\/li>\n<li class=\"B-510-400-550-N B-525-400-700-N--md\">Cortes de Baza<\/li>\n<li class=\"B-510-400-550-N B-525-400-700-N--md\">Cortes y Graena<\/li>\n<li class=\"B-510-400-550-N B-525-400-700-N--md\">Cuevas del Campo<\/li>\n<li class=\"B-510-400-550-N B-525-400-700-N--md\">C\u00fallar<\/li>\n<li class=\"B-510-400-550-N B-525-400-700-N--md\">Dehesas Viejas<\/li>\n<li class=\"B-510-400-550-N B-525-400-700-N--md\">Diezma<\/li>\n<li class=\"B-510-400-550-N B-525-400-700-N--md\">D\u00edlar<\/li>\n<li class=\"B-510-400-550-N B-525-400-700-N--md\">Domingo P\u00e9rez<\/li>\n<li class=\"B-510-400-550-N B-525-400-700-N--md\">D\u00farcal<\/li>\n<li class=\"B-510-400-550-N B-525-400-700-N--md\">Esc\u00fazar<\/li>\n<li class=\"B-510-400-550-N B-525-400-700-N--md\">Fuente Vaqueros<\/li>\n<li class=\"B-510-400-550-N B-525-400-700-N--md\">G\u00f3jar<\/li>\n<li class=\"B-510-400-550-N B-525-400-700-N--md\">Granada<\/li>\n<li class=\"B-510-400-550-N B-525-400-700-N--md\">Guadahortuna<\/li>\n<li class=\"B-510-400-550-N B-525-400-700-N--md\">Gualchos<\/li>\n<li class=\"B-510-400-550-N B-525-400-700-N--md\">G\u00fcev\u00e9jar<\/li>\n<li class=\"B-510-400-550-N B-525-400-700-N--md\">Hu\u00e9tor Santill\u00e1n<\/li>\n<li class=\"B-510-400-550-N B-525-400-700-N--md\">\u00cdtrabo<\/li>\n<li class=\"B-510-400-550-N B-525-400-700-N--md\">Jayena<\/li>\n<li class=\"B-510-400-550-N B-525-400-700-N--md\">Jun<\/li>\n<li class=\"B-510-400-550-N B-525-400-700-N--md\">La Peza<\/li>\n<li class=\"B-510-400-550-N B-525-400-700-N--md\">La Tah\u00e1<\/li>\n<li class=\"B-510-400-550-N B-525-400-700-N--md\">Lanjar\u00f3n<\/li>\n<li class=\"B-510-400-550-N B-525-400-700-N--md\">Las Gabias<\/li>\n<li class=\"B-510-400-550-N B-525-400-700-N--md\">Lecr\u00edn<\/li>\n<li class=\"B-510-400-550-N B-525-400-700-N--md\">Loja<\/li>\n<li class=\"B-510-400-550-N B-525-400-700-N--md\">Los Gu\u00e1jares<\/li>\n<li class=\"B-510-400-550-N B-525-400-700-N--md\">Monachil<\/li>\n<li class=\"B-510-400-550-N B-525-400-700-N--md\">Montefr\u00edo<\/li>\n<li class=\"B-510-400-550-N B-525-400-700-N--md\">Montillana<\/li>\n<li class=\"B-510-400-550-N B-525-400-700-N--md\">Morel\u00e1bor<\/li>\n<li class=\"B-510-400-550-N B-525-400-700-N--md\">Motril<\/li>\n<li class=\"B-510-400-550-N B-525-400-700-N--md\">Murtas<\/li>\n<li class=\"B-510-400-550-N B-525-400-700-N--md\">Nevada<\/li>\n<li class=\"B-510-400-550-N B-525-400-700-N--md\">N\u00edvar<\/li>\n<li class=\"B-510-400-550-N B-525-400-700-N--md\">Ot\u00edvar<\/li>\n<li class=\"B-510-400-550-N B-525-400-700-N--md\">Otura<\/li>\n<li class=\"B-510-400-550-N B-525-400-700-N--md\">Pinos Genil<\/li>\n<li class=\"B-510-400-550-N B-525-400-700-N--md\">P\u00ed\u00f1ar<\/li>\n<li class=\"B-510-400-550-N B-525-400-700-N--md\">Polopos<\/li>\n<li class=\"B-510-400-550-N B-525-400-700-N--md\">Pulianas<\/li>\n<li class=\"B-510-400-550-N B-525-400-700-N--md\">Purullena<\/li>\n<li class=\"B-510-400-550-N B-525-400-700-N--md\">Qu\u00e9ntar<\/li>\n<li class=\"B-510-400-550-N B-525-400-700-N--md\">Salar<\/li>\n<li class=\"B-510-400-550-N B-525-400-700-N--md\">Salobre\u00f1a<\/li>\n<li class=\"B-510-400-550-N B-525-400-700-N--md\">Santa Cruz del Comercio<\/li>\n<li class=\"B-510-400-550-N B-525-400-700-N--md\">Santa Fe<\/li>\n<li class=\"B-510-400-550-N B-525-400-700-N--md\">Sorvil\u00e1n<\/li>\n<li class=\"B-510-400-550-N B-525-400-700-N--md\">Trev\u00e9lez<\/li>\n<li class=\"B-510-400-550-N B-525-400-700-N--md\">V\u00e9lez de Benaudalla<\/li>\n<li class=\"B-510-400-550-N B-525-400-700-N--md\">Ventas de Huelma<\/li>\n<li class=\"B-510-400-550-N B-525-400-700-N--md\">Villanueva Mes\u00eda<\/li>\n<li class=\"B-510-400-550-N B-525-400-700-N--md\">V\u00edznar<\/li>\n<li class=\"B-510-400-550-N B-525-400-700-N--md\">Zafarraya<\/li>\n<li class=\"B-510-400-550-N B-525-400-700-N--md\">Zagra<\/li>\n<\/ul>\n<p class=\"paragraph-atom B-510-400-550-N B-525-400-700-N--md\">\u00a0<\/p>\n","protected":false},"excerpt":{"rendered":"<p>Las dos festividades, una local y otra nacional, vienen a arropar el primer fin de&#8230;<\/p>\n","protected":false},"author":1,"featured_media":83534,"comment_status":"closed","ping_status":"closed","sticky":false,"template":"","format":"standard","meta":{"_coblocks_attr":"","_coblocks_dimensions":"","_coblocks_responsive_height":"","_coblocks_accordion_ie_support":"","jetpack_post_was_ever_published":false,"_jetpack_newsletter_access":"","_jetpack_dont_email_post_to_subs":false,"_jetpack_newsletter_tier_id":0,"_jetpack_memberships_contains_paywalled_content":false,"_jetpack_memberships_contains_paid_content":false,"footnotes":"","jetpack_publicize_message":"","jetpack_publicize_feature_enabled":true,"jetpack_social_post_already_shared":true,"jetpack_social_options":{"image_generator_settings":{"template":"highway","default_image_id":0,"enabled":false},"version":2}},"categories":[187,1161,186,44],"tags":[],"class_list":["post-83533","post","type-post","status-publish","format-standard","has-post-thumbnail","hentry","category-centros-educativos","category-ciudadania","category-instituciones","category-noticias-de-hoy"],"jetpack_publicize_connections":[],"jetpack_featured_media_url":"https:\/\/i0.wp.com\/miradordeatarfe.es\/wp-content\/uploads\/2026\/04\/31d7a169-3368-4522-bd1f-b67bfe49003b_16-9-aspect-ratio_1600w_0.webp?fit=1600%2C900&ssl=1","jetpack_likes_enabled":true,"jetpack_sharing_enabled":true,"_links":{"self":[{"href":"https:\/\/miradordeatarfe.es\/index.php?rest_route=\/wp\/v2\/posts\/83533","targetHints":{"allow":["GET"]}}],"collection":[{"href":"https:\/\/miradordeatarfe.es\/index.php?rest_route=\/wp\/v2\/posts"}],"about":[{"href":"https:\/\/miradordeatarfe.es\/index.php?rest_route=\/wp\/v2\/types\/post"}],"author":[{"embeddable":true,"href":"https:\/\/miradordeatarfe.es\/index.php?rest_route=\/wp\/v2\/users\/1"}],"replies":[{"embeddable":true,"href":"https:\/\/miradordeatarfe.es\/index.php?rest_route=%2Fwp%2Fv2%2Fcomments&post=83533"}],"version-history":[{"count":3,"href":"https:\/\/miradordeatarfe.es\/index.php?rest_route=\/wp\/v2\/posts\/83533\/revisions"}],"predecessor-version":[{"id":83550,"href":"https:\/\/miradordeatarfe.es\/index.php?rest_route=\/wp\/v2\/posts\/83533\/revisions\/83550"}],"wp:featuredmedia":[{"embeddable":true,"href":"https:\/\/miradordeatarfe.es\/index.php?rest_route=\/wp\/v2\/media\/83534"}],"wp:attachment":[{"href":"https:\/\/miradordeatarfe.es\/index.php?rest_route=%2Fwp%2Fv2%2Fmedia&parent=83533"}],"wp:term":[{"taxonomy":"category","embeddable":true,"href":"https:\/\/miradordeatarfe.es\/index.php?rest_route=%2Fwp%2Fv2%2Fcategories&post=83533"},{"taxonomy":"post_tag","embeddable":true,"href":"https:\/\/miradordeatarfe.es\/index.php?rest_route=%2Fwp%2Fv2%2Ftags&post=83533"}],"curies":[{"name":"wp","href":"https:\/\/api.w.org\/{rel}","templated":true}]}}